{"id":112140,"date":"2021-02-27T08:29:55","date_gmt":"2021-02-27T13:29:55","guid":{"rendered":"https:\/\/linitiative.ca\/International\/le-vaste-plan-de-relance-biden-adopte-a-la-chambre-des-representants\/"},"modified":"2021-02-27T08:29:55","modified_gmt":"2021-02-27T13:29:55","slug":"le-vaste-plan-de-relance-biden-adopte-a-la-chambre-des-representants","status":"publish","type":"post","link":"https:\/\/linitiative.ca\/International\/le-vaste-plan-de-relance-biden-adopte-a-la-chambre-des-representants\/","title":{"rendered":"Le vaste plan de relance Biden adopt\u00e9 \u00e0 la Chambre des Repr\u00e9sentants"},"content":{"rendered":"<p class=\"rtejustify\">La Chambre am\u00e9ricaine des repr\u00e9sentants a approuv\u00e9 samedi le vaste plan de relance de 1.900 milliards de dollars voulu par Joe Biden gr\u00e2ce aux seules voix des d\u00e9mocrates, un premier cap crucial avant son examen au S\u00e9nat o\u00f9 la hausse du salaire minimum devrait \u00eatre abandonn\u00e9e.<\/p>\n<p class=\"rtejustify\">Apr\u00e8s des heures de d\u00e9bat, le projet de loi a \u00e9t\u00e9 adopt\u00e9 \u00e0 la chambre basse dans la nuit par 219 voix contre 212, les r\u00e9publicains d\u00e9non\u00e7ant des mesures trop co\u00fbteuses et mal cibl\u00e9es. Le texte sera transmis au S\u00e9nat la semaine prochaine.<\/p>\n<p class=\"rtejustify\">\u00a0<\/p>\n<p>Auteur: mbasraoui<br \/>\n<a href=\"https:\/\/www.leconomiste.com\/flash-infos\/le-vaste-plan-de-relance-biden-adopte-la-chambre-des-representants\">Cliquez ici pour lire l&rsquo;article depuis sa source.<\/a><\/p>\n","protected":false},"excerpt":{"rendered":"<p>La Chambre am\u00e9ricaine des repr\u00e9sentants a approuv\u00e9 samedi le vaste plan de relance de 1.900 milliards de dollars voulu par Joe Biden gr\u00e2ce aux seules voix des d\u00e9mocrates, un premier cap crucial avant son examen au S\u00e9nat o\u00f9 la hausse du salaire minimum devrait \u00eatre abandonn\u00e9e. Apr\u00e8s des heures de d\u00e9bat, le projet de loi [&hellip;]<\/p>\n","protected":false},"author":1763,"featured_media":0,"comment_status":"closed","ping_status":"closed","sticky":false,"template":"","format":"standard","meta":{"fifu_image_url":"","fifu_image_alt":"","footnotes":""},"categories":[78,54],"tags":[],"class_list":["post-112140","post","type-post","status-publish","format-standard","hentry","category-economie","category-maroc"],"_links":{"self":[{"href":"https:\/\/linitiative.ca\/International\/wp-json\/wp\/v2\/posts\/112140","targetHints":{"allow":["GET"]}}],"collection":[{"href":"https:\/\/linitiative.ca\/International\/wp-json\/wp\/v2\/posts"}],"about":[{"href":"https:\/\/linitiative.ca\/International\/wp-json\/wp\/v2\/types\/post"}],"author":[{"embeddable":true,"href":"https:\/\/linitiative.ca\/International\/wp-json\/wp\/v2\/users\/1763"}],"replies":[{"embeddable":true,"href":"https:\/\/linitiative.ca\/International\/wp-json\/wp\/v2\/comments?post=112140"}],"version-history":[{"count":0,"href":"https:\/\/linitiative.ca\/International\/wp-json\/wp\/v2\/posts\/112140\/revisions"}],"wp:attachment":[{"href":"https:\/\/linitiative.ca\/International\/wp-json\/wp\/v2\/media?parent=112140"}],"wp:term":[{"taxonomy":"category","embeddable":true,"href":"https:\/\/linitiative.ca\/International\/wp-json\/wp\/v2\/categories?post=112140"},{"taxonomy":"post_tag","embeddable":true,"href":"https:\/\/linitiative.ca\/International\/wp-json\/wp\/v2\/tags?post=112140"}],"curies":[{"name":"wp","href":"https:\/\/api.w.org\/{rel}","templated":true}]}}