{"id":112141,"date":"2021-02-27T11:20:48","date_gmt":"2021-02-27T16:20:48","guid":{"rendered":"https:\/\/linitiative.ca\/International\/sefrou-un-projet-de-recasement-menace-le-patrimoine\/"},"modified":"2021-02-27T11:20:48","modified_gmt":"2021-02-27T16:20:48","slug":"sefrou-un-projet-de-recasement-menace-le-patrimoine","status":"publish","type":"post","link":"https:\/\/linitiative.ca\/International\/sefrou-un-projet-de-recasement-menace-le-patrimoine\/","title":{"rendered":"Sefrou: Un projet de recasement menace le patrimoine"},"content":{"rendered":"<p class=\"rtejustify\">Un projet de recasement de 28 artisans dans la m\u00e9dina de Sefrou vient d&rsquo;\u00eatre suspendu par les autorit\u00e9s de la province. Initi\u00e9 dans le cadre de la lutte contre l&rsquo;exclusion en milieu urbain, ce projet d&rsquo;un investissement de l&rsquo;ordre de 340.000DH visait la d\u00e9molition d&rsquo;ateliers et la relocalisation de quelque 28 cordonniers (dont 8 femmes) dans un autre site.<\/p>\n<p class=\"rtejustify\">Or, l&rsquo;op\u00e9ration men\u00e9e avec l&rsquo;appui du conseil municipal n&rsquo;a pas associ\u00e9 le minist\u00e8re de la Culture et l&rsquo;Agence du bassin hydraulique de Sebou. Les responsables de ces deux entit\u00e9s ont \u00e9mis des requ\u00eates concernant les menaces d&rsquo;un chantier r\u00e9alis\u00e9 pr\u00e8s de la mosqu\u00e9e Chobbak et aux abords d&rsquo;une rivi\u00e8re.<\/p>\n<p class=\"rtejustify\">Ce qui a conduit la commission pr\u00e9sid\u00e9e par le gouverneur de la province de d\u00e9cider l&rsquo;arr\u00eat imm\u00e9diat du chantier\u00a0\u00bb.<\/p>\n<p class=\"rtejustify\"><em>Y.S.A<\/em><\/p>\n<p>Auteur: mbasraoui<br \/>\n<a href=\"https:\/\/www.leconomiste.com\/flash-infos\/sefrou-un-projet-de-recasement-menace-le-patrimoine\">Cliquez ici pour lire l&rsquo;article depuis sa source.<\/a><\/p>\n","protected":false},"excerpt":{"rendered":"<p>Un projet de recasement de 28 artisans dans la m\u00e9dina de Sefrou vient d&rsquo;\u00eatre suspendu par les autorit\u00e9s de la province. Initi\u00e9 dans le cadre de la lutte contre l&rsquo;exclusion en milieu urbain, ce projet d&rsquo;un investissement de l&rsquo;ordre de 340.000DH visait la d\u00e9molition d&rsquo;ateliers et la relocalisation de quelque 28 cordonniers (dont 8 femmes) [&hellip;]<\/p>\n","protected":false},"author":1763,"featured_media":0,"comment_status":"closed","ping_status":"closed","sticky":false,"template":"","format":"standard","meta":{"fifu_image_url":"","fifu_image_alt":"","footnotes":""},"categories":[78,54],"tags":[],"class_list":["post-112141","post","type-post","status-publish","format-standard","hentry","category-economie","category-maroc"],"_links":{"self":[{"href":"https:\/\/linitiative.ca\/International\/wp-json\/wp\/v2\/posts\/112141","targetHints":{"allow":["GET"]}}],"collection":[{"href":"https:\/\/linitiative.ca\/International\/wp-json\/wp\/v2\/posts"}],"about":[{"href":"https:\/\/linitiative.ca\/International\/wp-json\/wp\/v2\/types\/post"}],"author":[{"embeddable":true,"href":"https:\/\/linitiative.ca\/International\/wp-json\/wp\/v2\/users\/1763"}],"replies":[{"embeddable":true,"href":"https:\/\/linitiative.ca\/International\/wp-json\/wp\/v2\/comments?post=112141"}],"version-history":[{"count":0,"href":"https:\/\/linitiative.ca\/International\/wp-json\/wp\/v2\/posts\/112141\/revisions"}],"wp:attachment":[{"href":"https:\/\/linitiative.ca\/International\/wp-json\/wp\/v2\/media?parent=112141"}],"wp:term":[{"taxonomy":"category","embeddable":true,"href":"https:\/\/linitiative.ca\/International\/wp-json\/wp\/v2\/categories?post=112141"},{"taxonomy":"post_tag","embeddable":true,"href":"https:\/\/linitiative.ca\/International\/wp-json\/wp\/v2\/tags?post=112141"}],"curies":[{"name":"wp","href":"https:\/\/api.w.org\/{rel}","templated":true}]}}