{"id":112144,"date":"2021-02-27T10:30:00","date_gmt":"2021-02-27T15:30:00","guid":{"rendered":"https:\/\/linitiative.ca\/International\/des-frappes-en-syrie-tuent-22-miliciens-pro-iran\/"},"modified":"2021-02-27T10:30:00","modified_gmt":"2021-02-27T15:30:00","slug":"des-frappes-en-syrie-tuent-22-miliciens-pro-iran","status":"publish","type":"post","link":"https:\/\/linitiative.ca\/International\/des-frappes-en-syrie-tuent-22-miliciens-pro-iran\/","title":{"rendered":"Des frappes en Syrie  tuent 22 miliciens pro-Iran"},"content":{"rendered":"<p class=\"p1 c3\"><span class=\"c2\"><strong>Le Temps- Agences- Au moins 22 combattants ont \u00e9t\u00e9 tu\u00e9s dans des frappes am\u00e9ricaines visant des milices pro-iraniennes dans l&rsquo;Est de la Syrie, a rapport\u00e9 hier une ONG, premi\u00e8re op\u00e9ration militaire de l&rsquo;administration de Joe Biden d\u00e9cid\u00e9e en r\u00e9ponse aux r\u00e9centes attaques contre la pr\u00e9sence am\u00e9ricaine en Irak.<\/strong><\/span><\/p>\n<p class=\"p1 c4\"><span class=\"c2\">Qualifiant cette op\u00e9ration militaire de \u00ab\u00a0d\u00e9fensive\u00a0\u00bb, le porte-parole du minist\u00e8re de la D\u00e9fense am\u00e9ricain, John Kirby, a pr\u00e9cis\u00e9 que les frappes nocturnes avaient d\u00e9truit \u00ab\u00a0de multiples infrastructures situ\u00e9es \u00e0 un poste-fronti\u00e8re utilis\u00e9 par des milices soutenues par l&rsquo;Iran\u00a0\u00bb.<\/span><\/p>\n<p class=\"p1 c4\"><span class=\"c2\">\u00ab\u00a0Les frappes ont \u00e9t\u00e9 autoris\u00e9es en r\u00e9ponse aux attaques r\u00e9centes contre le personnel am\u00e9ricain et de la Coalition en Irak, et \u00e0 des menaces toujours en cours contre ce personnel\u00a0\u00bb, a-t-il pr\u00e9cis\u00e9 dans un communiqu\u00e9.<\/span><\/p>\n<p class=\"p1 c4\"><span class=\"c2\">Les raids ont vis\u00e9 deux factions de la puissante coalition de paramilitaires irakiens du Hachd al-Chaabi, Kataeb Hezbollah et Kataeb Sayyid al-Shuhada, d&rsquo;apr\u00e8s Washington.<\/span><\/p>\n<p class=\"p1 c4\"><span class=\"c2\">Frontalier de l&rsquo;Irak, l&rsquo;Est de la Syrie en guerre est domin\u00e9 par des milices pro-Iran, combattant au c\u00f4t\u00e9 du r\u00e9gime syrien. Les transferts d&rsquo;armes transfrontaliers sont monnaie courante et le secteur conna\u00eet r\u00e9guli\u00e8rement des frappes meurtri\u00e8res imput\u00e9es \u00e0 Isra\u00ebl, grand ennemi de T\u00e9h\u00e9ran.<\/span><\/p>\n<p class=\"p1 c4\"><span class=\"c2\">Une \u00ab\u00a0agression am\u00e9ricaine\u00a0\u00bb men\u00e9e par des \u00ab\u00a0raids a\u00e9riens a vis\u00e9 des secteurs \u00e0 la fronti\u00e8re syro-irakienne\u00a0\u00bb, a confirm\u00e9 vendredi la t\u00e9l\u00e9vision d&rsquo;Etat syrienne.<\/span><\/p>\n<p class=\"p1 c4\"><span class=\"c2\">Les frappes ont d\u00e9truit trois camions de munitions qui arrivaient d&rsquo;Irak au niveau d&rsquo;un poste-fronti\u00e8re ill\u00e9gal au sud de la ville syrienne de Boukamal, selon l&rsquo;Observatoire syrien des droits de l&rsquo;Homme (OSDH).<\/span><\/p>\n<p class=\"p1 c4\"><span class=\"c2\">\u00ab\u00a0Au moins 22 combattants de milices irakiennes pro-Iran ont p\u00e9ri, tous membres du Hachd al-Chaabi\u00a0\u00bb, a indiqu\u00e9 le directeur de l&rsquo;OSDH, Rami Abdel Rahmane.<\/span><\/p>\n<p class=\"p1 c4\"><span class=\"c2\">Tandis que le pr\u00e9sident Joe Biden attend un geste de T\u00e9h\u00e9ran avant de r\u00e9int\u00e9grer l&rsquo;accord historique dont Washington s&rsquo;est retir\u00e9 en 2018 sous Donald Trump, trois attaques ont \u00e9t\u00e9 imput\u00e9es en Irak \u00e0 des groupes arm\u00e9s pro-iraniens ces derniers jours, faisant au total deux morts et un bless\u00e9.<\/span><\/p>\n<p class=\"p1 c4\"><span class=\"c2\">Evoquant les frappes nocturnes en Syrie, le porte-parole du Pentagone a estim\u00e9 que \u00ab\u00a0l&rsquo;op\u00e9ration envoie un message sans ambigu\u00eft\u00e9: le pr\u00e9sident Biden prot\u00e9gera les forces am\u00e9ricaines et celles de la coalition\u00a0\u00bb.<\/span><\/p>\n<p class=\"p1 c4\"><span class=\"c2\">\u00ab\u00a0Cette r\u00e9ponse militaire proportionn\u00e9e a \u00e9t\u00e9 men\u00e9e en parall\u00e8le avec des mesures diplomatiques, notamment des consultations avec les partenaires de la coalition\u00a0\u00bb antijihadiste en Irak et Syrie, a assur\u00e9 M. Kirby.<\/span><\/p>\n<p class=\"p1 c4\"><span class=\"c2\">\u00ab\u00a0Nous avons agi de fa\u00e7on calcul\u00e9e, afin de calmer la situation dans l&rsquo;Est de la Syrie et en Irak\u00a0\u00bb, a-t-il estim\u00e9.<\/span><\/p>\n<p class=\"p1 c4\"><span class=\"c2\">Les frappes apparaissent comme un avertissement \u00e0 T\u00e9h\u00e9ran, qui pourrait \u00eatre tent\u00e9 d&rsquo;augmenter sa marge de manoeuvre en cas de n\u00e9gociations avec les Etats-Unis.<\/span><\/p>\n<p class=\"p1 c4\"><span class=\"c2\">\u00ab\u00a0Les Etats-Unis signalent que les activit\u00e9s r\u00e9gionales iraniennes ne seront pas tol\u00e9r\u00e9es pour le bien des discussions sur le nucl\u00e9aire\u00a0\u00bb, r\u00e9sume l&rsquo;analyste Dareen Khalifa, chercheuse au International Crisis Group (ICG), estimant que les raids ne sont pas annonciateurs d&rsquo;un \u00ab\u00a0durcissement\u00a0\u00bb am\u00e9ricain.<\/span><\/p>\n<p class=\"p1 c3\">\u00a0<\/p>\n<p class=\"p1 c4\"><span class=\"c2\">Si Kataeb Hezbollah n&rsquo;a pas revendiqu\u00e9 les derni\u00e8res attaques en Irak, le ministre am\u00e9ricain de la D\u00e9fense, Lloyd Austin, a assur\u00e9 que la puissante organisation pro-iranienne en \u00e9tait bien responsable.<\/span><\/p>\n<p>Auteur: letemps1<br \/>\n<a href=\"http:\/\/www.letemps.com.tn\/article\/119493\/des-frappes-en-syrie-tuent-22-miliciens-pro-iran\">Cliquez ici pour lire l&rsquo;article depuis sa source.<\/a><\/p>\n","protected":false},"excerpt":{"rendered":"<p>Le Temps- Agences- Au moins 22 combattants ont \u00e9t\u00e9 tu\u00e9s dans des frappes am\u00e9ricaines visant des milices pro-iraniennes dans l&rsquo;Est de la Syrie, a rapport\u00e9 hier une ONG, premi\u00e8re op\u00e9ration militaire de l&rsquo;administration de Joe Biden d\u00e9cid\u00e9e en r\u00e9ponse aux r\u00e9centes attaques contre la pr\u00e9sence am\u00e9ricaine en Irak. Qualifiant cette op\u00e9ration militaire de \u00ab\u00a0d\u00e9fensive\u00a0\u00bb, le [&hellip;]<\/p>\n","protected":false},"author":1773,"featured_media":0,"comment_status":"closed","ping_status":"closed","sticky":false,"template":"","format":"standard","meta":{"fifu_image_url":"","fifu_image_alt":"","footnotes":""},"categories":[73,55],"tags":[],"class_list":["post-112144","post","type-post","status-publish","format-standard","hentry","category-actualite","category-tunisie"],"_links":{"self":[{"href":"https:\/\/linitiative.ca\/International\/wp-json\/wp\/v2\/posts\/112144","targetHints":{"allow":["GET"]}}],"collection":[{"href":"https:\/\/linitiative.ca\/International\/wp-json\/wp\/v2\/posts"}],"about":[{"href":"https:\/\/linitiative.ca\/International\/wp-json\/wp\/v2\/types\/post"}],"author":[{"embeddable":true,"href":"https:\/\/linitiative.ca\/International\/wp-json\/wp\/v2\/users\/1773"}],"replies":[{"embeddable":true,"href":"https:\/\/linitiative.ca\/International\/wp-json\/wp\/v2\/comments?post=112144"}],"version-history":[{"count":0,"href":"https:\/\/linitiative.ca\/International\/wp-json\/wp\/v2\/posts\/112144\/revisions"}],"wp:attachment":[{"href":"https:\/\/linitiative.ca\/International\/wp-json\/wp\/v2\/media?parent=112144"}],"wp:term":[{"taxonomy":"category","embeddable":true,"href":"https:\/\/linitiative.ca\/International\/wp-json\/wp\/v2\/categories?post=112144"},{"taxonomy":"post_tag","embeddable":true,"href":"https:\/\/linitiative.ca\/International\/wp-json\/wp\/v2\/tags?post=112144"}],"curies":[{"name":"wp","href":"https:\/\/api.w.org\/{rel}","templated":true}]}}