{"id":112145,"date":"2021-02-27T10:30:00","date_gmt":"2021-02-27T15:30:00","guid":{"rendered":"https:\/\/linitiative.ca\/International\/groupes-criminels-des-bandits-ou-boko-haram\/"},"modified":"2021-02-27T10:30:00","modified_gmt":"2021-02-27T15:30:00","slug":"groupes-criminels-des-bandits-ou-boko-haram","status":"publish","type":"post","link":"https:\/\/linitiative.ca\/International\/groupes-criminels-des-bandits-ou-boko-haram\/","title":{"rendered":"Groupes criminels, des \u00ab\u00a0bandits\u00a0\u00bb ou Boko Haram ?"},"content":{"rendered":"<p class=\"p1 c3\"><span class=\"c2\"><strong>Le Temps-Agences-Trois cent dix-sept adolescentes ont \u00e9t\u00e9 enlev\u00e9es apr\u00e8s l&rsquo;attaque de leur pensionnat dans la nuit de jeudi \u00e0 vendredi par des hommes arm\u00e9s dans le nord-ouest du Nigeria, a annonc\u00e9 hier, vendredi 26 f\u00e9vrier la police locale, qui pr\u00e9cise qu&rsquo;une op\u00e9ration de secours a \u00e9t\u00e9 lanc\u00e9e.<\/strong><\/span><\/p>\n<p class=\"p2 c4\">\u00a0<\/p>\n<p class=\"p3 c6\"><span class=\"c5\">A 1 heure du matin, des hommes arm\u00e9s sont arriv\u00e9s en voiture au coll\u00e8ge-lyc\u00e9e de Jangebe, dans l&rsquo;Etat de Zamfara, et ont envahi les dortoirs. Ils sont repartis avec des centaines de jeunes filles \u00e0 pied, selon les autorit\u00e9s locales. Une \u00e9quipe de forces de s\u00e9curit\u00e9 \u00ab\u00a0lourdement arm\u00e9e a \u00e9t\u00e9 envoy\u00e9e \u00e0 Jangebe pour appuyer l&rsquo;op\u00e9ration de sauvetage en cours sur les lieux o\u00f9 les \u00e9coli\u00e8res auraient \u00e9t\u00e9 emmen\u00e9es\u00a0\u00bb, a ajout\u00e9 la police.<\/span><\/p>\n<p class=\"p3 c6\"><span class=\"c5\">Ce rapt est le dernier d&rsquo;une s\u00e9rie d&rsquo;enl\u00e8vements d&rsquo;adolescents perp\u00e9tr\u00e9s dans le centre et le nord-ouest du Nigeria par des groupes criminels, appel\u00e9s localement des \u00ab\u00a0bandits\u00a0\u00bb, qui terrorisent la population, volent du b\u00e9tail et pillent les villages.<\/span><\/p>\n<p class=\"p3 c6\"><span class=\"c5\">La semaine derni\u00e8re, 42 enfants avaient \u00e9t\u00e9 enlev\u00e9s dans l&rsquo;Etat du Niger, dans le centre-ouest du Nigeria.<\/span><\/p>\n<p class=\"p3 c6\"><span class=\"c5\">Plus de 8 000 morts depuis 2011<\/span><\/p>\n<p class=\"p3 c6\"><span class=\"c5\">La semaine derni\u00e8re, 42 enfants ont \u00e9t\u00e9 enlev\u00e9s dans l&rsquo;Etat du Niger, dans le centre-ouest du Nigeria, et plus de 300 gar\u00e7ons avaient \u00e9galement \u00e9t\u00e9 enlev\u00e9s d\u00e9but d\u00e9cembre \u00e0 Kankara, dans l&rsquo;Etat de Katsina. Ces bandes criminelles sont motiv\u00e9es par l&rsquo;app\u00e2t du gain, mais certaines ont tiss\u00e9 des liens forts avec les groupes jihadistes pr\u00e9sents dans le nord-est du pays.<\/span><\/p>\n<p class=\"p3 c6\"><span class=\"c5\">Ces violences criminelles ont fait plus de 8 000 morts depuis 2011, et ont forc\u00e9 plus de 200 000 personnes \u00e0 fuir leur domicile, selon un rapport du groupe de r\u00e9flexion International Crisis Group (ICG) publi\u00e9 en mai 2020.<\/span><\/p>\n<p>Auteur: letemps1<br \/>\n<a href=\"http:\/\/www.letemps.com.tn\/article\/119494\/groupes-criminels-des-bandits-ou-boko-haram\">Cliquez ici pour lire l&rsquo;article depuis sa source.<\/a><\/p>\n","protected":false},"excerpt":{"rendered":"<p>Le Temps-Agences-Trois cent dix-sept adolescentes ont \u00e9t\u00e9 enlev\u00e9es apr\u00e8s l&rsquo;attaque de leur pensionnat dans la nuit de jeudi \u00e0 vendredi par des hommes arm\u00e9s dans le nord-ouest du Nigeria, a annonc\u00e9 hier, vendredi 26 f\u00e9vrier la police locale, qui pr\u00e9cise qu&rsquo;une op\u00e9ration de secours a \u00e9t\u00e9 lanc\u00e9e. \u00a0 A 1 heure du matin, des hommes [&hellip;]<\/p>\n","protected":false},"author":1773,"featured_media":0,"comment_status":"closed","ping_status":"closed","sticky":false,"template":"","format":"standard","meta":{"fifu_image_url":"","fifu_image_alt":"","footnotes":""},"categories":[73,55],"tags":[],"class_list":["post-112145","post","type-post","status-publish","format-standard","hentry","category-actualite","category-tunisie"],"_links":{"self":[{"href":"https:\/\/linitiative.ca\/International\/wp-json\/wp\/v2\/posts\/112145","targetHints":{"allow":["GET"]}}],"collection":[{"href":"https:\/\/linitiative.ca\/International\/wp-json\/wp\/v2\/posts"}],"about":[{"href":"https:\/\/linitiative.ca\/International\/wp-json\/wp\/v2\/types\/post"}],"author":[{"embeddable":true,"href":"https:\/\/linitiative.ca\/International\/wp-json\/wp\/v2\/users\/1773"}],"replies":[{"embeddable":true,"href":"https:\/\/linitiative.ca\/International\/wp-json\/wp\/v2\/comments?post=112145"}],"version-history":[{"count":0,"href":"https:\/\/linitiative.ca\/International\/wp-json\/wp\/v2\/posts\/112145\/revisions"}],"wp:attachment":[{"href":"https:\/\/linitiative.ca\/International\/wp-json\/wp\/v2\/media?parent=112145"}],"wp:term":[{"taxonomy":"category","embeddable":true,"href":"https:\/\/linitiative.ca\/International\/wp-json\/wp\/v2\/categories?post=112145"},{"taxonomy":"post_tag","embeddable":true,"href":"https:\/\/linitiative.ca\/International\/wp-json\/wp\/v2\/tags?post=112145"}],"curies":[{"name":"wp","href":"https:\/\/api.w.org\/{rel}","templated":true}]}}