{"id":112146,"date":"2021-02-27T10:30:00","date_gmt":"2021-02-27T15:30:00","guid":{"rendered":"https:\/\/linitiative.ca\/International\/leurope-sinquiete-les-usa-sestiment-en-avance\/"},"modified":"2021-02-27T10:30:00","modified_gmt":"2021-02-27T15:30:00","slug":"leurope-sinquiete-les-usa-sestiment-en-avance","status":"publish","type":"post","link":"https:\/\/linitiative.ca\/International\/leurope-sinquiete-les-usa-sestiment-en-avance\/","title":{"rendered":"L\u2019Europe s\u2019inqui\u00e8te, les USA s\u2019estiment \u00aben avance\u00bb"},"content":{"rendered":"<p class=\"p1 c3\"><span class=\"c2\"><strong>Le Temps-Agences-Le pr\u00e9sident am\u00e9ricain a estim\u00e9 que son pays avait plusieurs semaines d\u2019avance sur la vaccination contre le Covid-19, tandis que l\u2019Europe recommande le maintien des restrictions.<\/strong><\/span><\/p>\n<p class=\"p1 c4\"><span class=\"c2\">Si les \u00c9tats-Unis sont \u00aben avance de plusieurs semaines\u00bb, selon Joe Biden, sur leur programme de vaccination, \u00ables prochaines semaines vont demeurer difficiles sur le terrain des vaccins\u00bb, a pr\u00e9venu le pr\u00e9sident du Conseil europ\u00e9en, \u00e0 la veille d\u2019un G20 qui devrait se pencher vendredi sur l\u2019in\u00e9galit\u00e9 de l\u2019acc\u00e8s aux vaccins pour les pays pauvres, d\u00e9nonc\u00e9e avec force ces derni\u00e8res semaines par l\u2019ONU et l\u2019OMS.<\/span><\/p>\n<p class=\"p1 c4\"><span class=\"c2\">Avec plus de 2,5 millions de d\u00e9c\u00e8s du Covid-19 officiellement enregistr\u00e9s dans le monde depuis le d\u00e9but de la pand\u00e9mie, les dirigeants europ\u00e9ens ont appel\u00e9 \u00e0 \u00abmaintenir des restrictions fermes\u00bb et \u00e0 acc\u00e9l\u00e9rer les campagnes de vaccination pour faire face aux \u00abd\u00e9fis suppl\u00e9mentaires\u00bb pos\u00e9s par la propagation de variants plus contagieux.<\/span><\/p>\n<p class=\"p1 c4\"><span class=\"c2\">\u00abLa situation \u00e9pid\u00e9miologique demeure grave, et les nouveaux variants posent des d\u00e9fis suppl\u00e9mentaires. Nous devons en cons\u00e9quence maintenir des restrictions fermes tout en musclant nos efforts pour acc\u00e9l\u00e9rer les acheminements de vaccins\u00bb, ont d\u00e9clar\u00e9 les chefs d\u2019\u00c9tat et de gouvernement des Vingt-sept, \u00e0 l\u2019issue d\u2019un sommet en visioconf\u00e9rence.<\/span><\/p>\n<p class=\"p2 c5\">\u00a0<\/p>\n<p class=\"p3 c6\"><span class=\"c2\"><strong>\u00abVaccination mondiale<span class=\"Apple-converted-space\">\u00a0<\/span><\/strong><\/span><\/p>\n<p class=\"p3 c6\"><span class=\"c2\"><strong>et coordonn\u00e9e\u00bb<\/strong><\/span><\/p>\n<p class=\"p1 c4\"><span class=\"c2\">Le pr\u00e9sident du Conseil europ\u00e9en, Charles Michel, a averti que \u00ables prochaines semaines\u00bb demeureraient \u00abdifficiles sur le terrain de la vaccination\u00bb. La pr\u00e9sidente de la Commission europ\u00e9enne Ursula von der Leyen s\u2019est toutefois dite \u00aboptimiste\u00bb sur son objectif de vacciner 70% de la population adulte de l\u2019UE d\u2019ici \u00abla fin de l\u2019\u00e9t\u00e9\u00bb, \u00e0 la faveur de la forte augmentation attendue des livraisons des laboratoires.<\/span><\/p>\n<p class=\"p1 c4\"><span class=\"c2\">Quelques heures plus tard, le pr\u00e9sident Biden se f\u00e9licitait que les \u00c9tats-Unis soient \u00aben avance de plusieurs semaines\u00bb sur leur programme de vaccination. Il avait promis lors de son entr\u00e9e en fonction cent millions de doses administr\u00e9es en cent jours.<\/span><\/p>\n<p class=\"p1 c4\"><span class=\"c2\">\u00abJe suis l\u00e0 aujourd\u2019hui pour dire que nous sommes \u00e0 mi-chemin, avec 50 millions de doses en seulement 37 jours depuis que je suis devenu pr\u00e9sident\u00bb, a-t-il d\u00e9clar\u00e9. \u00abC\u2019est en avance de plusieurs semaines\u00bb. Pour autant, \u00abce n\u2019est pas le moment de baisser la garde\u00bb, a-t-il ajout\u00e9, demandant aux Am\u00e9ricains de continuer \u00e0 respecter les gestes barri\u00e8res.<\/span><\/p>\n<p class=\"p1 c4\"><span class=\"c2\">Washington a par ailleurs exhort\u00e9 jeudi les pays du G20 \u00e0 lancer une v\u00e9ritable campagne de vaccination mondiale et coordonn\u00e9e, pour \u00e9viter que les pays pauvres ne restent \u00e0 la tra\u00eene et freinent ainsi la reprise \u00e9conomique mondiale.<\/span><\/p>\n<p class=\"p1 c4\"><span class=\"c2\">\u00abContenir la pand\u00e9mie dans le monde est primordial pour une reprise \u00e9conomique robuste\u00bb, a r\u00e9sum\u00e9 la secr\u00e9taire au Tr\u00e9sor am\u00e9ricaine Janet Yellen dans une lettre publi\u00e9e \u00e0 l\u2019occasion de la r\u00e9union vendredi des grands argentiers du G20.<\/span><\/p>\n<p class=\"p2 c5\">\u00a0<\/p>\n<p class=\"p3 c6\"><span class=\"c2\"><strong>Priorit\u00e9 au Covid long<\/strong><\/span><\/p>\n<p class=\"p1 c4\"><span class=\"c2\">De son c\u00f4t\u00e9, le directeur de la branche europ\u00e9enne de l\u2019Organisation mondiale de la sant\u00e9 (OMS), Hans Kluge, a lanc\u00e9 un appel pour que les personnes souffrant de sympt\u00f4mes pendant une longue p\u00e9riode soient entendues. La question du \u00abCovid long\u00bb est \u00abune priorit\u00e9 claire pour l\u2019OMS, et de la plus haute importance. Cela doit l\u2019\u00eatre pour toutes les autorit\u00e9s sanitaires\u00bb, a insist\u00e9 Hans Kluge pendant une conf\u00e9rence de presse, d\u00e9plorant que ces sympt\u00f4mes de long terme se heurtent trop souvent \u00e0 \u00abde l\u2019incr\u00e9dulit\u00e9 ou \u00e0 un manque de compr\u00e9hension\u00bb. Sa demande intervient \u00e0 un moment o\u00f9 les autorit\u00e9s sanitaires sont focalis\u00e9es sur les campagnes de vaccination pour tenter de juguler la pand\u00e9mie.<\/span><\/p>\n<p class=\"p1 c4\"><span class=\"c2\">Vendredi, Hong Kong et la Cor\u00e9e du Sud doivent lancer leur campagne de vaccination.<\/span><\/p>\n<p class=\"p1 c4\"><span class=\"c2\">Et Cuba a annonc\u00e9 disposer de deux candidats vaccins qui ont suscit\u00e9 une \u00abpuissante r\u00e9ponse immunitaire\u00bb et seront soumis \u00e0 des essais cliniques de phase 3 \u00e0 partir du mois de mars.<\/span><\/p>\n<p class=\"p2 c5\">\u00a0<\/p>\n<p class=\"p3 c6\"><span class=\"c2\"><strong>50% de variant anglais en France<\/strong><\/span><\/p>\n<p class=\"p1 c4\"><span class=\"c2\">En France, le variant anglais, plus contagieux, \u00abconcerne d\u00e9sormais \u00e0 peu pr\u00e8s la moiti\u00e9 des personnes\u00bb contamin\u00e9es par le Covid, a d\u2019ailleurs annonc\u00e9 le Premier ministre Jean Castex, ce qui fait craindre une explosion \u00e9pid\u00e9mique. Il a annonc\u00e9 que vingt d\u00e9partements \u00e9taient plac\u00e9s sous \u00absurveillance renforc\u00e9e\u00bb en raison d\u2019une circulation accrue de l\u2019\u00e9pid\u00e9mie, et pourront faire l\u2019objet de mesures de confinements locaux \u00e0 partir du week-end du 6 mars si la situation continuait \u00e0 se d\u00e9grader.<\/span><\/p>\n<p class=\"p1 c3\">\u00a0<\/p>\n<p class=\"p1 c4\"><span class=\"c2\">Au Royaume-Uni en revanche, la situation s\u2019am\u00e9liore. Les autorit\u00e9s sanitaires britanniques ont d\u00e9cid\u00e9 jeudi d\u2019abaisser le niveau d\u2019alerte relatif \u00e0 la pand\u00e9mie de Covid-19, le risque de saturation des h\u00f4pitaux ayant \u00abrecul\u00e9\u00bb dans ce pays, soumis \u00e0 un s\u00e9v\u00e8re confinement depuis d\u00e9but janvier. De cinq, son maximum, le niveau d\u2019alerte passe \u00e0 quatre, ont d\u00e9clar\u00e9 dans un communiqu\u00e9 commun les chefs m\u00e9dicaux des quatre nations constitutives du pays (Angleterre, \u00c9cosse, Pays de Galles, Irlande du Nord).<\/span><\/p>\n<p>Auteur: letemps1<br \/>\n<a href=\"http:\/\/www.letemps.com.tn\/article\/119495\/l%E2%80%99europe-s%E2%80%99inqui%C3%A8te-les-usa-s%E2%80%99estiment-%C2%ABen-avance%C2%BB\">Cliquez ici pour lire l&rsquo;article depuis sa source.<\/a><\/p>\n","protected":false},"excerpt":{"rendered":"<p>Le Temps-Agences-Le pr\u00e9sident am\u00e9ricain a estim\u00e9 que son pays avait plusieurs semaines d\u2019avance sur la vaccination contre le Covid-19, tandis que l\u2019Europe recommande le maintien des restrictions. Si les \u00c9tats-Unis sont \u00aben avance de plusieurs semaines\u00bb, selon Joe Biden, sur leur programme de vaccination, \u00ables prochaines semaines vont demeurer difficiles sur le terrain des vaccins\u00bb, [&hellip;]<\/p>\n","protected":false},"author":1773,"featured_media":0,"comment_status":"closed","ping_status":"closed","sticky":false,"template":"","format":"standard","meta":{"fifu_image_url":"","fifu_image_alt":"","footnotes":""},"categories":[73,55],"tags":[],"class_list":["post-112146","post","type-post","status-publish","format-standard","hentry","category-actualite","category-tunisie"],"_links":{"self":[{"href":"https:\/\/linitiative.ca\/International\/wp-json\/wp\/v2\/posts\/112146","targetHints":{"allow":["GET"]}}],"collection":[{"href":"https:\/\/linitiative.ca\/International\/wp-json\/wp\/v2\/posts"}],"about":[{"href":"https:\/\/linitiative.ca\/International\/wp-json\/wp\/v2\/types\/post"}],"author":[{"embeddable":true,"href":"https:\/\/linitiative.ca\/International\/wp-json\/wp\/v2\/users\/1773"}],"replies":[{"embeddable":true,"href":"https:\/\/linitiative.ca\/International\/wp-json\/wp\/v2\/comments?post=112146"}],"version-history":[{"count":0,"href":"https:\/\/linitiative.ca\/International\/wp-json\/wp\/v2\/posts\/112146\/revisions"}],"wp:attachment":[{"href":"https:\/\/linitiative.ca\/International\/wp-json\/wp\/v2\/media?parent=112146"}],"wp:term":[{"taxonomy":"category","embeddable":true,"href":"https:\/\/linitiative.ca\/International\/wp-json\/wp\/v2\/categories?post=112146"},{"taxonomy":"post_tag","embeddable":true,"href":"https:\/\/linitiative.ca\/International\/wp-json\/wp\/v2\/tags?post=112146"}],"curies":[{"name":"wp","href":"https:\/\/api.w.org\/{rel}","templated":true}]}}