{"id":112147,"date":"2021-02-27T10:30:00","date_gmt":"2021-02-27T15:30:00","guid":{"rendered":"https:\/\/linitiative.ca\/International\/facebook-retablit-lacces-aux-contenus-dactualite-en-australie\/"},"modified":"2021-02-27T10:30:00","modified_gmt":"2021-02-27T15:30:00","slug":"facebook-retablit-lacces-aux-contenus-dactualite-en-australie","status":"publish","type":"post","link":"https:\/\/linitiative.ca\/International\/facebook-retablit-lacces-aux-contenus-dactualite-en-australie\/","title":{"rendered":"Facebook r\u00e9tablit l\u2019acc\u00e8s  aux contenus d\u2019actualit\u00e9 en Australie"},"content":{"rendered":"<p class=\"p1 c3\"><span class=\"c2\"><strong>Le Temps-Agences- Facebook a r\u00e9tabli hier l\u2019acc\u00e8s aux contenus d\u2019actualit\u00e9 pour ses utilisateurs australiens apr\u00e8s avoir conclu un accord avec le gouvernement sur une loi historique l\u2019obligeant, comme d\u2019autres g\u00e9ants de la Tech, \u00e0 r\u00e9mun\u00e9rer les m\u00e9dias.<\/strong><\/span><\/p>\n<p class=\"p1 c4\"><span class=\"c2\">Les pages Facebook des m\u00e9dias australiens pouvaient de nouveau \u00eatre actualis\u00e9es vendredi matin pour la premi\u00e8re fois en une semaine, depuis que le r\u00e9seau social avait bloqu\u00e9 la publication de liens vers des articles provenant de m\u00e9dias locaux ou internationaux en riposte \u00e0 un projet de loi visant \u00e0 r\u00e9guler les relations entre les m\u00e9dias traditionnels et les g\u00e9ants de la tech.<\/span><\/p>\n<p class=\"p1 c4\"><span class=\"c2\">Principaux vis\u00e9s, Facebook et Google avaient vivement r\u00e9agi au projet de loi, vot\u00e9 jeudi, et qui les oblige \u00e0 r\u00e9mun\u00e9rer les m\u00e9dias pour la reprise de leurs contenus.<\/span><\/p>\n<p class=\"p1 c4\"><span class=\"c2\">Pour \u00e9viter d\u2019\u00eatre sanctionn\u00e9, Google, qui avait un temps menac\u00e9 de suspendre son moteur de recherche en Australie, avait accept\u00e9 la semaine derni\u00e8re de verser des \u00absommes significatives\u00bb en contrepartie des contenus de groupes de presse australiens dont News Corp. de Rupert Murdoch et Nine Entertainment, les deux principaux.<\/span><\/p>\n<p class=\"p1 c4\"><span class=\"c2\">De son c\u00f4t\u00e9, Facebook, moins d\u00e9pendant des m\u00e9dias, \u00e9tait all\u00e9 jusqu\u2019\u00e0 bloquer temporairement les contenus d\u2019actualit\u00e9 pour manifester sa d\u00e9sapprobation. Plusieurs pages Facebook officielles de services de secours avaient aussi \u00e9t\u00e9 involontairement affect\u00e9es.<\/span><\/p>\n<p class=\"p2 c5\">\u00a0<\/p>\n<p class=\"p3 c6\"><span class=\"c2\"><strong>Machine arri\u00e8re<\/strong><\/span><\/p>\n<p class=\"p1 c4\"><span class=\"c2\">Face au toll\u00e9, Facebook avait finalement fait machine arri\u00e8re, scellant un accord de derni\u00e8re minute avec Canberra portant sur la r\u00e9mun\u00e9ration des m\u00e9dias pour leurs contenus diffus\u00e9s sur ses plateformes. Apr\u00e8s ce compromis, Facebook avait assur\u00e9 vouloir \u00abplus que jamais s\u2019associer avec des \u00e9diteurs de presse\u00bb, et s\u2019est engag\u00e9, comme Google, \u00e0 investir au niveau mondial \u00abau moins\u00bb 1 milliard de dollars dans les contenus d\u2019actualit\u00e9 sur les trois prochaines ann\u00e9es.<\/span><\/p>\n<p class=\"p1 c4\"><span class=\"c2\">Google a aussi promis de payer les \u00e9diteurs de presse afin d\u2019utiliser leurs contenus dans un nouvel outil baptis\u00e9 Google News Showcase, tout comme Facebook pour ceux qui appara\u00eetront dans \u00abNews\u00bb, un produit devant \u00eatre d\u00e9ploy\u00e9 dans les prochains mois en Australie.<\/span><\/p>\n<p class=\"p1 c3\">\u00a0<\/p>\n<p class=\"p1 c4\"><span class=\"c2\">La loi vot\u00e9e jeudi en Australie est consid\u00e9r\u00e9e comme la premi\u00e8re dans l\u2019\u00e2pre bataille que se livrent les g\u00e9ants de la tech et les autorit\u00e9s r\u00e9gulatrices nationales. Selon Canberra, elle doit permettre de garantir aux groupes de presse, en grandes difficult\u00e9s financi\u00e8res, \u00abune r\u00e9mun\u00e9ration \u00e9quitable en \u00e9change du contenu qu\u2019elles g\u00e9n\u00e8rent, contribuant ainsi \u00e0 soutenir le journalisme d\u2019int\u00e9r\u00eat public en Australie\u00bb.<\/span><\/p>\n<p>Auteur: letemps1<br \/>\n<a href=\"http:\/\/www.letemps.com.tn\/article\/119496\/facebook-r%C3%A9tablit-l%E2%80%99acc%C3%A8s-aux-contenus-d%E2%80%99actualit%C3%A9-en-australie\">Cliquez ici pour lire l&rsquo;article depuis sa source.<\/a><\/p>\n","protected":false},"excerpt":{"rendered":"<p>Le Temps-Agences- Facebook a r\u00e9tabli hier l\u2019acc\u00e8s aux contenus d\u2019actualit\u00e9 pour ses utilisateurs australiens apr\u00e8s avoir conclu un accord avec le gouvernement sur une loi historique l\u2019obligeant, comme d\u2019autres g\u00e9ants de la Tech, \u00e0 r\u00e9mun\u00e9rer les m\u00e9dias. Les pages Facebook des m\u00e9dias australiens pouvaient de nouveau \u00eatre actualis\u00e9es vendredi matin pour la premi\u00e8re fois en [&hellip;]<\/p>\n","protected":false},"author":1773,"featured_media":0,"comment_status":"closed","ping_status":"closed","sticky":false,"template":"","format":"standard","meta":{"fifu_image_url":"","fifu_image_alt":"","footnotes":""},"categories":[73,55],"tags":[],"class_list":["post-112147","post","type-post","status-publish","format-standard","hentry","category-actualite","category-tunisie"],"_links":{"self":[{"href":"https:\/\/linitiative.ca\/International\/wp-json\/wp\/v2\/posts\/112147","targetHints":{"allow":["GET"]}}],"collection":[{"href":"https:\/\/linitiative.ca\/International\/wp-json\/wp\/v2\/posts"}],"about":[{"href":"https:\/\/linitiative.ca\/International\/wp-json\/wp\/v2\/types\/post"}],"author":[{"embeddable":true,"href":"https:\/\/linitiative.ca\/International\/wp-json\/wp\/v2\/users\/1773"}],"replies":[{"embeddable":true,"href":"https:\/\/linitiative.ca\/International\/wp-json\/wp\/v2\/comments?post=112147"}],"version-history":[{"count":0,"href":"https:\/\/linitiative.ca\/International\/wp-json\/wp\/v2\/posts\/112147\/revisions"}],"wp:attachment":[{"href":"https:\/\/linitiative.ca\/International\/wp-json\/wp\/v2\/media?parent=112147"}],"wp:term":[{"taxonomy":"category","embeddable":true,"href":"https:\/\/linitiative.ca\/International\/wp-json\/wp\/v2\/categories?post=112147"},{"taxonomy":"post_tag","embeddable":true,"href":"https:\/\/linitiative.ca\/International\/wp-json\/wp\/v2\/tags?post=112147"}],"curies":[{"name":"wp","href":"https:\/\/api.w.org\/{rel}","templated":true}]}}