{"id":112152,"date":"2021-02-27T15:14:22","date_gmt":"2021-02-27T20:14:22","guid":{"rendered":"https:\/\/linitiative.ca\/International\/international-real-rivaldo-prend-la-defense-de-zidane\/"},"modified":"2021-02-27T15:14:22","modified_gmt":"2021-02-27T20:14:22","slug":"international-real-rivaldo-prend-la-defense-de-zidane","status":"publish","type":"post","link":"https:\/\/linitiative.ca\/International\/international-real-rivaldo-prend-la-defense-de-zidane\/","title":{"rendered":"International : Real : Rivaldo prend la d\u00e9fense de Zidane"},"content":{"rendered":"<div readability=\"32\">\n<p>Auteur : <span class=\"time\">samedi 27 f\u00e9vrier 2021 20:23<\/span><\/p>\n<\/div>\n<div id=\"post_core\" readability=\"54\">\n<p>Rivaldo a \u00e9t\u00e9 invit\u00e9 \u00e0 \u00e9voquer les dossiers menant \u00e0 Zin\u00e9dine Zidane, l&rsquo;entra\u00eeneur du Real Madrid. R\u00e9guli\u00e8rement critiqu\u00e9 ces derniers mois, le Fran\u00e7ais a toujours cru en son travail et en son \u00e9quipe. Alors que les Madril\u00e8nes rel\u00e8vent progressivement la t\u00eate, Rivaldo estime que Zin\u00e9dine Zidane est l&rsquo;homme de la situation.<\/p>\n<p>\u00ab\u00a0J\u2019ai vraiment du mal \u00e0 comprendre les critiques sur Zidane. Apr\u00e8s avoir gagn\u00e9 trois Ligues des Champions cons\u00e9cutives et avoir gagn\u00e9 une autre Liga apr\u00e8s tant de temps, il a d\u00e9montr\u00e9 qu\u2019il est un excellent entra\u00eeneur qui m\u00e9rite qu\u2019on ne doute pas de son travail\u00a0\u00bb, a ainsi confi\u00e9 le Ballon d&rsquo;Or 1999, qui souhaite faire le bilan en fin de saison.<\/p>\n<p>\u00ab\u00a0Zidane peut encore guider le Real vers une saison de succ\u00e8s s\u2019il continue \u00e0 d\u00e9velopper son travail si solide. Il est proche de la t\u00eate en Liga et il vient de gagner un match vital contre l\u2019Atalanta. La presse et le public devraient attendre la fin de saison avant d\u2019\u00e9valuer son travail\u00a0\u00bb, a-t-il ajout\u00e9 comme rapport\u00e9 par Goal.<\/p>\n<p><strong>Publi\u00e9 dans :<\/strong> <span>real madrid<\/span><\/p>\n<\/div>\n<p>Auteur:<br \/>\n<a href=\"http:\/\/www.lebuteur.com\/article\/detail?titre=real-rivaldo-prend-la-defense-de-zidane&#038;id=99218&#038;utm_source=feedburner&#038;utm_medium=feed&#038;utm_campaign=Feed%3A+GalerieFArtciles+%28Les+derniers+articles++-+lebuteur.com%29\">Cliquez ici pour lire l&rsquo;article depuis sa source.<\/a><\/p>\n","protected":false},"excerpt":{"rendered":"<p>Auteur : samedi 27 f\u00e9vrier 2021 20:23 Rivaldo a \u00e9t\u00e9 invit\u00e9 \u00e0 \u00e9voquer les dossiers menant \u00e0 Zin\u00e9dine Zidane, l&rsquo;entra\u00eeneur du Real Madrid. R\u00e9guli\u00e8rement critiqu\u00e9 ces derniers mois, le Fran\u00e7ais a toujours cru en son travail et en son \u00e9quipe. Alors que les Madril\u00e8nes rel\u00e8vent progressivement la t\u00eate, Rivaldo estime que Zin\u00e9dine Zidane est l&rsquo;homme [&hellip;]<\/p>\n","protected":false},"author":1738,"featured_media":0,"comment_status":"closed","ping_status":"closed","sticky":false,"template":"","format":"standard","meta":{"fifu_image_url":"\/\/cdn.lebuteur.com\/data\/images\/article\/thumbs\/large-real-rivaldo-prend-la-defense-de-zidane-e556f.jpg","fifu_image_alt":"International : Real : Rivaldo prend la d\u00e9fense de Zidane","footnotes":""},"categories":[53,75],"tags":[],"class_list":["post-112152","post","type-post","status-publish","format-standard","hentry","category-algerie","category-sport"],"_links":{"self":[{"href":"https:\/\/linitiative.ca\/International\/wp-json\/wp\/v2\/posts\/112152","targetHints":{"allow":["GET"]}}],"collection":[{"href":"https:\/\/linitiative.ca\/International\/wp-json\/wp\/v2\/posts"}],"about":[{"href":"https:\/\/linitiative.ca\/International\/wp-json\/wp\/v2\/types\/post"}],"author":[{"embeddable":true,"href":"https:\/\/linitiative.ca\/International\/wp-json\/wp\/v2\/users\/1738"}],"replies":[{"embeddable":true,"href":"https:\/\/linitiative.ca\/International\/wp-json\/wp\/v2\/comments?post=112152"}],"version-history":[{"count":0,"href":"https:\/\/linitiative.ca\/International\/wp-json\/wp\/v2\/posts\/112152\/revisions"}],"wp:attachment":[{"href":"https:\/\/linitiative.ca\/International\/wp-json\/wp\/v2\/media?parent=112152"}],"wp:term":[{"taxonomy":"category","embeddable":true,"href":"https:\/\/linitiative.ca\/International\/wp-json\/wp\/v2\/categories?post=112152"},{"taxonomy":"post_tag","embeddable":true,"href":"https:\/\/linitiative.ca\/International\/wp-json\/wp\/v2\/tags?post=112152"}],"curies":[{"name":"wp","href":"https:\/\/api.w.org\/{rel}","templated":true}]}}