{"id":112153,"date":"2021-02-27T04:51:21","date_gmt":"2021-02-27T09:51:21","guid":{"rendered":"https:\/\/linitiative.ca\/International\/marches-du-vendredi-apres-la-reprise-du-hirak-a-lest-le-peuple-reclame-le-changement-radical-du-regime\/"},"modified":"2021-02-27T04:51:21","modified_gmt":"2021-02-27T09:51:21","slug":"marches-du-vendredi-apres-la-reprise-du-hirak-a-lest-le-peuple-reclame-le-changement-radical-du-regime","status":"publish","type":"post","link":"https:\/\/linitiative.ca\/International\/marches-du-vendredi-apres-la-reprise-du-hirak-a-lest-le-peuple-reclame-le-changement-radical-du-regime\/","title":{"rendered":"Marches du vendredi apr\u00e8s la reprise du hirak \u00e0 l\u2019est : Le peuple r\u00e9clame le changement radical du r\u00e9gime"},"content":{"rendered":"<h4 class=\"title-14\"\/>\n<div class=\"featured_image\"><img loading=\"lazy\" decoding=\"async\" width=\"1372\" height=\"1029\" src=\"https:\/\/www.elwatan.com\/wp-content\/uploads\/2021\/02\/constantine0.jpg\" class=\"attachment-post-thumbnail size-post-thumbnail wp-post-image\" alt=\"\" srcset=\"https:\/\/www.elwatan.com\/wp-content\/uploads\/2021\/02\/constantine0.jpg 1372w, https:\/\/www.elwatan.com\/wp-content\/uploads\/2021\/02\/constantine0-300x225.jpg 300w, https:\/\/www.elwatan.com\/wp-content\/uploads\/2021\/02\/constantine0-768x576.jpg 768w, https:\/\/www.elwatan.com\/wp-content\/uploads\/2021\/02\/constantine0-1024x768.jpg 1024w, https:\/\/www.elwatan.com\/wp-content\/uploads\/2021\/02\/constantine0-1320x990.jpg 1320w\" sizes=\"auto, (max-width: 1372px) 100vw, 1372px\"\/><\/div>\n<p class=\"p4\"><em><span class=\"s3\"><strong>A l\u2019instar des autres wilayas du pays, les habitants des villes de l\u2019Est ont renou\u00e9 avec le hirak du vendredi en sortant en masse prendre part \u00e0 des marches attendues depuis pr\u00e8s d\u2019une ann\u00e9e.<\/strong><\/span><\/em><\/p>\n<p class=\"p4\"><span class=\"s3\"><strong>C<\/strong><\/span><span class=\"s3\">onstantine, place des Martyrs, 13h30. Ils \u00e9taient encore plus nombreux que le 22 f\u00e9vrier \u00e0 r\u00e9pondre \u00e0 l\u2019appel \u00e0 la marche de ce qui devait \u00eatre le 57<sup>e<\/sup> vendredi apr\u00e8s la reprise du hirak, qui a connu une tr\u00eave suite \u00e0 la pand\u00e9mie depuis la marche du 13 mars 2020, en d\u00e9pit des tentatives des \u00e9l\u00e9ments de la police pour disperser le premier groupe de manifestants devant le palais de la culture Mohamed El A\u00efd El Khalifa, au centre-ville.<\/span><\/p>\n<p class=\"p4\"><span class=\"s3\">Plus d\u00e9termin\u00e9s, ils ont commenc\u00e9 \u00e0 scander les slogans habituels du hirak, avant d\u2019entamer la marche. Vers 14h, leur nombre a \u00e9t\u00e9 multipli\u00e9, avec le retour des citoyens ayant quitt\u00e9 les pr\u00e9c\u00e9dentes marches apr\u00e8s l\u2019\u00e9lection pr\u00e9sidentielle et l\u2019installation de Abdelmadjid Tebboune.<\/span><\/p>\n<p class=\"p4\"><span class=\"s3\">Pourquoi revenir\u00a0? <em>\u00abAu d\u00e9but, une importante tranche de la soci\u00e9t\u00e9 s\u2019est demand\u00e9e pourquoi ne pas donner une chance \u00e0 ce pouvoir pour corriger ce qui a \u00e9t\u00e9 cass\u00e9. Cette tranche avait beaucoup d\u2019espoir apr\u00e8s les d\u00e9clarations du Pr\u00e9sident. Mais au fil des jours, avec le r\u00e9cent remaniement minist\u00e9riel et le retour des figures de l\u2019ancien r\u00e9gime, \u00e0 l\u2019instar de<\/em> <em>Boughazi et Boudjemaa, cela laisse comprendre qu\u2019on est en train de d\u00e9fier le peuple. Se d\u00e9barrasser des r\u00e9sidus de Bouteflika, est-ce si difficile\u00a0? Nous demandons qu\u2019ils partent tous\u00bb<\/em>, a d\u00e9clar\u00e9 un enseignant au lyc\u00e9e.<\/span><\/p>\n<p class=\"p4\"><span class=\"s3\">Son coll\u00e8gue poursuit : <em>\u00abTebboune a noy\u00e9 la lueur d\u2019espoir que les gens avaient pour cette nouvelle Alg\u00e9rie. La preuve se per\u00e7oit<\/em> <em>dans plusieurs r\u00e9alit\u00e9s que le peuple est en train de vivre, dont la r\u00e9tention de l\u2019information et la manipulation de la presse. Nous sommes toujours loin de la libert\u00e9 et \u00e7a s\u2019enpire.<\/em>\u00bb Pour sa part, Omar, un sexag\u00e9naire irr\u00e9ductible du hirak, estime que changer le r\u00e9gime est une n\u00e9cessit\u00e9 pour le d\u00e9veloppement de chaque nation, tout comme le changement du dressing personnel.<\/span><\/p>\n<p class=\"p4\"><span class=\"s3\"><em>\u00abAu d\u00e9but lorsqu\u2019on ach\u00e8te une nouvelle tenue, on la porte souvent avec joie. Mais avec le temps et pour se mettre en valeur devant nos voisins et amis, on se trouve oblig\u00e9 de changer nos vieux habits. Surtout si on a les moyens de le faire\u00bb,<\/em> a-t-il expliqu\u00e9, appelant le pouvoir \u00e0 \u00e9couter et comprendre le contenu des slogans qui r\u00e9clament un changement radical du r\u00e9gime.<\/span><\/p>\n<p class=\"p4\"><span class=\"s3\">D\u2019apr\u00e8s ses dires, la gouvernance n\u2019a pas donn\u00e9 de bons r\u00e9sultats pour cette nouvelle g\u00e9n\u00e9ration, qui revendique plus de libert\u00e9 et de droits qu\u2019auparavant. Des revendications qui ont \u00e9t\u00e9 reprises dans les marches de ce vendredi, comme c\u2019\u00e9tait le cas \u00e0 A\u00efn Be\u00efda, dans la wilaya d\u2019Oum El Bouaghi o\u00f9 les manifestants se sont donn\u00e9 le mot pour se rassembler sur l\u2019esplanade du square du 1<sup>er<\/sup>\u00a0Novembre, apr\u00e8s la pri\u00e8re, reprenant les slogans connus et reconnus. Les chefs de file invitent les manifestants \u00e0 entamer la marche.<\/span><\/p>\n<p class=\"p4\"><span class=\"s3\">La procession sillonne la rue Mohamed Khemisti, ex-boulevard de l\u2019Est, et arrive au rond-point du boulevard Mansouri, situ\u00e9 au nord du carr\u00e9 central. Apr\u00e8s une courte halte, la marche reprend, anim\u00e9e par les chants patriotiques. Les manifestants sont plus nombreux, car rejoints par d\u2019autres jeunes. Arriv\u00e9s au carrefour de la rue de Constantine, les marcheurs observent une autre halte, ponctu\u00e9e de slogans chant\u00e9s \u00e0 tue-t\u00eate. Ils promettent de revenir les vendredis prochains investir la rue et r\u00e9clamer le changement tant promis.<\/span><\/p>\n<p class=\"p4\"><span class=\"s3\">Chose revendiqu\u00e9e \u00e9galement par des centaines de partisans du hirak, qui ont r\u00e9investi, hier, les art\u00e8res principales de la ville de Skikda, redonnant ainsi un nouveau souffle \u00e0 ce mouvement populaire. Contrairement \u00e0 la manifestation du 22 f\u00e9vrier dernier, celle d\u2019hier a \u00e9t\u00e9 ponctu\u00e9e par la pr\u00e9sence plus ou moins importante des forces de l\u2019ordre, qui ont dress\u00e9 un cordon s\u00e9curitaire pr\u00e8s de la place du 1<sup>er<\/sup>\u00a0Novembre, en vue d\u2019emp\u00eacher les manifestants d\u2019emprunter l\u2019avenue Didouche Mourad.<\/span><\/p>\n<p class=\"p4\"><span class=\"s3\">Les hirakistes ont alors arpent\u00e9 les Arcades, longeant cette avenue pour se retrouver de nouveau non loin de la place de la Libert\u00e9 o\u00f9 ils parviendront \u00e0 briser le second cordon s\u00e9curitaire. Sans heurt, ils ont r\u00e9ussi par la suite \u00e0 continuer leur marche qui les m\u00e8nera jusqu\u2019\u00e0 l\u2019avenue des all\u00e9es du 20 Ao\u00fbt 1955.<br \/><\/span><\/p>\n<p class=\"p8\"><span class=\"s3\"><strong>Des arrestations \u00e0 Annaba et Jijel<\/strong><\/span><\/p>\n<p class=\"p7\"><span class=\"s3\">Jamais le cours de la R\u00e9volution \u00e0 Annaba n\u2019a \u00e9t\u00e9 aussi quadrill\u00e9 par les engins de la police qu\u2019il ne l\u2019a \u00e9t\u00e9 hier. Encore plus nombreux, les services de s\u00e9curit\u00e9, en uniforme ou en tenue civile, se sont positionn\u00e9s d\u00e8s la matin\u00e9e dans toutes les issues menant \u00e0 cette place publique. De 13h jusqu\u2019\u00e0 14h30, ils ont proc\u00e9d\u00e9 \u00e0 l\u2019arrestation de plusieurs citoyens, hommes et femmes, soup\u00e7onn\u00e9s de venir participer \u00e0 la marche.<\/span><\/p>\n<p class=\"p7\"><span class=\"s3\">Mais c\u2019\u00e9tait sans compter sur la fermet\u00e9 des hirakistes qui, vers 15h45, ont resurgi d\u2019un peu partout en scandant\u00a0: <em>\u00abDoula madania machi askaria !\u00bb<\/em> (Etat civil non militaire). Formant le noyau d\u2019un groupe, grossi au fur et \u00e0 mesure par l\u2019arriv\u00e9e de jeunes citoyens, ils ont investi totalement la rue. Un fait accompli, devant lequel les services de s\u00e9curit\u00e9 n\u2019ont pas voulu passer \u00e0 l\u2019affrontement.<\/span><\/p>\n<p class=\"p7\"><span class=\"s3\">Les m\u00eames faits ont \u00e9t\u00e9 v\u00e9cus \u00e0 Jijel, avec un impressionnant dispositif plac\u00e9 face au si\u00e8ge de la mairie, lieu de d\u00e9part de la marche, et sur l\u2019avenue Emir Abdelkader, sans pour autant emp\u00eacher la manifestation, durant laquelle certains manifestants ont \u00e9t\u00e9 arr\u00eat\u00e9s et conduits \u00e0 la premi\u00e8re s\u00fbret\u00e9 urbaine toute proche avant d\u2019\u00eatre transf\u00e9r\u00e9s vers le si\u00e8ge de la s\u00fbret\u00e9 de wilaya.<\/span><\/p>\n<p class=\"p7\"><span class=\"s3\">Les marcheurs, qui ont suivi le parcours habituel, ont d\u00e9nonc\u00e9 les arrestations et demand\u00e9 la lib\u00e9ration des d\u00e9tenus d\u2019opinion. Ils ont par ailleurs r\u00e9it\u00e9r\u00e9 la demande de l\u2019\u00e9dification d\u2019un Etat civil et d\u00e9ni\u00e9 toute l\u00e9gitimit\u00e9 au Pr\u00e9sident. Cette deuxi\u00e8me marche de la semaine, apr\u00e8s celle comm\u00e9morative du 22 f\u00e9vrier, a drain\u00e9 moins de monde que lundi du fait que beaucoup ont d\u00fb rebrousser chemin en voyant l\u2019important dispositif mis en place.<\/span><\/p>\n<p><span class=\"post-views-label\">Post Views:<\/span> <span class=\"post-views-count\">1\u00a0072<\/span><\/p>\n<p><br class=\"c2\"\/><\/p>\n<div class=\"ichhar-moneytagnative c5\" id=\"ichhar-359156847\">\n<p>Advertisements<\/p>\n<\/div>\n<p><br class=\"c2\"\/><br \/>\n<br class=\"c6\"\/><\/p>\n<p>Auteur: Anis Khecheba<br \/>\n<a href=\"https:\/\/www.elwatan.com\/edition\/actualite\/le-peuple-reclame-le-changement-radical-du-regime-27-02-2021\">Cliquez ici pour lire l&rsquo;article depuis sa source.<\/a><\/p>\n","protected":false},"excerpt":{"rendered":"<p>A l\u2019instar des autres wilayas du pays, les habitants des villes de l\u2019Est ont renou\u00e9 avec le hirak du vendredi en sortant en masse prendre part \u00e0 des marches attendues depuis pr\u00e8s d\u2019une ann\u00e9e. Constantine, place des Martyrs, 13h30. Ils \u00e9taient encore plus nombreux que le 22 f\u00e9vrier \u00e0 r\u00e9pondre \u00e0 l\u2019appel \u00e0 la marche [&hellip;]<\/p>\n","protected":false},"author":1743,"featured_media":0,"comment_status":"closed","ping_status":"closed","sticky":false,"template":"","format":"standard","meta":{"fifu_image_url":"https:\/\/www.elwatan.com\/wp-content\/uploads\/2021\/02\/constantine0.jpg","fifu_image_alt":"Marches du vendredi apr\u00e8s la reprise du hirak \u00e0 l\u2019est : Le peuple r\u00e9clame le changement radical du r\u00e9gime","footnotes":""},"categories":[73,53],"tags":[],"class_list":["post-112153","post","type-post","status-publish","format-standard","hentry","category-actualite","category-algerie"],"_links":{"self":[{"href":"https:\/\/linitiative.ca\/International\/wp-json\/wp\/v2\/posts\/112153","targetHints":{"allow":["GET"]}}],"collection":[{"href":"https:\/\/linitiative.ca\/International\/wp-json\/wp\/v2\/posts"}],"about":[{"href":"https:\/\/linitiative.ca\/International\/wp-json\/wp\/v2\/types\/post"}],"author":[{"embeddable":true,"href":"https:\/\/linitiative.ca\/International\/wp-json\/wp\/v2\/users\/1743"}],"replies":[{"embeddable":true,"href":"https:\/\/linitiative.ca\/International\/wp-json\/wp\/v2\/comments?post=112153"}],"version-history":[{"count":0,"href":"https:\/\/linitiative.ca\/International\/wp-json\/wp\/v2\/posts\/112153\/revisions"}],"wp:attachment":[{"href":"https:\/\/linitiative.ca\/International\/wp-json\/wp\/v2\/media?parent=112153"}],"wp:term":[{"taxonomy":"category","embeddable":true,"href":"https:\/\/linitiative.ca\/International\/wp-json\/wp\/v2\/categories?post=112153"},{"taxonomy":"post_tag","embeddable":true,"href":"https:\/\/linitiative.ca\/International\/wp-json\/wp\/v2\/tags?post=112153"}],"curies":[{"name":"wp","href":"https:\/\/api.w.org\/{rel}","templated":true}]}}