{"id":112154,"date":"2021-02-27T04:53:44","date_gmt":"2021-02-27T09:53:44","guid":{"rendered":"https:\/\/linitiative.ca\/International\/les-manifestants-exigent-une-rupture-totale-avec-le-systeme-a-bouira\/"},"modified":"2021-02-27T04:53:44","modified_gmt":"2021-02-27T09:53:44","slug":"les-manifestants-exigent-une-rupture-totale-avec-le-systeme-a-bouira","status":"publish","type":"post","link":"https:\/\/linitiative.ca\/International\/les-manifestants-exigent-une-rupture-totale-avec-le-systeme-a-bouira\/","title":{"rendered":"Les manifestants exigent une rupture totale avec le syst\u00e8me \u00e0 Bouira"},"content":{"rendered":"<h4 class=\"title-14\"\/>\n<div class=\"featured_image\"><img loading=\"lazy\" decoding=\"async\" width=\"4032\" height=\"3024\" src=\"https:\/\/www.elwatan.com\/wp-content\/uploads\/2021\/02\/IMG_0070.jpg\" class=\"attachment-post-thumbnail size-post-thumbnail wp-post-image\" alt=\"\" srcset=\"https:\/\/www.elwatan.com\/wp-content\/uploads\/2021\/02\/IMG_0070.jpg 4032w, https:\/\/www.elwatan.com\/wp-content\/uploads\/2021\/02\/IMG_0070-300x225.jpg 300w, https:\/\/www.elwatan.com\/wp-content\/uploads\/2021\/02\/IMG_0070-768x576.jpg 768w, https:\/\/www.elwatan.com\/wp-content\/uploads\/2021\/02\/IMG_0070-1024x768.jpg 1024w, https:\/\/www.elwatan.com\/wp-content\/uploads\/2021\/02\/IMG_0070-1320x990.jpg 1320w\" sizes=\"auto, (max-width: 4032px) 100vw, 4032px\"\/> <span class=\"featured-image-caption\">Photo : D. R.<\/span><\/div>\n<p class=\"p3\"><span class=\"s2\"><strong>C<\/strong><\/span><span class=\"s2\">ela avait \u00e9t\u00e9 important, lundi dernier, marquant la c\u00e9l\u00e9bration du deuxi\u00e8me anniversaire de l\u2019insurrection populaire du 22 F\u00e9vrier, mais cela l\u2019\u00e9tait encore plus hier \u00e0 la ville de Bouira.<\/span><\/p>\n<p class=\"p3\"><span class=\"s2\">Le dispositif policier imposant, d\u00e9ploy\u00e9 depuis les premi\u00e8res heures de la matin\u00e9e, a fini par c\u00e9der, lib\u00e9rant les voies aux dizaines de milliers de manifestants. En effet, une foule immense a sillonn\u00e9 dans le calme les principaux quartiers du chef-lieu de wilaya. La police a tent\u00e9 \u00e0 deux reprises d\u2019interdire aux citoyens d\u2019occuper la voie publique. Le cordon s\u00e9curitaire mis en place a \u00e9t\u00e9 forc\u00e9 par les manifestants, a-t-on constat\u00e9.<\/span><\/p>\n<p class=\"p4\"><span class=\"s2\">Reprenant les slogans traditionnels du hirak, les milliers de manifestants venus essentiellement des localit\u00e9s rurales de la wilaya et des cit\u00e9s de la ville ont exig\u00e9 encore une fois le d\u00e9part du syst\u00e8me et l\u2019\u00e9dification d\u2019un Etat de droit et de d\u00e9mocratie<em>.<\/em><\/span><\/p>\n<p class=\"p4\"><span class=\"s2\">Sur les pancartes d\u00e9ploy\u00e9es, on pouvait lire : \u00abSyst\u00e8me d\u00e9gage\u00bb, \u00abNul ne peut arr\u00eater un peuple sur le chemin de son destin\u00bb \u00abLa R\u00e9volution de peuple vaincra\u00bb, \u00abPour l\u2019\u00e9dification d\u2019un Etat de droit\u00bb, \u00abPersonne ne peut nous voler notre R\u00e9volution\u00bb et \u00abEtat civil, non militaire\u00bb<em>.<\/em> Il faut pr\u00e9ciser qu\u2019avant le d\u00e9but de la marche, les forces de s\u00e9curit\u00e9 ont op\u00e9r\u00e9 plusieurs arrestations.<\/span><\/p>\n<p class=\"p4\"><span class=\"s2\">Avant m\u00eame les premi\u00e8res lueurs du matin, des escadrons de fourgons blind\u00e9s de la Gendarmerie nationale et de la police \u00e9taient stationn\u00e9s aux diff\u00e9rents points de contr\u00f4le, situ\u00e9s sur la RN05 et des v\u00e9hicules de la police sur les art\u00e8res principales et dans les quartiers de la ville de Bouira. La place publique, tout comme \u00e0 proximit\u00e9 du square, \u00e9tait occup\u00e9e par les \u00e9l\u00e9ments anti\u00e9meute de la police.<\/span><\/p>\n<p class=\"p4\"><span class=\"s2\">En plus de cette mobilisation importante des services de s\u00e9curit\u00e9 suscitant des incompr\u00e9hensions, plusieurs fourgons ont \u00e9t\u00e9 stationn\u00e9s devant les \u00e9difices publics et le long de l\u2019itin\u00e9raire emprunt\u00e9 habituellement par les marcheurs, a-t-on constat\u00e9.<\/span><\/p>\n<p class=\"p4\"><span class=\"s2\">Une centaine de personnes a \u00e9t\u00e9 interpell\u00e9e par des agents de police.<\/span><\/p>\n<p class=\"p4\"><span class=\"s2\">Le d\u00e9ploiement des forces de s\u00e9curit\u00e9 et le mode op\u00e9ratoire mis en place ces derniers temps risquent de provoquer des situations difficiles \u00e0 g\u00e9n\u00e9rer. Les arrestations polici\u00e8res parfois cibl\u00e9es ne cessent de provoquer l\u2019ire des citoyens. A 15h30, la procession humaine continue de sillonner les rues et ne s\u2019est toujours pas dispers\u00e9e.<\/span><\/p>\n<p><span class=\"post-views-label\">Post Views:<\/span> <span class=\"post-views-count\">480<\/span><\/p>\n<p><br class=\"c2\"\/><\/p>\n<div class=\"ichhar-moneytagnative c5\" id=\"ichhar-1501243743\">\n<p>Advertisements<\/p>\n<\/div>\n<p><br class=\"c2\"\/><br \/>\n<br class=\"c6\"\/><\/p>\n<p>Auteur: Anis Khecheba<br \/>\n<a href=\"https:\/\/www.elwatan.com\/edition\/actualite\/les-manifestants-exigent-une-rupture-totale-avec-le-systeme-a-bouira-27-02-2021\">Cliquez ici pour lire l&rsquo;article depuis sa source.<\/a><\/p>\n","protected":false},"excerpt":{"rendered":"<p>Photo : D. R. Cela avait \u00e9t\u00e9 important, lundi dernier, marquant la c\u00e9l\u00e9bration du deuxi\u00e8me anniversaire de l\u2019insurrection populaire du 22 F\u00e9vrier, mais cela l\u2019\u00e9tait encore plus hier \u00e0 la ville de Bouira. Le dispositif policier imposant, d\u00e9ploy\u00e9 depuis les premi\u00e8res heures de la matin\u00e9e, a fini par c\u00e9der, lib\u00e9rant les voies aux dizaines de [&hellip;]<\/p>\n","protected":false},"author":1743,"featured_media":0,"comment_status":"closed","ping_status":"closed","sticky":false,"template":"","format":"standard","meta":{"fifu_image_url":"https:\/\/www.elwatan.com\/wp-content\/uploads\/2021\/02\/IMG_0070.jpg","fifu_image_alt":"Les manifestants exigent une rupture totale avec le syst\u00e8me \u00e0 Bouira","footnotes":""},"categories":[73,53],"tags":[],"class_list":["post-112154","post","type-post","status-publish","format-standard","hentry","category-actualite","category-algerie"],"_links":{"self":[{"href":"https:\/\/linitiative.ca\/International\/wp-json\/wp\/v2\/posts\/112154","targetHints":{"allow":["GET"]}}],"collection":[{"href":"https:\/\/linitiative.ca\/International\/wp-json\/wp\/v2\/posts"}],"about":[{"href":"https:\/\/linitiative.ca\/International\/wp-json\/wp\/v2\/types\/post"}],"author":[{"embeddable":true,"href":"https:\/\/linitiative.ca\/International\/wp-json\/wp\/v2\/users\/1743"}],"replies":[{"embeddable":true,"href":"https:\/\/linitiative.ca\/International\/wp-json\/wp\/v2\/comments?post=112154"}],"version-history":[{"count":0,"href":"https:\/\/linitiative.ca\/International\/wp-json\/wp\/v2\/posts\/112154\/revisions"}],"wp:attachment":[{"href":"https:\/\/linitiative.ca\/International\/wp-json\/wp\/v2\/media?parent=112154"}],"wp:term":[{"taxonomy":"category","embeddable":true,"href":"https:\/\/linitiative.ca\/International\/wp-json\/wp\/v2\/categories?post=112154"},{"taxonomy":"post_tag","embeddable":true,"href":"https:\/\/linitiative.ca\/International\/wp-json\/wp\/v2\/tags?post=112154"}],"curies":[{"name":"wp","href":"https:\/\/api.w.org\/{rel}","templated":true}]}}