{"id":112155,"date":"2021-02-27T04:55:23","date_gmt":"2021-02-27T09:55:23","guid":{"rendered":"https:\/\/linitiative.ca\/International\/premier-vendredi-du-hirak-version-2021-le-retour-se-confirme-a-bejaia\/"},"modified":"2021-02-27T04:55:23","modified_gmt":"2021-02-27T09:55:23","slug":"premier-vendredi-du-hirak-version-2021-le-retour-se-confirme-a-bejaia","status":"publish","type":"post","link":"https:\/\/linitiative.ca\/International\/premier-vendredi-du-hirak-version-2021-le-retour-se-confirme-a-bejaia\/","title":{"rendered":"Premier vendredi du hirak version 2021 : Le retour se confirme \u00e0 B\u00e9ja\u00efa"},"content":{"rendered":"<h4 class=\"title-14\"\/>\n<div class=\"featured_image\"><img loading=\"lazy\" decoding=\"async\" width=\"835\" height=\"430\" src=\"https:\/\/www.elwatan.com\/wp-content\/uploads\/2021\/02\/Bejaia.jpg\" class=\"attachment-post-thumbnail size-post-thumbnail wp-post-image\" alt=\"\" srcset=\"https:\/\/www.elwatan.com\/wp-content\/uploads\/2021\/02\/Bejaia.jpg 835w, https:\/\/www.elwatan.com\/wp-content\/uploads\/2021\/02\/Bejaia-300x154.jpg 300w, https:\/\/www.elwatan.com\/wp-content\/uploads\/2021\/02\/Bejaia-768x395.jpg 768w\" sizes=\"auto, (max-width: 835px) 100vw, 835px\"\/><\/div>\n<p class=\"p4\"><span class=\"s3\"><strong>Le \u00abhirak II\u00bb, post d\u00e9confinement, est lanc\u00e9, sans revoir son mode op\u00e9ratoire, au moment o\u00f9 les langues commencent \u00e0 se d\u00e9lier en invitant \u00e0 lui donner un prolongement politique pour le faire aboutir.<\/strong><\/span><\/p>\n<p class=\"p6\"><span class=\"s3\"><strong>L<\/strong><\/span>e mouvement populaire du 22 F\u00e9vrier est-il parti pour une nouvelle vague qui s\u2019\u00e9talera dans le temps\u00a0? Il y a bien une chance, ou un risque, c\u2019est selon le c\u00f4t\u00e9 dans lequel on se place, que cela puisse \u00eatre le cas.<\/p>\n<p class=\"p7\">A B\u00e9ja\u00efa, la mobilisation d\u2019hier n\u2019avait pas grand-chose \u00e0 envier \u00e0 celle de trois jours plus t\u00f4t, lorsque lundi des milliers de personnes ont march\u00e9 \u00e0 l\u2019occasion du deuxi\u00e8me anniversaire du hirak.<\/p>\n<p class=\"p7\">Hier, ils sont revenus avec autant d\u2019engagement, convaincus qu\u2019il y a urgence \u00e0 reprendre la rue. Le <em>\u00abhirak\u00a0II\u00bb,<\/em> post-d\u00e9-confinement, est lanc\u00e9, sans revoir son mode op\u00e9ratoire, au moment o\u00f9 les langues commencent \u00e0 se d\u00e9lier, invitant \u00e0 lui donner un prolongement politique pour le faire aboutir.<\/p>\n<p class=\"p7\">Ce que beaucoup d\u2019observateurs qualifiaient de retour du mouvement s\u2019est amorc\u00e9 le 16 f\u00e9vrier, lors de la grandiose marche de Kherrata, qui a pris un caract\u00e8re national. Le renouement de l\u2019esplanade de la Maison de la culture avec l\u2019ambiance des grandes foules s\u2019est confirm\u00e9 hier, avec les m\u00eames convulsions et en l\u2019absence du foisonnement habituel de pancartes et de banderoles.<\/p>\n<p class=\"p7\">La profusion de voix et de drapeaux suffisait pour dire aux tenants du pouvoir que rien n\u2019est r\u00e9gl\u00e9. <em>\u00abNous, nous avons dit que vous partirez\u00a0!\u00bb,<\/em> a-t-on cri\u00e9 dans l\u2019un des rares slogans dit en kabyle. 13h30, la mosqu\u00e9e d\u2019\u00e0 c\u00f4t\u00e9, El Kawtar, d\u00e9verse son flot de fid\u00e8les et qui d\u00e9butent la marche aux cris de l\u2019in\u00e9puisable <em>\u00abMadania machi askaria\u00a0!\u00bb<\/em> (Civil et non militaire) et du non moins insistant <em>\u00abL\u2019istiklal\u00a0!\u00bb<\/em> (L\u2019ind\u00e9pendance), lanc\u00e9s de l\u2019int\u00e9rieur m\u00eame de la mosqu\u00e9e. Au m\u00eame moment, ailleurs dans le pays, les m\u00eames slogans ont tonn\u00e9.<\/p>\n<p class=\"p7\">La police, qui s\u2019est positionn\u00e9e \u00e0 certains endroits de la ville, avait laiss\u00e9 planer le risque de r\u00e9primer la marche, ce qui n\u2019a pas eu lieu. Ses \u00e9l\u00e9ments, qui \u00e9taient stationn\u00e9s aux alentours de la Maison de la culture, se sont retir\u00e9s quelques instants avant l\u2019entame de la marche.<\/p>\n<p class=\"p7\">La manifestation a, malheureusement, d\u00e9but\u00e9 dans le m\u00eame d\u00e9ni de la r\u00e9alit\u00e9 de la crise sanitaire et de ses risques de contamination, malgr\u00e9 la campagne de sensibilisation lanc\u00e9e dans les r\u00e9seaux sociaux pour marcher avec le port du masque de protection.<\/p>\n<p class=\"p7\">Elle s\u2019est d\u00e9roul\u00e9e pacifiquement, sous le <em>\u00abregard\u00bb<\/em> de l\u2019h\u00e9licopt\u00e8re de la police qui reprend ainsi les airs pour <em>\u00abzoomer\u00bb<\/em> sur la mar\u00e9e humaine, qui s\u2019est donn\u00e9 rendez-vous pour vendredi prochain.<\/p>\n<p><span class=\"post-views-label\">Post Views:<\/span> <span class=\"post-views-count\">709<\/span><\/p>\n<p><br class=\"c2\"\/><\/p>\n<div class=\"ichhar-moneytagnative c5\" id=\"ichhar-2067621018\">\n<p>Advertisements<\/p>\n<\/div>\n<p><br class=\"c2\"\/><br \/>\n<br class=\"c6\"\/><\/p>\n<p>Auteur: Anis Khecheba<br \/>\n<a href=\"https:\/\/www.elwatan.com\/edition\/actualite\/le-retour-se-confirme-a-bejaia-27-02-2021\">Cliquez ici pour lire l&rsquo;article depuis sa source.<\/a><\/p>\n","protected":false},"excerpt":{"rendered":"<p>Le \u00abhirak II\u00bb, post d\u00e9confinement, est lanc\u00e9, sans revoir son mode op\u00e9ratoire, au moment o\u00f9 les langues commencent \u00e0 se d\u00e9lier en invitant \u00e0 lui donner un prolongement politique pour le faire aboutir. Le mouvement populaire du 22 F\u00e9vrier est-il parti pour une nouvelle vague qui s\u2019\u00e9talera dans le temps\u00a0? Il y a bien une [&hellip;]<\/p>\n","protected":false},"author":1743,"featured_media":0,"comment_status":"closed","ping_status":"closed","sticky":false,"template":"","format":"standard","meta":{"fifu_image_url":"https:\/\/www.elwatan.com\/wp-content\/uploads\/2021\/02\/Bejaia.jpg","fifu_image_alt":"Premier vendredi du hirak version 2021 : Le retour se confirme \u00e0 B\u00e9ja\u00efa","footnotes":""},"categories":[73,53],"tags":[],"class_list":["post-112155","post","type-post","status-publish","format-standard","hentry","category-actualite","category-algerie"],"_links":{"self":[{"href":"https:\/\/linitiative.ca\/International\/wp-json\/wp\/v2\/posts\/112155","targetHints":{"allow":["GET"]}}],"collection":[{"href":"https:\/\/linitiative.ca\/International\/wp-json\/wp\/v2\/posts"}],"about":[{"href":"https:\/\/linitiative.ca\/International\/wp-json\/wp\/v2\/types\/post"}],"author":[{"embeddable":true,"href":"https:\/\/linitiative.ca\/International\/wp-json\/wp\/v2\/users\/1743"}],"replies":[{"embeddable":true,"href":"https:\/\/linitiative.ca\/International\/wp-json\/wp\/v2\/comments?post=112155"}],"version-history":[{"count":0,"href":"https:\/\/linitiative.ca\/International\/wp-json\/wp\/v2\/posts\/112155\/revisions"}],"wp:attachment":[{"href":"https:\/\/linitiative.ca\/International\/wp-json\/wp\/v2\/media?parent=112155"}],"wp:term":[{"taxonomy":"category","embeddable":true,"href":"https:\/\/linitiative.ca\/International\/wp-json\/wp\/v2\/categories?post=112155"},{"taxonomy":"post_tag","embeddable":true,"href":"https:\/\/linitiative.ca\/International\/wp-json\/wp\/v2\/tags?post=112155"}],"curies":[{"name":"wp","href":"https:\/\/api.w.org\/{rel}","templated":true}]}}