{"id":112156,"date":"2021-02-27T04:57:16","date_gmt":"2021-02-27T09:57:16","guid":{"rendered":"https:\/\/linitiative.ca\/International\/hirak-le-retour\/"},"modified":"2021-02-27T04:57:16","modified_gmt":"2021-02-27T09:57:16","slug":"hirak-le-retour","status":"publish","type":"post","link":"https:\/\/linitiative.ca\/International\/hirak-le-retour\/","title":{"rendered":"Hirak, le retour"},"content":{"rendered":"<h4 class=\"title-14\">Vendredi de mobilisation \u00e0 travers plusieurs villes du pays<\/h4>\n<div class=\"featured_image\"><img loading=\"lazy\" decoding=\"async\" width=\"900\" height=\"862\" src=\"https:\/\/www.elwatan.com\/wp-content\/uploads\/2021\/02\/une-e1614428573409.jpg\" class=\"attachment-post-thumbnail size-post-thumbnail wp-post-image\" alt=\"\"\/> <span class=\"featured-image-caption\">Photo B. Souhil<\/span><\/div>\n<p class=\"p4\"><span class=\"s2\"><strong>Avec les marches d\u2019hier, le mouvement populaire enregistre son 57<sup>e<\/sup>\u00a0vendredi de mobilisation pour le changement. C\u2019\u00e9tait pr\u00e9visible apr\u00e8s la d\u00e9monstration populaire de lundi dernier, pour le 2<sup>e<\/sup>\u00a0anniversaire du hirak, et apr\u00e8s l\u2019action, m\u00eame r\u00e9prim\u00e9e, des \u00e9tudiants, ce mardi. Ainsi, apr\u00e8s une longue tr\u00eave, le hirak a repris officiellement \u00abson\u00bb vendredi.<\/strong><\/span><\/p>\n<p class=\"p4\"><span class=\"s2\"><strong>A<\/strong><\/span><span class=\"s2\">lger, 26 f\u00e9vrier 2021. Apr\u00e8s plus de 11 mois d\u2019interruption pour cause de tr\u00eave sanitaire, le hirak s\u2019est r\u00e9appropri\u00e9 la rue hier avec fracas. Le compteur s\u2019\u00e9tait arr\u00eat\u00e9 avant la tr\u00eave \u00e0 56 vendredis cons\u00e9cutifs, la derni\u00e8re marche \u00e0 Alger ayant \u00e9t\u00e9 observ\u00e9e le 13 mars 2020.<\/span><\/p>\n<p class=\"p7\"><span class=\"s2\">Avec la reprise d\u2019hier, le mouvement populaire enregistre ainsi son 57<sup>e<\/sup> vendredi de mobilisation pour le changement. C\u2019\u00e9tait pr\u00e9visible apr\u00e8s la d\u00e9monstration populaire de lundi dernier, pour le 2<sup>e<\/sup> anniversaire du mouvement, et apr\u00e8s l\u2019action, m\u00eame r\u00e9prim\u00e9e, des \u00e9tudiants, ce mardi.<\/span><\/p>\n<p class=\"p7\"><span class=\"s2\">Un important dispositif de police a \u00e9t\u00e9 d\u00e9ploy\u00e9 dans la capitale pour contrer les manifestants. Nous avons not\u00e9 cependant, en faisant un tour \u00e0 la mi-journ\u00e9e du haut de la rue Didouche Mourad jusqu\u2019au Square Port-Sa\u00efd, que le dispositif s\u00e9curitaire \u00e9tait relativement all\u00e9g\u00e9 sur certaines art\u00e8res.<\/span><\/p>\n<p class=\"p7\"><span class=\"s2\">Les fourgons de police \u00e9taient surtout concentr\u00e9s aux abords du Palais du peuple, et pr\u00e8s du si\u00e8ge r\u00e9gional du RCD ainsi qu\u2019en haut de la rue Victor Hugo. La place Audin et la Grande-Poste \u00e9taient comme d\u2019habitude, \u00e9troitement quadrill\u00e9es par plusieurs unit\u00e9s.<\/span><\/p>\n<p class=\"p7\"><span class=\"s2\">Nous avons m\u00eame remarqu\u00e9 la pr\u00e9sence d\u2019hommes en uniforme arborant le sigle \u00abBRB\u00bb, acronyme de Brigade de r\u00e9pression du banditisme. En revanche, sur la rue Asselah Hocine, la rampe Ben Boula\u00efd ou encore la rue Larbi Ben M\u2019hidi, la pr\u00e9sence polici\u00e8re \u00e9tait on ne peut plus discr\u00e8te, de m\u00eame qu\u2019au Square Port-Sa\u00efd.<\/span><\/p>\n<p class=\"p7\"><span class=\"s2\">L\u2019ambiance g\u00e9n\u00e9rale, en ce vendredi printanier, semblait m\u00eame assez d\u00e9tendue avant le d\u00e9but de la marche. Un calme prudent enveloppait la ville. Un confr\u00e8re nous a cependant signal\u00e9 des interpellations qui auraient \u00e9t\u00e9 op\u00e9r\u00e9es dans la matin\u00e9e.<\/span><\/p>\n<p class=\"p7\"><span class=\"s2\">Jusqu\u2019\u00e0 l\u2019heure de la pri\u00e8re, aucun mouvement de protestation ne s\u2019est manifest\u00e9. A l\u2019approche de la fin de l\u2019office religieux, les forces de l\u2019ordre se sont ru\u00e9es sur la rue Victor Hugo et boucl\u00e8rent le p\u00e9rim\u00e8tre de la mosqu\u00e9e Errahma, point de d\u00e9part des manifestations alg\u00e9roises. A un moment donn\u00e9, une dame s\u2019est approch\u00e9e d\u2019un groupe de journalistes, dont l\u2019auteur de ces lignes, et a demand\u00e9 aux reporters pr\u00e9sents quel organe ils repr\u00e9sentaient. Elle s\u2019est pr\u00e9sent\u00e9e comme commissaire de police officiant \u00e0 la cellule de communication de la s\u00fbret\u00e9 de da\u00efra de Baraki.<\/span><\/p>\n<p class=\"p7\"><span class=\"s2\">13h42. D\u00e8s la fin de la pri\u00e8re du vendredi, les premiers slogans du hirak fusent aux cris de \u00ab<em>Dawla madania machi askaria<\/em>\u00bb (Etat civil, pas militaire), \u00ab<em>Djaza\u00efr horra dimocratia<\/em>\u00bb (Alg\u00e9rie libre et d\u00e9mocratique), \u00ab<em>L\u2019istiqlal\u00a0!<\/em>\u00bb (L\u2019ind\u00e9pendance\u00a0!)\u2026 Les forces anti\u00e9meute se mettent diligemment en branle pour endiguer les vagues en furie. Un v\u00e9ritable mur bleu marine se dresse devant les hirakistes.<\/span><\/p>\n<p class=\"p7\"><span class=\"s2\">Le cort\u00e8ge des manifestants se trouvera rapidement scind\u00e9 en deux blocs, de part et d\u2019autre de la station de m\u00e9tro Khelifa Boukhalfa. Malgr\u00e9 l\u2019intervention muscl\u00e9e de la police, la foule donne \u00e9nergiquement de la voix, martelant \u00ab<em>Lib\u00e9rez l\u2019Alg\u00e9rie\u00a0!<\/em>\u00bb \u00ab<em>Ya h\u2019na ya entouma, maranache habssine<\/em>\u00bb (C\u2019est ou bien nous, ou bien vous.<\/span><\/p>\n<p class=\"p7\"><span class=\"s2\">On ne s\u2019arr\u00eatera pas), \u00ab<em>Pouvoir assassin\u00a0!<\/em>\u00bb\u2026 La mar\u00e9e humaine, de plus en plus dense, tente de briser le si\u00e8ge impos\u00e9 par les forces de l\u2019ordre. La police charge les frondeurs \u00e0 coups de matraque. Le bras de fer dure jusqu\u2019\u00e0 environ 14h05. La d\u00e9ferlante populaire finit par emporter les digues bleues. Et de se d\u00e9verser furieusement sur la rue Didouche. Cette fois, la police rend les armes. Il y avait simplement des camions qui barraient l\u2019ex-rue Michelet, \u00e0 hauteur de l\u2019agence Ooredoo.<\/span><\/p>\n<p class=\"p7\"><strong><span class=\"s2\">\u00abOn ne peut pas continuer \u00e0 vivre dans l\u2019indignit\u00e9\u00bb<\/span><\/strong><\/p>\n<p class=\"p8\"><span class=\"s2\">Les manifestants battent le pav\u00e9 en criant \u00e0 tue-t\u00eate\u00a0: \u00ab<em>Rana wellina bassitou bina<\/em>\u00bb (Nous sommes revenus, vous \u00eates perdus), \u00ab<em>Lebled bladna we endirou ra\u00efna<\/em>\u00bb (Ce pays est le n\u00f4tre et nous ferons ce qui nous pla\u00eet), \u00ab<em>Ma kan islami, ma kan ilmani, kayen issaba tassreq aynani<\/em>\u00bb (Il n\u2019y a ni islamiste ni la\u00efc, il n\u2019y a qu\u2019une bande de brigands qui vole au grand jour)\u2026<\/span><\/p>\n<p class=\"p7\"><span class=\"s2\">Sur l\u2019une des pancartes brandies, on pouvait lire\u00a0: \u00abEl Hirak houwa el hal\u00bb (Le hirak est la solution). Un autre \u00e9criteau proclame\u00a0: <em>\u00abLe hirak est une marche lib\u00e9ratrice\u00bb<\/em>. Un citoyen en est convaincu\u00a0: <em>\u00abLe vaccin le plus s\u00fbr et le plus efficace\u00a0: le hirak\u00bb, \u00e9crit-il. Meriem, une inconditionnelle des manifs, arbore ce message\u00a0: \u00abDiversifi\u00e9s id\u00e9ologiquement, divergents politiquement, unis contre la \u00eessaba\u00bb<\/em>. Une jeune manifestante parade pour sa part avec ce message\u00a0: \u00abL\u2019Etat des libert\u00e9s, un Etat fort\u00bb.<\/span><\/p>\n<p class=\"p7\"><span class=\"s2\">Un immense portrait \u00e0 l\u2019effigie de Ali La Pointe surplombait la foule. A hauteur du caf\u00e9 Les Capucines, le carr\u00e9 f\u00e9ministe est revenu lui aussi dans l\u2019ar\u00e8ne en entonnant ses hymnes habituels. D\u00e9tournant le fameux <em>Bella Ciao<\/em>, les militantes regroup\u00e9es autour de l\u2019extraordinaire Fadhila Chitour-Boumendjel chantent\u00a0: <em>\u00abQanoun el oussra, wel ounf wel hogra, yetnahaw ga3 !\u00bb<\/em> (Le code de la famille, la violence, l\u2019injustice, qu\u2019ils d\u00e9gagent tous\u00a0!).<\/span><\/p>\n<p class=\"p7\"><span class=\"s2\">A quelques pas de l\u00e0, Boumedi\u00e8ne, un hirakiste in\u00e9branlable venu de Kol\u00e9a, se saisit d\u2019un morceau de craie et griffonne sur une de ses ardoises embl\u00e9matiques\u00a0: \u00abOn d\u00e9nonce la brutalit\u00e9 polici\u00e8re\u00bb. \u00ab<em>Vous vous rendez compte que nous avons \u00e9t\u00e9 r\u00e9duits \u00e0 nous cacher, raser les murs et faire profil bas alors que ce sont eux qui ont pill\u00e9 et saccag\u00e9 ce pays\u00a0!<\/em>\u00bb s\u2019indigne Amar, un autre pilier du hirak, avant de lancer\u00a0: \u00ab<em>C\u2019est pour \u00e7a qu\u2019il devenait in\u00e9luctable que le hirak revienne<\/em>.\u00bb<\/span><\/p>\n<p class=\"p7\"><span class=\"s2\">Sabrina Zouaoui, juriste et militante au long cours, nous dira de son c\u00f4t\u00e9 combien il \u00e9tait significatif pour elle d\u2019\u00eatre pr\u00e9sente dans les manifs, ce vendredi, m\u00eame si le spectre de la pand\u00e9mie est toujours dans les esprits\u00a0: \u00ab<em>Il n\u2019\u00e9tait pas question que je reste \u00e0 la maison. Jamais de la vie\u00a0! Je suis sortie le 22 d\u00e9j\u00e0<\/em> (lundi dernier, ndlr)<em>. Et je continuerai \u00e0 sortir. Pour la pand\u00e9mie, on se prot\u00e8ge. On a fait campagne sur les r\u00e9seaux sociaux pour sensibiliser les gens sur le port du masque. Et l\u00e0, je vois plein de personnes qui portent un masque.<\/em>\u00bb<\/span><\/p>\n<p class=\"p7\"><span class=\"s2\">Et l\u2019ancienne membre du mouvement Barakat de marteler\u00a0: \u00ab<em>On ne peut pas continuer \u00e0 vivre dans l\u2019indignit\u00e9. La Covid, on ne sait pas quand est-ce qu\u2019elle va dispara\u00eetre. On ne peut pas continuer \u00e0 vivre tout en voyant des citoyens en train de se faire torturer dans les commissariats de police. \u00c7a serait l\u00e2che de notre part.\u00a0Donc, pour moi, comme pour beaucoup de monde, ce retour \u00e9tait in\u00e9vitable<\/em>.\u00bb<\/span><\/p>\n<p class=\"p7\"><span class=\"s2\">Pour Sabrina, le gouvernement a grandement profit\u00e9 de la tr\u00eave sanitaire de fa\u00e7on d\u00e9loyale\u00a0: <em>\u00abLe syst\u00e8me a profit\u00e9 de cette pand\u00e9mie de fa\u00e7on \u00e9hont\u00e9e. Il a exploit\u00e9 la conjoncture sanitaire pour museler les libert\u00e9s et la parole citoyenne.<\/em>\u00bb Sabrina Zouaoui consid\u00e8re, par ailleurs, qu\u2019il est <em>\u00abimp\u00e9ratif que le hirak s\u2019organise<\/em>\u00bb.<\/span><\/p>\n<p class=\"p7\"><span class=\"s2\">\u00ab<em>C\u2019est vrai que sortir dans la rue, c\u2019est tr\u00e8s important pour faire entendre notre voix. C\u2019est notre seul espace d\u2019expression. Nous nous sommes r\u00e9appropri\u00e9 l\u2019espace public, c\u2019est d\u00e9j\u00e0 un exploit. Mais \u00e0 un moment donn\u00e9, nous devons nous organiser dans un mouvement pour que nous puissions transmettre notre message d\u2019une mani\u00e8re officielle<\/em>\u00bb, estime-t-elle.<\/span><\/p>\n<p class=\"p7\"><span class=\"s2\">14h35. Des cort\u00e8ges de manifestants enflamm\u00e9s continuent d\u2019affluer, d\u00e9ferlant \u00e0 travers la rue Asselah Hocine en provenance de Bab El Oued en s\u2019\u00e9criant\u00a0: \u00ab<em>Rahoum djaw louled, Casbah Bab El Oued<\/em>\u00bb (Les jeunes de La Casbah et de Bab El Oued sont arriv\u00e9s), \u00ab<em>Fi Bab El Oued doula \u00e0 genoux<\/em>\u00bb (A Bab El Oued, le gouvernement est \u00e0 genoux). D\u2019autres flux convergent vers la Grande-Poste en provenance de la place du 1<sup>er<\/sup> Mai et des quartiers est. Ils sont \u00e0 pr\u00e9sent des milliers, en tout, \u00e0 faire trembler la capitale. Le hirak a repris magistralement \u00abson\u00bb vendredi, et rien ne semble d\u00e9sormais en mesure de l\u2019arr\u00eater.\u00a0<\/span><\/p>\n<p><span class=\"post-views-label\">Post Views:<\/span> <span class=\"post-views-count\">2\u00a0892<\/span><\/p>\n<p><br class=\"c2\"\/><\/p>\n<div class=\"ichhar-moneytagnative c5\" id=\"ichhar-2140966319\">\n<p>Advertisements<\/p>\n<\/div>\n<p><br class=\"c2\"\/><br \/>\n<br class=\"c6\"\/><\/p>\n<p>Auteur: Anis Khecheba<br \/>\n<a href=\"https:\/\/www.elwatan.com\/edition\/actualite\/nous-sommes-revenus-vous-etes-perdus-27-02-2021\">Cliquez ici pour lire l&rsquo;article depuis sa source.<\/a><\/p>\n","protected":false},"excerpt":{"rendered":"<p>Vendredi de mobilisation \u00e0 travers plusieurs villes du pays Photo B. Souhil Avec les marches d\u2019hier, le mouvement populaire enregistre son 57e\u00a0vendredi de mobilisation pour le changement. C\u2019\u00e9tait pr\u00e9visible apr\u00e8s la d\u00e9monstration populaire de lundi dernier, pour le 2e\u00a0anniversaire du hirak, et apr\u00e8s l\u2019action, m\u00eame r\u00e9prim\u00e9e, des \u00e9tudiants, ce mardi. Ainsi, apr\u00e8s une longue tr\u00eave, [&hellip;]<\/p>\n","protected":false},"author":1743,"featured_media":0,"comment_status":"closed","ping_status":"closed","sticky":false,"template":"","format":"standard","meta":{"fifu_image_url":"https:\/\/www.elwatan.com\/wp-content\/uploads\/2021\/02\/une-e1614428573409.jpg","fifu_image_alt":"Hirak, le retour","footnotes":""},"categories":[73,53],"tags":[],"class_list":["post-112156","post","type-post","status-publish","format-standard","hentry","category-actualite","category-algerie"],"_links":{"self":[{"href":"https:\/\/linitiative.ca\/International\/wp-json\/wp\/v2\/posts\/112156","targetHints":{"allow":["GET"]}}],"collection":[{"href":"https:\/\/linitiative.ca\/International\/wp-json\/wp\/v2\/posts"}],"about":[{"href":"https:\/\/linitiative.ca\/International\/wp-json\/wp\/v2\/types\/post"}],"author":[{"embeddable":true,"href":"https:\/\/linitiative.ca\/International\/wp-json\/wp\/v2\/users\/1743"}],"replies":[{"embeddable":true,"href":"https:\/\/linitiative.ca\/International\/wp-json\/wp\/v2\/comments?post=112156"}],"version-history":[{"count":0,"href":"https:\/\/linitiative.ca\/International\/wp-json\/wp\/v2\/posts\/112156\/revisions"}],"wp:attachment":[{"href":"https:\/\/linitiative.ca\/International\/wp-json\/wp\/v2\/media?parent=112156"}],"wp:term":[{"taxonomy":"category","embeddable":true,"href":"https:\/\/linitiative.ca\/International\/wp-json\/wp\/v2\/categories?post=112156"},{"taxonomy":"post_tag","embeddable":true,"href":"https:\/\/linitiative.ca\/International\/wp-json\/wp\/v2\/tags?post=112156"}],"curies":[{"name":"wp","href":"https:\/\/api.w.org\/{rel}","templated":true}]}}