{"id":112158,"date":"2021-02-27T15:50:00","date_gmt":"2021-02-27T20:50:00","guid":{"rendered":"https:\/\/linitiative.ca\/International\/presentation-de-la-revue-leaders-n-118-mars-2021-un-vibrant-hommage-a-la-memoire-de-chedly-ayari\/"},"modified":"2021-02-27T15:50:00","modified_gmt":"2021-02-27T20:50:00","slug":"presentation-de-la-revue-leaders-n-118-mars-2021-un-vibrant-hommage-a-la-memoire-de-chedly-ayari","status":"publish","type":"post","link":"https:\/\/linitiative.ca\/International\/presentation-de-la-revue-leaders-n-118-mars-2021-un-vibrant-hommage-a-la-memoire-de-chedly-ayari\/","title":{"rendered":"Pr\u00e9sentation de la revue Leaders N\u00b0 118 &#8211; Mars 2021 un vibrant hommage \u00e0 la m\u00e9moire de Chedly Ayari"},"content":{"rendered":"<p>Mustapha Kamel Nabli avait eu l&rsquo;honneur de la couverture\u00a0 du n\u00b01 de Leaders en juin 2011. Il venait alors d&rsquo;\u00eatre nomm\u00e9 gouverneur de la Banque Centrale. La r\u00e9volution tunsienne avait \u00e0 peine six mois.Le monde entier portait un grand int\u00e9r\u00eat \u00e0 ce pays\u00a0 qui venait de r\u00e9ussir une\u00a0 r\u00e9volution sans violences. Un groupe d&rsquo;\u00e9minents \u00e9conomistes lan\u00e7ait un appel au monde entier pour aider la Tunisie \u00ab\u00a0ce pays de 10 millions d&rsquo;habitants dont le peuple\u00a0 a lanc\u00e9 un mouvement d\u00e9mocratique dans le monde arabe qui pourrait bien remodeler la zone m\u00e9diterran\u00e9enne et l(Union europ\u00e9enne\u00a0\u00bb.Commentant cette d\u00e9marche, Mustapha Kamel Nablt notait : \u00ab\u00a0c&rsquo;est \u00e0 nous, \u00ab\u00a0Tunisiens qu&rsquo;il revient de cr\u00e9er notre avenir, un monde fait de d\u00e9mocratie, de bonne de gouvernance, de libert\u00e9 d&rsquo;expression, d&rsquo;Etat de droit\u00a0\u00bb.<\/p>\n<p>10 ans apr\u00e8s, MKN fait la \u00ab\u00a0une\u00a0\u00bb du m\u00eame magazine. Entre 2011 et 2021 la Tunisie a dilapid\u00e9 son capital de sympathie. L&rsquo;instabilit\u00e9 politique, sociale et \u00e9conomique s&rsquo;est install\u00e9e ccertainement pour un certain temps, les institutioss financi\u00e8res sont sur le point de la l\u00e2cher.<\/p>\n<p>Conscient de la gravit\u00e9 de la situation que traverse le pays, il propose dans une longue interview \u00e0 Leaders du mois de mars, propose \u00ab\u00a0une feuille de route pour un dialogue national r\u00e9ussi.Faute de quoi, la Tunisie continuera \u00e0 s&#8217;embourber dan ses contradictions\u00a0\u00bb.<\/p>\n<p>Rnt tout cas, et ind\u00e9pendamment du sort que conna\u00eetra cette d\u00e9marche nos chroniqueurs attendent beaucoup des jeunes : AbdelAziz Kacem pense\u00a0\u00bb\u00e0 ceux qui viendront apr\u00e8s nous \u00ab\u00a0: \u00ab\u00a0m\u00eame outrageusement d\u00e9labr\u00e9e je suis s\u00fbr que la Tunisie \u00e9ternelle est capable d&rsquo;accoucher de c\u00e9l\u00e9brit\u00e9s en grand nombre\u00a0\u00bb.<\/p>\n<p>Pour Mohamed Hedi Za\u00efem, il faut \u00ab\u00a0donner des perspectives \u00e0 la jeunesse de vivre et travailler au pays\u00a0\u00bb, alors que Riadh Zghal estime que \u00ab\u00a0l&rsquo;espoir viendra peut-\u00eatre de ces jeunes qui ont maintenant grandi qui se secoueront de leur l\u00e9thargie politique pour occuper la place qu&rsquo;ils m\u00e9ritent\u00a0\u00bb<\/p>\n<p>L&rsquo;actualit\u00e9 culturelle et particuli\u00e8rement l&rsquo;activit\u00e9 \u00e9ditoriale est en plein boom: La revue pr\u00e9sente les nouveau livres de Hichem Dja\u00efet \u00a0\u00bb Penser l&rsquo;Histoire; penser la Religion\u00a0\u00bb&lsquo;C\u00e9r\u00e8s Tunis),\u00a0\u00bb Les hypoth\u00e8ses infinies\u00a0\u00bb d&rsquo;Albert Memmi (CNRS Editions Paris, et La \u00ab\u00a0Transition immobile, chronique d&rsquo;un \u00e9chec\u00a0\u00bb de Abb\u00e8s Mohsen (La Maison du livre Tunis).<\/p>\n<p>Enfin, des hommages sont rendus \u00e0 la m\u00e9moire de l&rsquo;ancien gouverneur de la BCT et ministre de l\u00a0\u00bbEconomie Ch\u00e9dli Ayari, l&rsquo;ancien secr\u00e9taire de l&rsquo;Agriculture, Abderrahman Ben Messaoud et Suzanne Guellouz ancienne professeure\u00a0 \u00e0 la facult\u00e9 des\u00a0 Sciences humaines de Tunis qui nous ont quitt\u00e9s r\u00e9cemment.<\/p>\n<p><span class=\"c2\"><strong>Sommaire<\/strong><\/span><\/p>\n<p><span class=\"c3\"><strong>Edito<\/strong><\/span><\/p>\n<p><span class=\"c4\"><strong>\u2022<\/strong><\/span> Epuisement<br \/><span class=\"c5\"><em>\u00a0\u00a0 Par Taoufik Habaieb<\/em><\/span><\/p>\n<p><span class=\"c4\"><strong>En couverture<\/strong><\/span><\/p>\n<p><span class=\"c4\"><strong>\u2022<\/strong><\/span> Feuille de route pour un dialogue national r\u00e9ussi<br \/><span class=\"c5\"><em>\u00a0\u00a0 Par Mustapha Kamel Nabli<\/em><\/span><\/p>\n<p><span class=\"c3\"><strong>Opinion<\/strong><\/span><\/p>\n<p><span class=\"c4\"><strong>\u2022<\/strong><\/span> Les jeunes, la r\u00e9volution et les r\u00e9formes<br \/><span class=\"c5\"><em>\u00a0\u00a0 Par Riadh Zghal<\/em><\/span><\/p>\n<p><span class=\"c3\"><strong>Nation<\/strong><\/span><\/p>\n<p><span class=\"c4\"><strong>\u2022<\/strong><\/span> Donner des perspectives \u00e0 la jeunesse de vivre et travailler au pays<br \/><span class=\"c5\"><em>\u00a0\u00a0 Par Mohamed H\u00e9di Zaiem<\/em><\/span><\/p>\n<p><span class=\"c4\"><strong>\u2022<\/strong><\/span> \u00c0 ceux qui viendront apr\u00e8s nous<br \/><span class=\"c5\"><em>\u00a0\u00a0 Par Abdelaziz Kacem<\/em><\/span><\/p>\n<p><span class=\"c3\"><strong>Chronique<\/strong><\/span><\/p>\n<p><span class=\"c4\"><strong>\u2022<\/strong><\/span> Haro sur l\u2019obscurantisme !\u00a0<br \/><span class=\"c5\"><em>\u00a0\u00a0 Par Habib Touhami<\/em><\/span><\/p>\n<p><span class=\"c3\"><strong>Soci\u00e9t\u00e9<\/strong><\/span><\/p>\n<p><span class=\"c4\"><strong>\u2022<\/strong><\/span> Une institution \u00e9conomique et sociale disparue. Les amines des m\u00e9tiers<br \/><span class=\"c5\"><em>\u00a0\u00a0 Par Mohamed El Aziz Ben Achour<\/em><\/span><\/p>\n<p><span class=\"c4\"><strong>\u2022<\/strong><\/span> L\u2019\u0153uvre \u00e9ducatrice de Rome<br \/><span class=\"c5\"><em>\u00a0\u00a0 Par Ammar Mahjoubi<\/em><\/span><\/p>\n<p><span class=\"c4\"><strong>\u2022<\/strong><\/span> Le nouveau livre de Hichem Dja\u00eft: Penser l\u2019Histoire, penser la Religion<\/p>\n<p><span class=\"c4\"><strong>\u2022<\/strong><\/span> La Tunisie, la M\u00e9diterran\u00e9e et l\u2019Orient: Au miroir de l\u2019histoire<\/p>\n<p><span class=\"c4\"><strong>\u2022<\/strong><\/span> L\u2019Antiquit\u00e9 tunisienne revisit\u00e9e par Samir Aounallah<\/p>\n<p><span class=\"c4\"><strong>\u2022<\/strong><\/span> Devenir Memmi<\/p>\n<p><span class=\"c4\"><strong>\u2022<\/strong><\/span> La transition immobile: Panorama haute d\u00e9finition de la d\u00e9cennie 2011-2020<\/p>\n<p><span class=\"c4\"><strong>\u2022<\/strong><\/span> Chedly Ayari : L\u2019\u00e9conomiste pluriel<\/p>\n<p><span class=\"c4\"><strong>\u2022<\/strong><\/span> Suzanne Guellouz, une amie de toujours et une enseignante rayonnante<br \/><span class=\"c5\"><em>\u00a0\u00a0 Par Mounira Chapoutot-Remadi<\/em><\/span><\/p>\n<p><span class=\"c4\"><strong>\u2022<\/strong><\/span> Abderrahman Ben Messaoud : l\u2019agronome<\/p>\n<p><span class=\"c3\"><strong>Billet<\/strong><\/span><\/p>\n<p><span class=\"c4\"><strong>\u2022<\/strong><\/span> Le bilan calamiteux d\u2019une d\u00e9cennie<br \/><span class=\"c5\"><em>\u00a0\u00a0 Par H\u00e9di B\u00e9hi<\/em><\/span><\/p>\n<p>Auteur:<br \/>\n<a href=\"https:\/\/www.leaders.com.tn\/article\/31496-presentation-de-la-revue-leaders-n-118-mars-2021-un-vibrant-hommage-a-la-memoire-de-chedli-ayari\">Cliquez ici pour lire l&rsquo;article depuis sa source.<\/a><\/p>\n","protected":false},"excerpt":{"rendered":"<p>Mustapha Kamel Nabli avait eu l&rsquo;honneur de la couverture\u00a0 du n\u00b01 de Leaders en juin 2011. Il venait alors d&rsquo;\u00eatre nomm\u00e9 gouverneur de la Banque Centrale. La r\u00e9volution tunsienne avait \u00e0 peine six mois.Le monde entier portait un grand int\u00e9r\u00eat \u00e0 ce pays\u00a0 qui venait de r\u00e9ussir une\u00a0 r\u00e9volution sans violences. Un groupe d&rsquo;\u00e9minents \u00e9conomistes [&hellip;]<\/p>\n","protected":false},"author":1772,"featured_media":0,"comment_status":"closed","ping_status":"closed","sticky":false,"template":"","format":"standard","meta":{"fifu_image_url":"","fifu_image_alt":"","footnotes":""},"categories":[73,55],"tags":[],"class_list":["post-112158","post","type-post","status-publish","format-standard","hentry","category-actualite","category-tunisie"],"_links":{"self":[{"href":"https:\/\/linitiative.ca\/International\/wp-json\/wp\/v2\/posts\/112158","targetHints":{"allow":["GET"]}}],"collection":[{"href":"https:\/\/linitiative.ca\/International\/wp-json\/wp\/v2\/posts"}],"about":[{"href":"https:\/\/linitiative.ca\/International\/wp-json\/wp\/v2\/types\/post"}],"author":[{"embeddable":true,"href":"https:\/\/linitiative.ca\/International\/wp-json\/wp\/v2\/users\/1772"}],"replies":[{"embeddable":true,"href":"https:\/\/linitiative.ca\/International\/wp-json\/wp\/v2\/comments?post=112158"}],"version-history":[{"count":0,"href":"https:\/\/linitiative.ca\/International\/wp-json\/wp\/v2\/posts\/112158\/revisions"}],"wp:attachment":[{"href":"https:\/\/linitiative.ca\/International\/wp-json\/wp\/v2\/media?parent=112158"}],"wp:term":[{"taxonomy":"category","embeddable":true,"href":"https:\/\/linitiative.ca\/International\/wp-json\/wp\/v2\/categories?post=112158"},{"taxonomy":"post_tag","embeddable":true,"href":"https:\/\/linitiative.ca\/International\/wp-json\/wp\/v2\/tags?post=112158"}],"curies":[{"name":"wp","href":"https:\/\/api.w.org\/{rel}","templated":true}]}}