{"id":112160,"date":"2021-02-27T05:00:00","date_gmt":"2021-02-27T10:00:00","guid":{"rendered":"https:\/\/linitiative.ca\/International\/lhommage-de-la-corporation\/"},"modified":"2021-02-27T05:00:00","modified_gmt":"2021-02-27T10:00:00","slug":"lhommage-de-la-corporation","status":"publish","type":"post","link":"https:\/\/linitiative.ca\/International\/lhommage-de-la-corporation\/","title":{"rendered":"L\u2019hommage de la corporation"},"content":{"rendered":"<p class=\"c2\">La Soci\u00e9t\u00e9 alg\u00e9rienne de m\u00e9decine\u00a0 g\u00e9n\u00e9rale se pr\u00e9pare \u00e0 organiser une journ\u00e9e comm\u00e9morative \u00e0 la m\u00e9moire\u00a0 des m\u00e9decins ayant perdu la vie suite \u00e0 une contamination au Covid-19. Ils sont pas moins de 164 \u00e0 n&rsquo;avoir pas surv\u00e9cu au virus depuis le d\u00e9but de la pand\u00e9mie. Pour l&rsquo;occasion, la Soci\u00e9t\u00e9 alg\u00e9rienne de m\u00e9decine g\u00e9n\u00e9rale a sollicit\u00e9 les t\u00e9moignages des coll\u00e8gues des personnes d\u00e9c\u00e9d\u00e9es afin de leur rendre l&rsquo;hommage qu&rsquo;ils m\u00e9ritent.<\/p>\n<p>Auteur:<br \/>\n<a href=\"https:\/\/www.lesoirdalgerie.com\/periscoop\/lhommage-de-la-corporation-56993\">Cliquez ici pour lire l&rsquo;article depuis sa source.<\/a><\/p>\n","protected":false},"excerpt":{"rendered":"<p>La Soci\u00e9t\u00e9 alg\u00e9rienne de m\u00e9decine\u00a0 g\u00e9n\u00e9rale se pr\u00e9pare \u00e0 organiser une journ\u00e9e comm\u00e9morative \u00e0 la m\u00e9moire\u00a0 des m\u00e9decins ayant perdu la vie suite \u00e0 une contamination au Covid-19. Ils sont pas moins de 164 \u00e0 n&rsquo;avoir pas surv\u00e9cu au virus depuis le d\u00e9but de la pand\u00e9mie. Pour l&rsquo;occasion, la Soci\u00e9t\u00e9 alg\u00e9rienne de m\u00e9decine g\u00e9n\u00e9rale a [&hellip;]<\/p>\n","protected":false},"author":1741,"featured_media":0,"comment_status":"closed","ping_status":"closed","sticky":false,"template":"","format":"standard","meta":{"fifu_image_url":"","fifu_image_alt":"","footnotes":""},"categories":[73,53],"tags":[],"class_list":["post-112160","post","type-post","status-publish","format-standard","hentry","category-actualite","category-algerie"],"_links":{"self":[{"href":"https:\/\/linitiative.ca\/International\/wp-json\/wp\/v2\/posts\/112160","targetHints":{"allow":["GET"]}}],"collection":[{"href":"https:\/\/linitiative.ca\/International\/wp-json\/wp\/v2\/posts"}],"about":[{"href":"https:\/\/linitiative.ca\/International\/wp-json\/wp\/v2\/types\/post"}],"author":[{"embeddable":true,"href":"https:\/\/linitiative.ca\/International\/wp-json\/wp\/v2\/users\/1741"}],"replies":[{"embeddable":true,"href":"https:\/\/linitiative.ca\/International\/wp-json\/wp\/v2\/comments?post=112160"}],"version-history":[{"count":0,"href":"https:\/\/linitiative.ca\/International\/wp-json\/wp\/v2\/posts\/112160\/revisions"}],"wp:attachment":[{"href":"https:\/\/linitiative.ca\/International\/wp-json\/wp\/v2\/media?parent=112160"}],"wp:term":[{"taxonomy":"category","embeddable":true,"href":"https:\/\/linitiative.ca\/International\/wp-json\/wp\/v2\/categories?post=112160"},{"taxonomy":"post_tag","embeddable":true,"href":"https:\/\/linitiative.ca\/International\/wp-json\/wp\/v2\/tags?post=112160"}],"curies":[{"name":"wp","href":"https:\/\/api.w.org\/{rel}","templated":true}]}}