{"id":112162,"date":"2021-02-27T05:00:00","date_gmt":"2021-02-27T10:00:00","guid":{"rendered":"https:\/\/linitiative.ca\/International\/pourquoi-la-releve-doit-sortir-couverte\/"},"modified":"2021-02-27T05:00:00","modified_gmt":"2021-02-27T10:00:00","slug":"pourquoi-la-releve-doit-sortir-couverte","status":"publish","type":"post","link":"https:\/\/linitiative.ca\/International\/pourquoi-la-releve-doit-sortir-couverte\/","title":{"rendered":"Pourquoi la rel\u00e8ve doit sortir couverte !"},"content":{"rendered":"<p class=\"c2\">Bien s\u00fbr qu\u2019il y a d\u2019autres sujets \u00e0 aborder. Qui oserait affirmer le contraire ? Certainement pas moi. Seulement voil\u00e0 ! Pour redresser la barre et d\u00e9barrasser le pays de ceux qui l\u2019emp\u00eachent d\u2019avancer, il faut \u00eatre en bonne sant\u00e9. Et pour que le changement, que nous appelons de tous nos v\u0153ux, ait l\u2019\u00e9nergie indispensable \u00e0 celles et ceux que nous choisirons pour assurer la rel\u00e8ve, il vaudrait mieux sortir couvert. Voil\u00e0 pourquoi\u00a0 je ne m\u2019excuserai pas de revenir sur le sujet, quitte \u00e0 perdre, parmi un lectorat assidu, ceux que j\u2019agace en rappelant, \u00e0 l\u2019exc\u00e8s, pourquoi on a l\u2019obligation morale de se prot\u00e9ger et d\u2019\u00e9pargner les gens que l\u2019on fr\u00e9quente ou croise en chemin.\u00a0<br \/>Ce matin, j\u2019ai eu beaucoup de mal \u00e0 quitter mon lit. Des vertiges auxquels je ne comprends pas grand-chose m\u2019en ont emp\u00each\u00e9e. Et \u00e7a ne pouvait pas \u00eatre une deuxi\u00e8me contamination\u00a0 puisque je n\u2019ai pas march\u00e9, lundi pass\u00e9, terroris\u00e9e \u00e0 l\u2019id\u00e9e d\u2019en prendre encore pour mon grade si je m\u2019exposais de nouveau.\u00a0<br \/>Les fid\u00e8les \u00e0 cet espace savent que j\u2019ai \u00e9t\u00e9 contamin\u00e9e et que, surtout, j\u2019ai eu du mal \u00e0 m\u2019en remettre. N\u2019en d\u00e9plaise \u00e0 celles et ceux qui pr\u00f4nent l\u2019immunit\u00e9 collective, je sais en quoi c\u2019est handicapant de supporter, pr\u00e8s de six mois apr\u00e8s, les s\u00e9quelles, sans savoir si l\u2019on en sera\u00a0 bient\u00f4t d\u00e9barrass\u00e9. Et quand on vous dit qu\u2019une rechute n\u2019est pas \u00e0 \u00e9carter, vous n\u2019avez plus qu\u2019\u00e0 esp\u00e9rer que la Covid-19 et ses variants vous \u00e9pargnent. Aux lecteurs qui, pour ne pas remettre en cause la l\u00e9g\u00e8ret\u00e9 de leurs gestes quotidiens, seraient tent\u00e9s de me reprocher de semer la panique, je pr\u00e9cise que je ne somatise pas. Le mal est r\u00e9el et rien, dans les discours qui encouragent le suicide, ne me convaincra du contraire !\u00a0 Ce n\u2019est pas pour faire genre qu\u2019on porte une bavette ou que l\u2019on remonte chez soi prendre le flacon de gel hydro-alcoolique quand on a oubli\u00e9 de l\u2019embarquer dans son sac !\u00a0<br \/>\u00c0 celles et ceux qui pensent faire preuve de salubrit\u00e9 publique en s\u2019imposant comme porte-parole indispensables \u00e0 la philosophie du Hirak, j\u2019aurais envie de dire que nous sommes tous les porte-parole d\u2019une cause qui demande que l\u2019on se sacrifie pour elle si elle ne nous tue pas !\u00a0<br \/><em><strong>M. B.<\/strong><\/em><\/p>\n<p>Auteur:<br \/>\n<a href=\"https:\/\/www.lesoirdalgerie.com\/soit-dit-en-passant\/pourquoi-la-releve-doit-sortir-couverte-56991\">Cliquez ici pour lire l&rsquo;article depuis sa source.<\/a><\/p>\n","protected":false},"excerpt":{"rendered":"<p>Bien s\u00fbr qu\u2019il y a d\u2019autres sujets \u00e0 aborder. Qui oserait affirmer le contraire ? Certainement pas moi. Seulement voil\u00e0 ! Pour redresser la barre et d\u00e9barrasser le pays de ceux qui l\u2019emp\u00eachent d\u2019avancer, il faut \u00eatre en bonne sant\u00e9. Et pour que le changement, que nous appelons de tous nos v\u0153ux, ait l\u2019\u00e9nergie indispensable [&hellip;]<\/p>\n","protected":false},"author":1741,"featured_media":0,"comment_status":"closed","ping_status":"closed","sticky":false,"template":"","format":"standard","meta":{"fifu_image_url":"","fifu_image_alt":"","footnotes":""},"categories":[73,53],"tags":[],"class_list":["post-112162","post","type-post","status-publish","format-standard","hentry","category-actualite","category-algerie"],"_links":{"self":[{"href":"https:\/\/linitiative.ca\/International\/wp-json\/wp\/v2\/posts\/112162","targetHints":{"allow":["GET"]}}],"collection":[{"href":"https:\/\/linitiative.ca\/International\/wp-json\/wp\/v2\/posts"}],"about":[{"href":"https:\/\/linitiative.ca\/International\/wp-json\/wp\/v2\/types\/post"}],"author":[{"embeddable":true,"href":"https:\/\/linitiative.ca\/International\/wp-json\/wp\/v2\/users\/1741"}],"replies":[{"embeddable":true,"href":"https:\/\/linitiative.ca\/International\/wp-json\/wp\/v2\/comments?post=112162"}],"version-history":[{"count":0,"href":"https:\/\/linitiative.ca\/International\/wp-json\/wp\/v2\/posts\/112162\/revisions"}],"wp:attachment":[{"href":"https:\/\/linitiative.ca\/International\/wp-json\/wp\/v2\/media?parent=112162"}],"wp:term":[{"taxonomy":"category","embeddable":true,"href":"https:\/\/linitiative.ca\/International\/wp-json\/wp\/v2\/categories?post=112162"},{"taxonomy":"post_tag","embeddable":true,"href":"https:\/\/linitiative.ca\/International\/wp-json\/wp\/v2\/tags?post=112162"}],"curies":[{"name":"wp","href":"https:\/\/api.w.org\/{rel}","templated":true}]}}