{"id":112164,"date":"2021-02-27T05:13:18","date_gmt":"2021-02-27T10:13:18","guid":{"rendered":"https:\/\/linitiative.ca\/International\/coronavirus-pfizer-va-tester-lefficacite-dune-troisieme-dose-de-son-vaccin-contre-les-variants\/"},"modified":"2021-02-27T05:13:18","modified_gmt":"2021-02-27T10:13:18","slug":"coronavirus-pfizer-va-tester-lefficacite-dune-troisieme-dose-de-son-vaccin-contre-les-variants","status":"publish","type":"post","link":"https:\/\/linitiative.ca\/International\/coronavirus-pfizer-va-tester-lefficacite-dune-troisieme-dose-de-son-vaccin-contre-les-variants\/","title":{"rendered":"Coronavirus: Pfizer va tester l\u2019efficacit\u00e9 d\u2019une troisi\u00e8me dose de son vaccin contre les variants"},"content":{"rendered":"<p><strong>L\u2019alliance Pfizer-BioNTech va proposer une troisi\u00e8me dose de son vaccin contre la Covid-19 aux participants de leur essai clinique initial, afin d\u2019\u00e9valuer son effet possible sur un renforcement immunitaire face aux variants du virus.<\/strong><\/p>\n<div class=\"c10\">\n<\/div>\n<p>Les soci\u00e9t\u00e9s am\u00e9ricaine et allemande de biotechnologie \u00ab\u00a0vont \u00e9tudier les effets d\u2019une troisi\u00e8me dose du vaccin\u00a0Pfizer\/BioNTech, pour \u00e9valuer la s\u00e9curit\u00e9 et la fa\u00e7on dont est tol\u00e9r\u00e9e une piq\u00fbre de rappel\u00a0\u00bb, face aux inqui\u00e9tudes suscit\u00e9es par les variants du SARS-CoV-2, ont annonc\u00e9 les deux entreprises.<\/p>\n<p>Les participants de la phase 1 de leur essai clinique aux Etats-Unis se verront ainsi offrir une troisi\u00e8me dose\u00a0\u00ab\u00a06 \u00e0 12 mois\u00a0\u00bb apr\u00e8s avoir re\u00e7u les deux premi\u00e8res, \u00ab\u00a0dans le cadre de la strat\u00e9gie de d\u00e9veloppement clinique des deux entreprises pour \u00e9valuer l\u2019efficacit\u00e9 d\u2019une troisi\u00e8me dose contre les variants\u00a0\u00bb en circulation ou futurs. Pfizer et BioNTech pr\u00e9cisent \u00e9galement \u00eatre en \u00ab\u00a0discussions avec les autorit\u00e9s de r\u00e9gulation\u00a0\u00bb pour soumettre une version modifi\u00e9e de leur vaccin \u00ab\u00a0avec une s\u00e9quence sp\u00e9cifique aux variants\u00a0\u00bb.<\/p>\n<p><strong>Lire aussi|<\/strong><a href=\"https:\/\/www.challenge.ma\/coronavirus-la-chine-approuve-deux-nouveaux-vaccins-176464\/\"><strong>Coronavirus : la Chine approuve deux nouveaux vaccins<\/strong><\/a><\/p>\n<p>Le variant sud-africain est consid\u00e9r\u00e9 par les scientifiques comme l\u2019un des plus pr\u00e9occupants car il a montr\u00e9 qu\u2019il pouvait en partie contrer les\u00a0d\u00e9fenses immunitaires d\u00e9velopp\u00e9es\u00a0apr\u00e8s certains traitements. Les deux entreprises rappellent toutefois n\u2019avoir pas observ\u00e9 de changement dans les \u00ab\u00a0niveaux d\u2019anticorps\u00a0\u00bb apr\u00e8s injection de la formule initiale de leur vaccin face aux variants, et donc aucune \u00ab\u00a0r\u00e9duction significative de la protection apport\u00e9e\u00a0\u00bb par les deux doses classiques.<\/p>\n<p>L\u2019efficacit\u00e9 du vaccin Pfizer\/BioNTech a par ailleurs \u00e9t\u00e9 confirm\u00e9e par une \u00e9tude de tr\u00e8s grande ampleur r\u00e9alis\u00e9e en Isra\u00ebl et publi\u00e9e mercredi. Selon cette \u00e9tude, l\u2019efficacit\u00e9 est de 94%\u00a0contre les cas symptomatiques de Covid-19. Elle a \u00e9t\u00e9 men\u00e9e \u00e0 partir des donn\u00e9es de quelque 1,2 million de personnes soign\u00e9es alors que le variant britannique circulait largement dans le pays, ce qui confirme l\u2019efficacit\u00e9 du vaccin contre ce variant-ci.<\/p>\n<p>La soci\u00e9t\u00e9 de biotechnologie am\u00e9ricaine Moderna, \u00e0 l\u2019origine de l\u2019autre vaccin autoris\u00e9 aux Etats-Unis, a de son c\u00f4t\u00e9 annonc\u00e9 mercredi qu\u2019une version modifi\u00e9e de son vaccin, d\u00e9velopp\u00e9e sp\u00e9cifiquement contre le variant sud-africain, \u00e9tait pr\u00eate \u00e0 \u00eatre test\u00e9e sur des humains dans le cadre d\u2019essais cliniques. \u00ab\u00a0Nous devons \u00eatres vigilants et proactifs au sujet des nouveaux variants\u00a0\u00bb, avait soulign\u00e9 St\u00e9phane Bancel, patron de Moderna.<\/p>\n<p>L\u2019Agence am\u00e9ricaine des m\u00e9dicaments (FDA) avait indiqu\u00e9 lundi que les fabricants n\u2019auraient pas \u00e0 conduire de nouveau les longs essais cliniques pour les\u00a0versions modifi\u00e9es de leurs vaccins\u00a0d\u00e9j\u00e0 autoris\u00e9s, mais des tests moins pouss\u00e9s, ce qui devrait grandement acc\u00e9l\u00e9rer leur mise sur le march\u00e9 en cas de r\u00e9sultats concluants. C\u2019est ce qui se produit d\u00e9j\u00e0, par exemple, pour les versions modifi\u00e9es des vaccins contre la grippe chaque ann\u00e9e.<\/p>\n<p><strong>Lire aussi|<a href=\"https:\/\/www.challenge.ma\/tanger-med-tous-les-indicateurs-de-lactivite-portuaire-sont-au-vert-au-4eme-trimestre-2020-176492\/\">Tanger Med : tous les indicateurs de l\u2019activit\u00e9 portuaire sont au vert au 4\u00e8me trimestre 2020<\/a><\/strong><\/p>\n<p>Avec AFP<\/p>\n<p>Auteur: challenge<br \/>\n<a href=\"https:\/\/www.challenge.ma\/coronavirus-pfizer-va-tester-lefficacite-dune-troisieme-dose-de-son-vaccin-contre-les-variants-176567\/\">Cliquez ici pour lire l&rsquo;article depuis sa source.<\/a><\/p>\n","protected":false},"excerpt":{"rendered":"<p>L\u2019alliance Pfizer-BioNTech va proposer une troisi\u00e8me dose de son vaccin contre la Covid-19 aux participants de leur essai clinique initial, afin d\u2019\u00e9valuer son effet possible sur un renforcement immunitaire face aux variants du virus. Les soci\u00e9t\u00e9s am\u00e9ricaine et allemande de biotechnologie \u00ab\u00a0vont \u00e9tudier les effets d\u2019une troisi\u00e8me dose du vaccin\u00a0Pfizer\/BioNTech, pour \u00e9valuer la s\u00e9curit\u00e9 et [&hellip;]<\/p>\n","protected":false},"author":1787,"featured_media":0,"comment_status":"closed","ping_status":"closed","sticky":false,"template":"","format":"standard","meta":{"fifu_image_url":"","fifu_image_alt":"","footnotes":""},"categories":[78,54],"tags":[],"class_list":["post-112164","post","type-post","status-publish","format-standard","hentry","category-economie","category-maroc"],"_links":{"self":[{"href":"https:\/\/linitiative.ca\/International\/wp-json\/wp\/v2\/posts\/112164","targetHints":{"allow":["GET"]}}],"collection":[{"href":"https:\/\/linitiative.ca\/International\/wp-json\/wp\/v2\/posts"}],"about":[{"href":"https:\/\/linitiative.ca\/International\/wp-json\/wp\/v2\/types\/post"}],"author":[{"embeddable":true,"href":"https:\/\/linitiative.ca\/International\/wp-json\/wp\/v2\/users\/1787"}],"replies":[{"embeddable":true,"href":"https:\/\/linitiative.ca\/International\/wp-json\/wp\/v2\/comments?post=112164"}],"version-history":[{"count":0,"href":"https:\/\/linitiative.ca\/International\/wp-json\/wp\/v2\/posts\/112164\/revisions"}],"wp:attachment":[{"href":"https:\/\/linitiative.ca\/International\/wp-json\/wp\/v2\/media?parent=112164"}],"wp:term":[{"taxonomy":"category","embeddable":true,"href":"https:\/\/linitiative.ca\/International\/wp-json\/wp\/v2\/categories?post=112164"},{"taxonomy":"post_tag","embeddable":true,"href":"https:\/\/linitiative.ca\/International\/wp-json\/wp\/v2\/tags?post=112164"}],"curies":[{"name":"wp","href":"https:\/\/api.w.org\/{rel}","templated":true}]}}