{"id":112167,"date":"2021-02-27T16:34:37","date_gmt":"2021-02-27T21:34:37","guid":{"rendered":"https:\/\/linitiative.ca\/International\/tunisie-plusieurs-journalistes-ont-ete-agresses-lors-de-la-couverture-de-la-manifestation-dennahdha\/"},"modified":"2021-02-27T16:34:37","modified_gmt":"2021-02-27T21:34:37","slug":"tunisie-plusieurs-journalistes-ont-ete-agresses-lors-de-la-couverture-de-la-manifestation-dennahdha","status":"publish","type":"post","link":"https:\/\/linitiative.ca\/International\/tunisie-plusieurs-journalistes-ont-ete-agresses-lors-de-la-couverture-de-la-manifestation-dennahdha\/","title":{"rendered":"Tunisie \u2013 \u00a0Plusieurs journalistes ont \u00e9t\u00e9 agress\u00e9s lors de la couverture de la manifestation d\u2019Ennahdha"},"content":{"rendered":"<div class=\"post-cont-in left relative\">\n<div id=\"post-info-wrap\" class=\"left relative post-info-out\">\n<div class=\"post-info-img left relative\"><img loading=\"lazy\" decoding=\"async\" alt=\"\" src=\"https:\/\/secure.gravatar.com\/avatar\/047123be9d5e8513774383916ee72db2?s=50&amp;d=mm&amp;r=g\" srcset=\"https:\/\/secure.gravatar.com\/avatar\/047123be9d5e8513774383916ee72db2?s=100&amp;d=mm&amp;r=g 2x\" class=\"avatar avatar-50 photo\" height=\"50\" width=\"50\"\/><\/div>\n<div class=\"post-info-in\">\n<div class=\"post-info-right left relative post-info-name left relative\"><span><span class=\"post-info-text\">Par<\/span> <span class=\"author-name vcard fn author\"><a href=\"https:\/\/www.tunisienumerique.com\/author\/lm\/\" title=\"Articles par LM\" rel=\"author\">LM<\/a><\/span><\/span> <span class=\"post-date updated\"><time class=\"post-date updated\" datetime=\"2021-02-27\">\u00a0| Il y a 23 secondes<\/time><\/span><br \/>\n<meta itemprop=\"dateModified\" content=\"2021-02-27\"\/><\/div>\n<div class=\"left relative\"><button id=\"listenButton1\" class=\"responsivevoice-button\" type=\"button\" value=\"Play\" title=\"\u00c9coutez l'article\"><span>\ud83d\udd0a \u00c9coutez l&rsquo;article<\/span><\/button>\n<\/div>\n<\/div>\n<\/div>\n<p>Le SNJT a annonc\u00e9, \u00e0 travers un communiqu\u00e9 publi\u00e9 sur sa page facebook, que plusieurs confr\u00e8res ont \u00e9t\u00e9 agress\u00e9s, et emp\u00each\u00e9s de faire leur travail, par des partisans d\u2019Ennahdha, notamment, des membres du comit\u00e9 d\u2019organisation de la manifestation.<\/p>\n<div class=\"code-block code-block-1 c4\">\n <ins class=\"adsbygoogle c3\" data-ad-layout=\"in-article\" data-ad-format=\"fluid\" data-ad-client=\"ca-pub-2102118777505746\" data-ad-slot=\"7301775417\"\/>\n<\/div>\n<p>Le SNJT d\u00e9plore toutes ces agressions envers les journalistes, que \u00e7\u00e0 soit par des d\u00e9put\u00e9s \u00e0 l\u2019ARP, ou ailleurs, jusqu\u2019\u00e0 aujourd\u2019hui lors de la manifestation.<\/p>\n<p>Le SNJT accuse les dirigeants du parti islamiste de couvrir par leur silence ces agissements.<\/p>\n<p>Le SNJT a, par ailleurs, d\u00e9cid\u00e9\u00a0 de charger son \u00e9quipe d\u2019avocats de d\u00e9poser des plaintes contre les agresseurs des journalistes, et a commenc\u00e9 \u00e0 regrouper, dans une liste, les noms des ennemis des journalistes et de la libert\u00e9 d\u2019expression. Cette liste devant \u00eatre rendue publique et transmises aux organisations nationales et internationales qui s\u2019occupent des droits de l\u2019homme, le jour de la journ\u00e9e mondiale de la libert\u00e9 de presse.<\/p>\n<p><a href=\"https:\/\/www.tunisienumerique.com\/tunisie-plusieurs-journalistes-ont-ete-agresses-lors-de-la-couverture-de-la-manifestation-dennahdha\/snjt-comm\/\" rel=\"attachment wp-att-633372\"><img loading=\"lazy\" decoding=\"async\" class=\"aligncenter size-full wp-image-633372\" src=\"https:\/\/www.tunisienumerique.com\/wp-content\/uploads\/2021\/02\/snjt-comm.jpg\" alt=\"\" width=\"500\" height=\"503\" srcset=\"https:\/\/www.tunisienumerique.com\/wp-content\/uploads\/2021\/02\/snjt-comm.jpg 500w, https:\/\/www.tunisienumerique.com\/wp-content\/uploads\/2021\/02\/snjt-comm-80x80.jpg 80w\" sizes=\"auto, (max-width: 500px) 100vw, 500px\"\/><\/a><\/p>\n<div class=\"swp_social_panel swp_horizontal_panel swp_flat_fresh swp_default_full_color swp_individual_full_color swp_other_full_color scale-100 scale-\" data-min-width=\"1100\" data-float-color=\"#ffffff\" data-float=\"bottom\" data-float-mobile=\"bottom\" data-transition=\"slide\">\n<div class=\"nc_tweetContainer swp_share_button total_shares total_sharesalt\"><span class=\"swp_count\">0 <span class=\"swp_label\">Partages<\/span><\/span><\/div>\n<\/div>\n<p><strong>Que se passe-t-il en Tunisie?<\/strong><br \/>Nous expliquons sur notre <a href=\"https:\/\/www.youtube.com\/channel\/UCRzypVq0B_yBad5eGrwBx0Q?sub_confirmation=1\" target=\"_blank\" rel=\"noopener\">cha\u00eene YouTube<\/a> . <a href=\"https:\/\/www.youtube.com\/channel\/UCRzypVq0B_yBad5eGrwBx0Q?sub_confirmation=1\" target=\"_blank\" rel=\"noopener\">Abonnez-vous!<\/a><\/p>\n<div class=\"mvp-org-wrap\" itemprop=\"publisher\">\n<div class=\"mvp-org-logo\" itemprop=\"logo\"><img decoding=\"async\" src=\"https:\/\/www.tunisienumerique.com\/wp-content\/uploads\/2017\/02\/logo_tunisie_numerique.png\"\/><br \/>\n<meta itemprop=\"url\" content=\"https:\/\/www.tunisienumerique.com\/wp-content\/uploads\/2017\/02\/logo_tunisie_numerique.png\"\/><\/div>\n<p><meta content=\"Tunisie Num\u00e9rique\"\/><\/div>\n<div class=\"mvp-related-posts left relative\">\n<h4 class=\"post-header\"><span class=\"post-header\">Lire aussi<\/span><\/h4>\n<\/div>\n<div id=\"article-ad\">\n <ins class=\"adsbygoogle c5\" data-ad-client=\"ca-pub-2102118777505746\" data-ad-slot=\"6513972734\" data-ad-format=\"auto\" data-full-width-responsive=\"true\"\/>\n<\/div>\n<\/div>\n<div id=\"post-sidebar-wrap\">\n <ins class=\"adsbygoogle c5\" data-ad-client=\"ca-pub-2102118777505746\" data-ad-slot=\"6168283410\" data-ad-format=\"auto\" data-full-width-responsive=\"true\"\/>\n<\/div>\n<p>Auteur: LM<br \/>\n<a href=\"https:\/\/www.tunisienumerique.com\/tunisie-plusieurs-journalistes-ont-ete-agresses-lors-de-la-couverture-de-la-manifestation-dennahdha\/\">Cliquez ici pour lire l&rsquo;article depuis sa source.<\/a><\/p>\n","protected":false},"excerpt":{"rendered":"<p>Par LM \u00a0| Il y a 23 secondes \ud83d\udd0a \u00c9coutez l&rsquo;article Le SNJT a annonc\u00e9, \u00e0 travers un communiqu\u00e9 publi\u00e9 sur sa page facebook, que plusieurs confr\u00e8res ont \u00e9t\u00e9 agress\u00e9s, et emp\u00each\u00e9s de faire leur travail, par des partisans d\u2019Ennahdha, notamment, des membres du comit\u00e9 d\u2019organisation de la manifestation. Le SNJT d\u00e9plore toutes ces agressions [&hellip;]<\/p>\n","protected":false},"author":1789,"featured_media":0,"comment_status":"closed","ping_status":"closed","sticky":false,"template":"","format":"standard","meta":{"fifu_image_url":"https:\/\/secure.gravatar.com\/avatar\/047123be9d5e8513774383916ee72db2?s=50&d=mm&r=g","fifu_image_alt":"Tunisie \u2013 \u00a0Plusieurs journalistes ont \u00e9t\u00e9 agress\u00e9s lors de la couverture de la manifestation d\u2019Ennahdha","footnotes":""},"categories":[73,55],"tags":[],"class_list":["post-112167","post","type-post","status-publish","format-standard","hentry","category-actualite","category-tunisie"],"_links":{"self":[{"href":"https:\/\/linitiative.ca\/International\/wp-json\/wp\/v2\/posts\/112167","targetHints":{"allow":["GET"]}}],"collection":[{"href":"https:\/\/linitiative.ca\/International\/wp-json\/wp\/v2\/posts"}],"about":[{"href":"https:\/\/linitiative.ca\/International\/wp-json\/wp\/v2\/types\/post"}],"author":[{"embeddable":true,"href":"https:\/\/linitiative.ca\/International\/wp-json\/wp\/v2\/users\/1789"}],"replies":[{"embeddable":true,"href":"https:\/\/linitiative.ca\/International\/wp-json\/wp\/v2\/comments?post=112167"}],"version-history":[{"count":0,"href":"https:\/\/linitiative.ca\/International\/wp-json\/wp\/v2\/posts\/112167\/revisions"}],"wp:attachment":[{"href":"https:\/\/linitiative.ca\/International\/wp-json\/wp\/v2\/media?parent=112167"}],"wp:term":[{"taxonomy":"category","embeddable":true,"href":"https:\/\/linitiative.ca\/International\/wp-json\/wp\/v2\/categories?post=112167"},{"taxonomy":"post_tag","embeddable":true,"href":"https:\/\/linitiative.ca\/International\/wp-json\/wp\/v2\/tags?post=112167"}],"curies":[{"name":"wp","href":"https:\/\/api.w.org\/{rel}","templated":true}]}}