{"id":112170,"date":"2021-02-27T06:18:03","date_gmt":"2021-02-27T11:18:03","guid":{"rendered":"https:\/\/linitiative.ca\/International\/la-levee-de-limmunite-parlementaire-de-sonko-a-la-une-des-journaux\/"},"modified":"2021-02-27T06:18:03","modified_gmt":"2021-02-27T11:18:03","slug":"la-levee-de-limmunite-parlementaire-de-sonko-a-la-une-des-journaux","status":"publish","type":"post","link":"https:\/\/linitiative.ca\/International\/la-levee-de-limmunite-parlementaire-de-sonko-a-la-une-des-journaux\/","title":{"rendered":"La lev\u00e9e de l\u2019immunit\u00e9 parlementaire de Sonko \u00e0 la Une des journaux"},"content":{"rendered":"<div readability=\"32\">\n<p>Publi\u00e9 le 27.02.2021 \u00e0 12h18 par APA News<\/p>\n<\/div>\n<div readability=\"84\">\n<p>Les quotidiens s\u00e9n\u00e9galais, parvenus ce samedi \u00e0 APA, sont revenus sur la lev\u00e9e sans surprise de l\u2019immunit\u00e9 parlementaire du d\u00e9put\u00e9 Ousmane Sonko, accus\u00e9 de viols r\u00e9p\u00e9t\u00e9s et menaces de mort.\u00ab La majorit\u00e9 livre Sonko au juge sans coup f\u00e9rir \u00bb titre\u00a0Vox Populi, qui pr\u00e9cise qu\u2019apr\u00e8s des d\u00e9bats houleux, l\u2019opposition quitte l\u2019h\u00e9micycle au moment du vote. 90 d\u00e9put\u00e9s ont vot\u00e9 pour la lev\u00e9e de l\u2019immunit\u00e9 parlementaire, un contre et deux se sont abstenus.<\/p>\n<p>Pour\u00a0Le Quotidien, \u00ab\u00a0Sonko (se trouve) entre quatre mains\u00a0\u00bb. Le leader du Pastef est pris dans l\u2019\u00e9tau de la Section Recherches, le Procureur, l\u2019Assembl\u00e9e, et le juge.<\/p>\n<p>\u00ab\u00a0Sonko livr\u00e9\u00a0\u00bb barre \u00e0 sa Une\u00a0Walf Quotidien, qui souligne que la majorit\u00e9 a boycott\u00e9 le vote. \u00ab\u00a0Le centre ville bunkerise, gu\u00e9rilla humaine entre Dakar, Rufisque et la banlieue\u00a0\u00bb informe le journal.<\/p>\n<p>Pour L\u2019AS, \u00ab\u00a0l\u2019\u00e9tau se resserre contre Ousmane Sonko\u00a0\u00bb. L\u2019opposition refuse de prendre part \u00e0 une \u00ab\u00a0mascarade\u00a0\u00bb et boude le vote.<\/p>\n<p>Pour le journal\u00a0Sud Quotidien, \u00ab\u00a0l\u2019Assembl\u00e9e nationale pose le dernier acte\u00a0\u00bb en proc\u00e9dant \u00e0 la lev\u00e9e de l\u2019immunit\u00e9 parlementaire du leader de Pastef qui pourrait bient\u00f4t faire face au juge.<\/p>\n<p>Arrestations de ses proches et lev\u00e9e de son immunit\u00e9 parlementaire,\u00a0EnQu\u00eate\u00a0parle de \u00ab vendredi noir pour Pastef \u00bb. Le journal indique que 17 femmes et cinq \u00e9tudiants members du Parti ont \u00e9t\u00e9 arr\u00eat\u00e9s dans la journ\u00e9e d\u2019hier.<\/p>\n<p>L\u2019immunit\u00e9 parlementaire de Sonko lev\u00e9e, le juge peut \u00ab \u00ab convoquer et entendre Ousmane Sonko \u00bb informe\u00a0L\u2019Observateur.<\/p>\n<p>Les \u00c9chos annoncent que \u00ab Sonko sera bient\u00f4t devant le juge de gr\u00e9 ou de force \u00bb. Le leader du Pastef risque la prison, tout comme le propri\u00e9taire du salon. Le Procureur a requis le mandat de d\u00e9p\u00f4t contre X rench\u00e9r\u00eet le journal.<\/p>\n<p>Lib\u00e9ration\u00a0est revenu sur les arrestations de Guy Marius Sagna, Assane Diouf et Cl\u00e9dor S\u00e8ne. Le journal informe que le \u00ab dossier est encore criminalis\u00e9 \u00bb. Guy Marius Sagna \u00ab explose \u00bb de col\u00e8re devant le juge tandis que Cl\u00e9dor avoue \u00ab avoir d\u00e9truit son t\u00e9l\u00e9phone lors de son interpellation pour prot\u00e9ger les fonctionnaires qui le renseignent sur le p\u00e9trole.\u00bb<\/p>\n<\/div>\n<p>Auteur: APA News<br \/>\n<a href=\"https:\/\/www.journalducameroun.com\/la-levee-de-limmunite-parlementaire-de-sonko-a-la-une-des-journaux\/\">Cliquez ici pour lire l&rsquo;article depuis sa source.<\/a><\/p>\n","protected":false},"excerpt":{"rendered":"<p>Publi\u00e9 le 27.02.2021 \u00e0 12h18 par APA News Les quotidiens s\u00e9n\u00e9galais, parvenus ce samedi \u00e0 APA, sont revenus sur la lev\u00e9e sans surprise de l\u2019immunit\u00e9 parlementaire du d\u00e9put\u00e9 Ousmane Sonko, accus\u00e9 de viols r\u00e9p\u00e9t\u00e9s et menaces de mort.\u00ab La majorit\u00e9 livre Sonko au juge sans coup f\u00e9rir \u00bb titre\u00a0Vox Populi, qui pr\u00e9cise qu\u2019apr\u00e8s des d\u00e9bats [&hellip;]<\/p>\n","protected":false},"author":1965,"featured_media":0,"comment_status":"closed","ping_status":"closed","sticky":false,"template":"","format":"standard","meta":{"fifu_image_url":"","fifu_image_alt":"","footnotes":""},"categories":[73,82],"tags":[],"class_list":["post-112170","post","type-post","status-publish","format-standard","hentry","category-actualite","category-cameroun"],"_links":{"self":[{"href":"https:\/\/linitiative.ca\/International\/wp-json\/wp\/v2\/posts\/112170","targetHints":{"allow":["GET"]}}],"collection":[{"href":"https:\/\/linitiative.ca\/International\/wp-json\/wp\/v2\/posts"}],"about":[{"href":"https:\/\/linitiative.ca\/International\/wp-json\/wp\/v2\/types\/post"}],"author":[{"embeddable":true,"href":"https:\/\/linitiative.ca\/International\/wp-json\/wp\/v2\/users\/1965"}],"replies":[{"embeddable":true,"href":"https:\/\/linitiative.ca\/International\/wp-json\/wp\/v2\/comments?post=112170"}],"version-history":[{"count":0,"href":"https:\/\/linitiative.ca\/International\/wp-json\/wp\/v2\/posts\/112170\/revisions"}],"wp:attachment":[{"href":"https:\/\/linitiative.ca\/International\/wp-json\/wp\/v2\/media?parent=112170"}],"wp:term":[{"taxonomy":"category","embeddable":true,"href":"https:\/\/linitiative.ca\/International\/wp-json\/wp\/v2\/categories?post=112170"},{"taxonomy":"post_tag","embeddable":true,"href":"https:\/\/linitiative.ca\/International\/wp-json\/wp\/v2\/tags?post=112170"}],"curies":[{"name":"wp","href":"https:\/\/api.w.org\/{rel}","templated":true}]}}