{"id":112172,"date":"2021-02-27T07:18:04","date_gmt":"2021-02-27T12:18:04","guid":{"rendered":"https:\/\/linitiative.ca\/International\/la-chambre-des-representants-libyenne-tend-a-former-un-gouvernement-provisoire-restreint\/"},"modified":"2021-02-27T07:18:04","modified_gmt":"2021-02-27T12:18:04","slug":"la-chambre-des-representants-libyenne-tend-a-former-un-gouvernement-provisoire-restreint","status":"publish","type":"post","link":"https:\/\/linitiative.ca\/International\/la-chambre-des-representants-libyenne-tend-a-former-un-gouvernement-provisoire-restreint\/","title":{"rendered":"La Chambre des repr\u00e9sentants libyenne tend \u00e0 former un gouvernement provisoire restreint"},"content":{"rendered":"<div readability=\"32\">\n<p>Publi\u00e9 le 27.02.2021 \u00e0 13h18 par APA News<\/p>\n<\/div>\n<div readability=\"70\">\n<p>La Chambre des repr\u00e9sentants tend \u00e0 former un gouvernement provisoire restreint comprenant des comp\u00e9tences repr\u00e9sentant les diff\u00e9rentes r\u00e9gions libyennes, a soulign\u00e9, vendredi \u00e0 Rabat, le pr\u00e9sident de la Chambre des repr\u00e9sentants libyenne Aguila Saleh.Lors d\u2019une conf\u00e9rence de presse conjointe \u00e0 l\u2019issue de ses entretiens avec le ministre marocain des Affaires \u00e9trang\u00e8res, Nasser Bourita, le responsable libyen a indiqu\u00e9 que l\u2019institution l\u00e9gislative de son pays tiendra une s\u00e9ance pour accorder confiance au gouvernement provisoire, relevant que lors de cette r\u00e9union le parlement d\u00e9cidera, en toute libert\u00e9, de ce qu\u2019il consid\u00e8re dans l\u2019int\u00e9r\u00eat du pays. En lui accordant la confiance, le gouvernement sera approuv\u00e9 par le pouvoir l\u00e9gislatif \u00e9lu dans le pays, a-t-il dit.<\/p>\n<p>Cette \u00e9tape en Libye est celle de r\u00e8glement des diff\u00e9rends entre les diff\u00e9rentes parties libyennes, a poursuivi M. Saleh, notant que le gouvernement provisoire doit inclure des comp\u00e9tences de toutes les r\u00e9gions du pays, et que chacun doit participer au pouvoir pour sortir de la crise.<\/p>\n<p>La Chambre des repr\u00e9sentants libyenne souhaite que le gouvernement provisoire r\u00e9ponde aux besoins du peuple libyen en mati\u00e8re de nourriture, de m\u00e9dicaments et de liquidit\u00e9, a-t-il indiqu\u00e9, soulignant la n\u00e9cessit\u00e9 de respecter ce qui a \u00e9t\u00e9 convenu au Maroc au sujet de la nomination \u00e0 des postes de souverainet\u00e9.<\/p>\n<p>Apr\u00e8s avoir relev\u00e9 que la Libye a fait face, depuis le d\u00e9but de la crise, \u00e0 des probl\u00e8mes, \u00e0 des ing\u00e9rences \u00e9trang\u00e8res et \u00e0 des tentatives de semer la discorde entre les parties, M. Saleh a fait observer qu\u2019une initiative bas\u00e9e sur le partage du pouvoir ex\u00e9cutif et des postes de souverainet\u00e9 entre les trois provinces du pays a \u00e9t\u00e9 propos\u00e9e en avril 2020, et sera mise en \u0153uvre dans les prochains jours.<\/p>\n<\/div>\n<p>Auteur: APA News<br \/>\n<a href=\"https:\/\/www.journalducameroun.com\/la-chambre-des-representants-libyenne-tend-a-former-un-gouvernement-provisoire-restreint\/\">Cliquez ici pour lire l&rsquo;article depuis sa source.<\/a><\/p>\n","protected":false},"excerpt":{"rendered":"<p>Publi\u00e9 le 27.02.2021 \u00e0 13h18 par APA News La Chambre des repr\u00e9sentants tend \u00e0 former un gouvernement provisoire restreint comprenant des comp\u00e9tences repr\u00e9sentant les diff\u00e9rentes r\u00e9gions libyennes, a soulign\u00e9, vendredi \u00e0 Rabat, le pr\u00e9sident de la Chambre des repr\u00e9sentants libyenne Aguila Saleh.Lors d\u2019une conf\u00e9rence de presse conjointe \u00e0 l\u2019issue de ses entretiens avec le ministre [&hellip;]<\/p>\n","protected":false},"author":1965,"featured_media":0,"comment_status":"closed","ping_status":"closed","sticky":false,"template":"","format":"standard","meta":{"fifu_image_url":"","fifu_image_alt":"","footnotes":""},"categories":[73,82],"tags":[],"class_list":["post-112172","post","type-post","status-publish","format-standard","hentry","category-actualite","category-cameroun"],"_links":{"self":[{"href":"https:\/\/linitiative.ca\/International\/wp-json\/wp\/v2\/posts\/112172","targetHints":{"allow":["GET"]}}],"collection":[{"href":"https:\/\/linitiative.ca\/International\/wp-json\/wp\/v2\/posts"}],"about":[{"href":"https:\/\/linitiative.ca\/International\/wp-json\/wp\/v2\/types\/post"}],"author":[{"embeddable":true,"href":"https:\/\/linitiative.ca\/International\/wp-json\/wp\/v2\/users\/1965"}],"replies":[{"embeddable":true,"href":"https:\/\/linitiative.ca\/International\/wp-json\/wp\/v2\/comments?post=112172"}],"version-history":[{"count":0,"href":"https:\/\/linitiative.ca\/International\/wp-json\/wp\/v2\/posts\/112172\/revisions"}],"wp:attachment":[{"href":"https:\/\/linitiative.ca\/International\/wp-json\/wp\/v2\/media?parent=112172"}],"wp:term":[{"taxonomy":"category","embeddable":true,"href":"https:\/\/linitiative.ca\/International\/wp-json\/wp\/v2\/categories?post=112172"},{"taxonomy":"post_tag","embeddable":true,"href":"https:\/\/linitiative.ca\/International\/wp-json\/wp\/v2\/tags?post=112172"}],"curies":[{"name":"wp","href":"https:\/\/api.w.org\/{rel}","templated":true}]}}