{"id":112173,"date":"2021-02-27T12:18:02","date_gmt":"2021-02-27T17:18:02","guid":{"rendered":"https:\/\/linitiative.ca\/International\/cote-divoire-lancement-dun-programme-de-reinsertion-des-filles-meres-a-alepe\/"},"modified":"2021-02-27T12:18:02","modified_gmt":"2021-02-27T17:18:02","slug":"cote-divoire-lancement-dun-programme-de-reinsertion-des-filles-meres-a-alepe","status":"publish","type":"post","link":"https:\/\/linitiative.ca\/International\/cote-divoire-lancement-dun-programme-de-reinsertion-des-filles-meres-a-alepe\/","title":{"rendered":"C\u00f4te d\u2019Ivoire: lancement d\u2019un programme de r\u00e9insertion des filles-m\u00e8res \u00e0 Al\u00e9p\u00e9"},"content":{"rendered":"<div readability=\"32\">\n<p>Publi\u00e9 le 27.02.2021 \u00e0 18h18 par APA News<\/p>\n<\/div>\n<div readability=\"72\">\n<p>L\u2019association Pro-Kids C\u00f4te d\u2019Ivoire, une organisation \u0153uvrant dans le social, a lanc\u00e9 samedi \u00e0 Al\u00e9p\u00e9 ( \u00e0 une quarantaine de km au nord-est d\u2019Abidjan) sa deuxi\u00e8me cohorte de formation d\u00e9nomm\u00e9e \u00ab Pro-girls fellowship 2021\u00bb, un programme visant la r\u00e9insertion et la formation des filles-m\u00e8res.<\/p>\n<p>\u00ab C\u2019est un programme qui cible les filles-m\u00e8res qui ont entre 14 \u00a0et 25 ans et qui sont en situation de pr\u00e9carit\u00e9, c\u2019est-\u00e0-dire qui viennent de familles d\u00e9favoris\u00e9es et qui aimeraient reprendre leur vie en main. Autrement dit, ce programme cible celles qui veulent retourner \u00e0 l\u2019\u00e9cole ou apprendre un m\u00e9tier\u00bb, a expliqu\u00e9 \u00e0 APA, Aicha Traor\u00e9, la pr\u00e9sidente de l\u2019association Pro-Kids C\u00f4te d\u2019Ivoire en marge de ce lancement.\u00a0<\/p>\n<p>Poursuivant, Mme Traor\u00e9 a pr\u00e9cis\u00e9 que \u00a0 \u00abnotre r\u00f4le au cours des quatre prochains mois, c\u2019est de leur ( filles-m\u00e8res) donner des formations principales en entrepreneuriat et leadership f\u00e9minin, en \u00a0d\u00e9veloppement de la petite enfance, en \u00a0montage de projets pour qu\u2019elles puissent avoir des outils n\u00e9cessaires pour reprendre cette vie dont elles ont tant envie\u00bb.\u00a0<\/p>\n<p>Par ailleurs, elle a soulign\u00e9 que son association entend accompagner une vingtaine de filles-m\u00e8res de la localit\u00e9 d\u2019Al\u00e9p\u00e9 et s\u00e9lectionner une dizaine d\u2019entre elles apr\u00e8s quatre mois pour les accompagner sur leurs projets pendant un an.\u00a0<\/p>\n<p>\u00a0\u00ab Nous les aidons \u00e0 trouver le financement. On ne donne pas l\u2019accompagnement financier. C\u2019est un accompagnement technique qu\u2019on assure \u00bb, a ajout\u00e9 Mme Traor\u00e9.\u00a0<\/p>\n<p>Apr\u00e8s la ville d\u2019Al\u00e9p\u00e9, a-t-elle conclu, son association mettra le cap sur Yamoussoukro ( centre ivoirien) et ira \u00a0\u00e0 Man ( Ouest) et \u00e0 Korhogo ( Extr\u00eame nord) o\u00f9 elle aidera plusieurs autres filles-m\u00e8res \u00e0 se r\u00e9ins\u00e9rer dans la soci\u00e9t\u00e9.<\/p>\n<\/div>\n<p>Auteur: APA News<br \/>\n<a href=\"https:\/\/www.journalducameroun.com\/cote-divoire-lancement-dun-programme-de-reinsertion-des-filles-meres-a-alepe\/\">Cliquez ici pour lire l&rsquo;article depuis sa source.<\/a><\/p>\n","protected":false},"excerpt":{"rendered":"<p>Publi\u00e9 le 27.02.2021 \u00e0 18h18 par APA News L\u2019association Pro-Kids C\u00f4te d\u2019Ivoire, une organisation \u0153uvrant dans le social, a lanc\u00e9 samedi \u00e0 Al\u00e9p\u00e9 ( \u00e0 une quarantaine de km au nord-est d\u2019Abidjan) sa deuxi\u00e8me cohorte de formation d\u00e9nomm\u00e9e \u00ab Pro-girls fellowship 2021\u00bb, un programme visant la r\u00e9insertion et la formation des filles-m\u00e8res. \u00ab C\u2019est un [&hellip;]<\/p>\n","protected":false},"author":1965,"featured_media":0,"comment_status":"closed","ping_status":"closed","sticky":false,"template":"","format":"standard","meta":{"fifu_image_url":"","fifu_image_alt":"","footnotes":""},"categories":[73,82],"tags":[],"class_list":["post-112173","post","type-post","status-publish","format-standard","hentry","category-actualite","category-cameroun"],"_links":{"self":[{"href":"https:\/\/linitiative.ca\/International\/wp-json\/wp\/v2\/posts\/112173","targetHints":{"allow":["GET"]}}],"collection":[{"href":"https:\/\/linitiative.ca\/International\/wp-json\/wp\/v2\/posts"}],"about":[{"href":"https:\/\/linitiative.ca\/International\/wp-json\/wp\/v2\/types\/post"}],"author":[{"embeddable":true,"href":"https:\/\/linitiative.ca\/International\/wp-json\/wp\/v2\/users\/1965"}],"replies":[{"embeddable":true,"href":"https:\/\/linitiative.ca\/International\/wp-json\/wp\/v2\/comments?post=112173"}],"version-history":[{"count":0,"href":"https:\/\/linitiative.ca\/International\/wp-json\/wp\/v2\/posts\/112173\/revisions"}],"wp:attachment":[{"href":"https:\/\/linitiative.ca\/International\/wp-json\/wp\/v2\/media?parent=112173"}],"wp:term":[{"taxonomy":"category","embeddable":true,"href":"https:\/\/linitiative.ca\/International\/wp-json\/wp\/v2\/categories?post=112173"},{"taxonomy":"post_tag","embeddable":true,"href":"https:\/\/linitiative.ca\/International\/wp-json\/wp\/v2\/tags?post=112173"}],"curies":[{"name":"wp","href":"https:\/\/api.w.org\/{rel}","templated":true}]}}