{"id":112174,"date":"2021-02-27T13:18:02","date_gmt":"2021-02-27T18:18:02","guid":{"rendered":"https:\/\/linitiative.ca\/International\/nigeria-enieme-liberation-dotages\/"},"modified":"2021-02-27T13:18:02","modified_gmt":"2021-02-27T18:18:02","slug":"nigeria-enieme-liberation-dotages","status":"publish","type":"post","link":"https:\/\/linitiative.ca\/International\/nigeria-enieme-liberation-dotages\/","title":{"rendered":"Nigeria : \u00e9ni\u00e8me lib\u00e9ration d\u2019otages"},"content":{"rendered":"<div readability=\"32\">\n<p>Publi\u00e9 le 27.02.2021 \u00e0 19h18 par APA News<\/p>\n<\/div>\n<div readability=\"68\">\n<p>Les autorit\u00e9s locales ont annonc\u00e9, ce samedi 27 f\u00e9vrier, la lib\u00e9ration de 42 personnes enlev\u00e9es il y a plus d\u2019une semaine dans un \u00e9tablissement scolaire.L\u2019histoire b\u00e9gaie au Nigeria. Dans cette puissance de l\u2019Afrique de l\u2019Ouest, des groupes arm\u00e9s font souvent irruption dans des \u00e9coles pour kidnapper \u00e9l\u00e8ves et enseignants.<\/p>\n<p>En 2014, l\u2019enl\u00e8vement par la secte islamiste Boko Haram de plus de 200 filles dans un lyc\u00e9e de Chibok (nord) avait \u00e9mu le monde entier. A travers le slogan \u00ab Bring back our girls\u00a0\u00bb (Ramenez nos filles, en anglais), la plan\u00e8te s\u2019\u00e9tait mobilis\u00e9e pour leur lib\u00e9ration.<\/p>\n<p>Le ph\u00e9nom\u00e8ne s\u2019intensifie depuis lors. Dans la nuit du 16 au 17 f\u00e9vrier, 27 \u00e9l\u00e8ves, 3 professeurs et 12 membres du personnel du pensionnat public d\u2019enseignement secondaire de Kagara (centre-ouest) en ont fait les frais.<\/p>\n<p>Si les otages de Kagara ont pu recouvrer la libert\u00e9, d\u2019autres attendent d\u2019\u00eatre secourus. En effet, 317 jeunes filles de l\u2019\u00c9tat de Zamfara (nord) ont disparu le 26 f\u00e9vrier. Selon la presse locale, une op\u00e9ration de sauvetage est en cours.<\/p>\n<p>Critiqu\u00e9 pour sa gestion de la situation s\u00e9curitaire dans le nord, Muhammadu Buhari n\u2019entend pas c\u00e9der face aux \u00ab bandits \u00bb. Mais le pr\u00e9sident nig\u00e9rian s\u2019est-il donn\u00e9 les moyens d\u2019endiguer ce ph\u00e9nom\u00e8ne ? Rien n\u2019est moins s\u00fbr.<\/p>\n<p>Pour les bandes arm\u00e9es qui s\u00e9vissent dans cette partie du pays, les rapts sont un moyen rapide d\u2019avoir de l\u2019argent. Certains d\u2019entre eux seraient m\u00eame devenus les pourvoyeurs d\u2019otages \u00e0 des groupes jihadistes pr\u00e9sents dans le nord-est.<\/p>\n<\/div>\n<p>Auteur: APA News<br \/>\n<a href=\"https:\/\/www.journalducameroun.com\/nigeria-enieme-liberation-dotages\/\">Cliquez ici pour lire l&rsquo;article depuis sa source.<\/a><\/p>\n","protected":false},"excerpt":{"rendered":"<p>Publi\u00e9 le 27.02.2021 \u00e0 19h18 par APA News Les autorit\u00e9s locales ont annonc\u00e9, ce samedi 27 f\u00e9vrier, la lib\u00e9ration de 42 personnes enlev\u00e9es il y a plus d\u2019une semaine dans un \u00e9tablissement scolaire.L\u2019histoire b\u00e9gaie au Nigeria. Dans cette puissance de l\u2019Afrique de l\u2019Ouest, des groupes arm\u00e9s font souvent irruption dans des \u00e9coles pour kidnapper \u00e9l\u00e8ves [&hellip;]<\/p>\n","protected":false},"author":1965,"featured_media":0,"comment_status":"closed","ping_status":"closed","sticky":false,"template":"","format":"standard","meta":{"fifu_image_url":"","fifu_image_alt":"","footnotes":""},"categories":[73,82],"tags":[],"class_list":["post-112174","post","type-post","status-publish","format-standard","hentry","category-actualite","category-cameroun"],"_links":{"self":[{"href":"https:\/\/linitiative.ca\/International\/wp-json\/wp\/v2\/posts\/112174","targetHints":{"allow":["GET"]}}],"collection":[{"href":"https:\/\/linitiative.ca\/International\/wp-json\/wp\/v2\/posts"}],"about":[{"href":"https:\/\/linitiative.ca\/International\/wp-json\/wp\/v2\/types\/post"}],"author":[{"embeddable":true,"href":"https:\/\/linitiative.ca\/International\/wp-json\/wp\/v2\/users\/1965"}],"replies":[{"embeddable":true,"href":"https:\/\/linitiative.ca\/International\/wp-json\/wp\/v2\/comments?post=112174"}],"version-history":[{"count":0,"href":"https:\/\/linitiative.ca\/International\/wp-json\/wp\/v2\/posts\/112174\/revisions"}],"wp:attachment":[{"href":"https:\/\/linitiative.ca\/International\/wp-json\/wp\/v2\/media?parent=112174"}],"wp:term":[{"taxonomy":"category","embeddable":true,"href":"https:\/\/linitiative.ca\/International\/wp-json\/wp\/v2\/categories?post=112174"},{"taxonomy":"post_tag","embeddable":true,"href":"https:\/\/linitiative.ca\/International\/wp-json\/wp\/v2\/tags?post=112174"}],"curies":[{"name":"wp","href":"https:\/\/api.w.org\/{rel}","templated":true}]}}