{"id":112175,"date":"2021-02-27T08:57:26","date_gmt":"2021-02-27T13:57:26","guid":{"rendered":"https:\/\/linitiative.ca\/International\/le-pdg-des-hotels-la-falaise-pascal-monkam-nest-plus\/"},"modified":"2021-02-27T08:57:26","modified_gmt":"2021-02-27T13:57:26","slug":"le-pdg-des-hotels-la-falaise-pascal-monkam-nest-plus","status":"publish","type":"post","link":"https:\/\/linitiative.ca\/International\/le-pdg-des-hotels-la-falaise-pascal-monkam-nest-plus\/","title":{"rendered":"Le PDG des h\u00f4tels la Falaise Pascal Monkam n\u2019est plus"},"content":{"rendered":"<div class=\"featured-area featured-area-inner\">\n<figure class=\"single-featured-image\">\n<p><img loading=\"lazy\" decoding=\"async\" width=\"780\" height=\"470\" src=\"https:\/\/ecomatin.net\/wp-content\/uploads\/2021\/02\/WhatsApp-Image-2021-02-27-at-14.49.38-780x470.jpeg\" class=\"attachment-jannah-image-post size-jannah-image-post wp-post-image\" alt=\"\" is_main_img=\"1\"\/><\/p>\n<\/figure>\n<\/div>\n<div class=\"entry-content entry clearfix\" readability=\"55.775838926175\">\n<p>Cette-fois ci le d\u00e9c\u00e8s du Pr\u00e9sident Directeur g\u00e9n\u00e9ral\u00a0 de la cha\u00eene h\u00f4teli\u00e8re Pascal Monkam ne sera plus une rumeur. L\u2019homme d\u2019affaires camerounais a rendu l\u2019\u00e2me ce 27 f\u00e9vrier 2021, en Afrique du Sud \u00e0 l\u2019\u00e2ge de 91 ans. Son d\u00e9c\u00e8s a \u00e9t\u00e9 confirm\u00e9 cette matin\u00e9e par son fils Alain-Christian Monkam. L\u2019on se souvient qu\u2019il y\u2019a quelque jours, celui-ci avait quitt\u00e9 le Cameroun dans un avion m\u00e9dicalis\u00e9 pour se rendre en Afrique du Sud. Par la suite, plus pr\u00e9cis\u00e9ment le 18 f\u00e9vrier 2021, un des membres de sa famille avait d\u00e9menti cette rumeur qui circulait\u00a0 propos de son d\u00e9c\u00e8s.<\/p>\n<p><strong>Lire aussi<\/strong> : <a href=\"https:\/\/ecomatin.net\/le-hilton-hotel-fait-peau-neuve\/\">Le Hilton h\u00f4tel fait peau neuve<\/a><\/p>\n<p>Le milliardaire Camerounais n\u00e9e vers 1930, \u00e0 Bakassa dans le d\u00e9partement du Haut-Nkam dans la r\u00e9gion de l\u2019Ouest. Il \u00e9tait alors le Pr\u00e9sident Directeur g\u00e9n\u00e9ral de la Soci\u00e9t\u00e9 des \u00e9tablissements Monkam (SEM), qu\u2019il a cr\u00e9\u00e9 au d\u00e9but des ann\u00e9es 1960. Il s\u2019est aussi fait un nom dans le secteur de l\u2019h\u00f4tellerie avec les h\u00f4tels La Falaise. Elle a des repr\u00e9sentations dans trois villes du Cameroun que sont Douala (Akwa, Bonanjo, Bonapriso), Yaound\u00e9 et Bafang avec une seule repr\u00e9sentation. Ses actifs s\u2019\u00e9tendent aussi en Afrique du Sud o\u00f9 il est propri\u00e9taire de tours jumelles de trois h\u00f4tels \u00e0 Pretoria, les h\u00f4tels Maxim, le Tamboti et le Park Lodge<\/p>\n<p>Sur le plan civil, il \u00e9tait mari\u00e9 \u00e0 cinq femmes et p\u00e8re de seize enfants dont l\u2019avocat aux Barreaux de Paris et Londres Alain-Christian Monkam.<\/p>\n<\/div>\n<p>Auteur: Cindy MBALA<br \/>\n<a href=\"https:\/\/ecomatin.net\/le-pdg-des-hotels-la-falaise-pascal-monkam-nest-plus\/\">Cliquez ici pour lire l&rsquo;article depuis sa source.<\/a><\/p>\n","protected":false},"excerpt":{"rendered":"<p>Cette-fois ci le d\u00e9c\u00e8s du Pr\u00e9sident Directeur g\u00e9n\u00e9ral\u00a0 de la cha\u00eene h\u00f4teli\u00e8re Pascal Monkam ne sera plus une rumeur. L\u2019homme d\u2019affaires camerounais a rendu l\u2019\u00e2me ce 27 f\u00e9vrier 2021, en Afrique du Sud \u00e0 l\u2019\u00e2ge de 91 ans. Son d\u00e9c\u00e8s a \u00e9t\u00e9 confirm\u00e9 cette matin\u00e9e par son fils Alain-Christian Monkam. L\u2019on se souvient qu\u2019il y\u2019a [&hellip;]<\/p>\n","protected":false},"author":1969,"featured_media":0,"comment_status":"closed","ping_status":"closed","sticky":false,"template":"","format":"standard","meta":{"fifu_image_url":"https:\/\/ecomatin.net\/wp-content\/uploads\/2021\/02\/WhatsApp-Image-2021-02-27-at-14.49.38-780x470.jpeg","fifu_image_alt":"Le PDG des h\u00f4tels la Falaise Pascal Monkam n\u2019est plus","footnotes":""},"categories":[82,78],"tags":[],"class_list":["post-112175","post","type-post","status-publish","format-standard","hentry","category-cameroun","category-economie"],"_links":{"self":[{"href":"https:\/\/linitiative.ca\/International\/wp-json\/wp\/v2\/posts\/112175","targetHints":{"allow":["GET"]}}],"collection":[{"href":"https:\/\/linitiative.ca\/International\/wp-json\/wp\/v2\/posts"}],"about":[{"href":"https:\/\/linitiative.ca\/International\/wp-json\/wp\/v2\/types\/post"}],"author":[{"embeddable":true,"href":"https:\/\/linitiative.ca\/International\/wp-json\/wp\/v2\/users\/1969"}],"replies":[{"embeddable":true,"href":"https:\/\/linitiative.ca\/International\/wp-json\/wp\/v2\/comments?post=112175"}],"version-history":[{"count":0,"href":"https:\/\/linitiative.ca\/International\/wp-json\/wp\/v2\/posts\/112175\/revisions"}],"wp:attachment":[{"href":"https:\/\/linitiative.ca\/International\/wp-json\/wp\/v2\/media?parent=112175"}],"wp:term":[{"taxonomy":"category","embeddable":true,"href":"https:\/\/linitiative.ca\/International\/wp-json\/wp\/v2\/categories?post=112175"},{"taxonomy":"post_tag","embeddable":true,"href":"https:\/\/linitiative.ca\/International\/wp-json\/wp\/v2\/tags?post=112175"}],"curies":[{"name":"wp","href":"https:\/\/api.w.org\/{rel}","templated":true}]}}