{"id":112176,"date":"2021-02-27T12:57:13","date_gmt":"2021-02-27T17:57:13","guid":{"rendered":"https:\/\/linitiative.ca\/International\/securite-routiere-le-mintransports-mets-sur-pied-un-dispositif-de-limitation-de-vitesse\/"},"modified":"2021-02-27T12:57:13","modified_gmt":"2021-02-27T17:57:13","slug":"securite-routiere-le-mintransports-mets-sur-pied-un-dispositif-de-limitation-de-vitesse","status":"publish","type":"post","link":"https:\/\/linitiative.ca\/International\/securite-routiere-le-mintransports-mets-sur-pied-un-dispositif-de-limitation-de-vitesse\/","title":{"rendered":"S\u00e9curit\u00e9 routiere : le Mintransports mets sur pied un dispositif de limitation de vitesse"},"content":{"rendered":"<p>Face \u00e0 la recrudescence des accidents de la route, il devient plus qu\u2019urgent de trouver comment les limiter surtout ceux li\u00e9s aux exc\u00e8s de vitesse. C\u2019est sur cette lanc\u00e9e qu\u2019une \u00e9quipe du minist\u00e8re des Transports a proc\u00e9d\u00e9 ce 26 f\u00e9vrier \u00e0 l\u2019installation du Tempocal III sur la nationale n\u00ba3.<\/p>\n<p>Le Tempocam III est le nouveau dispositif mis en place par le minist\u00e8re des transports pour la lutte contre l\u2019exc\u00e8s de vitesse. Il a cette particularit\u00e9 de mesurer la vitesse bas\u00e9e sur le principe du Radar (radio detection and ranging). Produit de derni\u00e8re g\u00e9n\u00e9ration et con\u00e7ue en 2019, il est compos\u00e9 d\u2019un capteur, d\u2019un module informatique et d\u2019un module d\u2019image num\u00e9rique. Utilis\u00e9 sur un tr\u00e9pied de mani\u00e8re stationnaire ou mobile, il est capable de surveiller plusieurs v\u00e9hicules sur une route \u00e0 six voies de circulation. Les clich\u00e9s et informations g\u00e9n\u00e9r\u00e9s sont enregistr\u00e9s sur un support interne de donn\u00e9es jusqu\u2019\u00e0 ce qu\u2019ils soient t\u00e9l\u00e9charg\u00e9s du radar. Tempocam III offre \u00e9galement une facilit\u00e9 d\u2019utilisation quelque soit le temps qu\u2019il fait en journ\u00e9e, comme dans la nuit, et flashe les v\u00e9hicules dans les deux sens de la route avec un zoom performant.\u00a0\u00a0<\/p>\n<p><strong>Lire aussi<\/strong> : <a href=\"https:\/\/ecomatin.net\/transports-routier-une-nouvelle-carte-grise-voit-le-jour-au-cameroun\/\">Transports routier : une nouvelle carte grise voit le jour au Cameroun<\/a><\/p>\n<p>Pour son premier jour d\u2019utilisation, il affiche des r\u00e9sultats plut\u00f4t encourageant pour les officiels du Mintransports. \u00ab\u00a0L\u2019exp\u00e9rience de cette journ\u00e9e sur la nationale N\u00b03 a permis d\u2019enregistrer plus de 30 v\u00e9hicules flash\u00e9s en exc\u00e8s de vitesse en l\u2019espace de 30 minutes seulement. Mais le constat qui se d\u00e9gage\u00a0\u00a0de cette op\u00e9ration est que la majorit\u00e9 des v\u00e9hicules ont diminu\u00e9 leur allure \u00e0 la lecture de la plaque de signalisation.\u00a0\u00bb, indiquent-ils.<\/p>\n<p>Le ministre des Transports, compte doter toutes les r\u00e9gions du pays de Tempocam III pour que les usagers de la route soient davantage \u00e9duqu\u00e9s au respect de la limitation de vitesse et lutter contre les accidents de route dont 70% sont dus \u00e0 l\u2019exc\u00e8s de vitesse.<\/p>\n<p><strong>Lire aussi<\/strong> : <a href=\"https:\/\/ecomatin.net\/les-transporteurs-routiers-camerounais-renoncent-au-debrayage\/\">Les transporteurs routiers camerounais renoncent au d\u00e9brayage<\/a><\/p>\n<p>Outre l\u2019installation de Tempocal III ce 26 f\u00e9vrier 2021, L\u2019op\u00e9ration conduite par la direction des Transports routiers, visait aussi \u00e0 sensibiliser les automobilistes sur l\u2019exc\u00e8s de vitesse en les amenant \u00e0 adopter des comportements dissuasifs pour \u00e9viter les accidents de la circulation routi\u00e8re. Selon la direction des transports l\u2019avantage de cette nouvelle approche de communication r\u00e9side dans le fait qu\u2019une plaque de signalisation est pos\u00e9e en bordure de route avec l\u2019indication \u00ab attention radar \u00bb, invitant l\u2019automobiliste \u00e0 revoir son allure avant d\u2019atteindre le radar. Ce qui met le conducteur devant ses responsabilit\u00e9s et \u00e9vite des suspicions d\u2019extorsion des fonds par les agents de la pr\u00e9vention et la s\u00e9curit\u00e9 lorsque ce dernier est en tort.<\/p>\n<p>Cette activit\u00e9 du Mintransports rentre dans le cadre de la pr\u00e9vention et la s\u00e9curit\u00e9 routi\u00e8re, et s\u2019inscrit dans la batterie de mesures dissuasives mises en place de mani\u00e8re progressive par le ministre des Transports, Jean Ernest Mass\u00e9na Ngall\u00e8 Bib\u00e9h\u00e8 pour r\u00e9duire la courbe des accidents de la route.\u00a0<\/p>\n<p><strong>Lire aussi<\/strong> : <a href=\"https:\/\/ecomatin.net\/lutte-contre-la-corruption-la-conac-poursuit-le-combat-sur-les-axes-routiers\/\">Lutte contre la corruption : la Conac poursuit le combat sur les axes routiers<\/a><\/p>\n<p>En 2018, selon l\u2019organisation mondiale de la sante (OMS), au Cameroun plus de 16 000 accidents de la route sont enregistr\u00e9s chaque ann\u00e9e, ce qui tuent environ 1200 personnes.\u00a0Des chiffres qui peuvent d\u2019avantage \u00eatre r\u00e9duit \u00e0 travers ce dispositif du minist\u00e8re des transports.<\/p>\n<p>Auteur: Amina MALLOUM<br \/>\n<a href=\"https:\/\/ecomatin.net\/securite-routiere-le-mintransports-mets-sur-pied-un-dispositif-de-limitation-de-vitesse\/\">Cliquez ici pour lire l&rsquo;article depuis sa source.<\/a><\/p>\n","protected":false},"excerpt":{"rendered":"<p>Face \u00e0 la recrudescence des accidents de la route, il devient plus qu\u2019urgent de trouver comment les limiter surtout ceux li\u00e9s aux exc\u00e8s de vitesse. C\u2019est sur cette lanc\u00e9e qu\u2019une \u00e9quipe du minist\u00e8re des Transports a proc\u00e9d\u00e9 ce 26 f\u00e9vrier \u00e0 l\u2019installation du Tempocal III sur la nationale n\u00ba3. Le Tempocam III est le nouveau [&hellip;]<\/p>\n","protected":false},"author":1969,"featured_media":0,"comment_status":"closed","ping_status":"closed","sticky":false,"template":"","format":"standard","meta":{"fifu_image_url":"","fifu_image_alt":"","footnotes":""},"categories":[82,78],"tags":[],"class_list":["post-112176","post","type-post","status-publish","format-standard","hentry","category-cameroun","category-economie"],"_links":{"self":[{"href":"https:\/\/linitiative.ca\/International\/wp-json\/wp\/v2\/posts\/112176","targetHints":{"allow":["GET"]}}],"collection":[{"href":"https:\/\/linitiative.ca\/International\/wp-json\/wp\/v2\/posts"}],"about":[{"href":"https:\/\/linitiative.ca\/International\/wp-json\/wp\/v2\/types\/post"}],"author":[{"embeddable":true,"href":"https:\/\/linitiative.ca\/International\/wp-json\/wp\/v2\/users\/1969"}],"replies":[{"embeddable":true,"href":"https:\/\/linitiative.ca\/International\/wp-json\/wp\/v2\/comments?post=112176"}],"version-history":[{"count":0,"href":"https:\/\/linitiative.ca\/International\/wp-json\/wp\/v2\/posts\/112176\/revisions"}],"wp:attachment":[{"href":"https:\/\/linitiative.ca\/International\/wp-json\/wp\/v2\/media?parent=112176"}],"wp:term":[{"taxonomy":"category","embeddable":true,"href":"https:\/\/linitiative.ca\/International\/wp-json\/wp\/v2\/categories?post=112176"},{"taxonomy":"post_tag","embeddable":true,"href":"https:\/\/linitiative.ca\/International\/wp-json\/wp\/v2\/tags?post=112176"}],"curies":[{"name":"wp","href":"https:\/\/api.w.org\/{rel}","templated":true}]}}