{"id":112177,"date":"2021-02-28T03:56:33","date_gmt":"2021-02-28T08:56:33","guid":{"rendered":"https:\/\/linitiative.ca\/International\/anniversaire-sar-la-princesse-lalla-khadija-souffle-sa-14eme-bougie\/"},"modified":"2021-02-28T03:56:33","modified_gmt":"2021-02-28T08:56:33","slug":"anniversaire-sar-la-princesse-lalla-khadija-souffle-sa-14eme-bougie","status":"publish","type":"post","link":"https:\/\/linitiative.ca\/International\/anniversaire-sar-la-princesse-lalla-khadija-souffle-sa-14eme-bougie\/","title":{"rendered":"Anniversaire : SAR la Princesse Lalla Khadija souffle sa 14\u00e8me bougie"},"content":{"rendered":"<header>\n<\/header>\n<div class=\"entry-content clearfix\" readability=\"67\">\n<figure class=\"post-thumbnail\" itemprop=\"associatedMedia\" itemscope=\"itemscope\" itemtype=\"http:\/\/schema.org\/ImageObject\"><img decoding=\"async\" class=\"post_layout_5_img\" src=\"http:\/\/aujourdhui.ma\/wp-content\/uploads\/2018\/09\/SAR-Lalla-Khadija.jpg\" alt=\"Anniversaire : SAR la Princesse Lalla Khadija souffle sa 14\u00e8me bougie\"\/><\/figure>\n<p><span class=\"c5\"><strong>La Famille Royale et le peuple marocain tout entier c\u00e9l\u00e8brent, ce dimanche, dans la joie et le bonheur, le quatorzi\u00e8me anniversaire de Son Altesse Royale la Princesse Lalla Khadija, un heureux \u00e9v\u00e9nement qui refl\u00e8te la parfaite symbiose entre le Tr\u00f4ne et les diff\u00e9rentes composantes de la Nation et les sentiments de loyaut\u00e9 et d\u2019affection profonde que voue le peuple marocain \u00e0 l\u2019Illustre Famille Royale.<\/strong><\/span><\/p>\n<p><span id=\"more-369668\"\/><br \/>Cet anniversaire vient rappeler les moments de f\u00eate que les Marocains ont v\u00e9cus en ce jour b\u00e9ni du 28 f\u00e9vrier 2007, \u00e0 l\u2019annonce, par le minist\u00e8re de la Maison Royale, du Protocole et de la Chancellerie, de la naissance de SAR la Princesse Lalla Khadija, dont la venue au monde a illumin\u00e9 la Maison Royale.<br \/>Les manifestations de joie et de r\u00e9jouissance ont fus\u00e9 de partout \u00e0 l\u2019annonce de la naissance de SAR la Princesse Lalla Khadija, deuxi\u00e8me enfant de Sa Majest\u00e9 le Roi Mohammed VI, que Dieu L\u2019assiste, apr\u00e8s SAR le Prince H\u00e9ritier Moulay El Hassan.<br \/>Les Marocains ont exprim\u00e9, sous diverses formes, les marques de bonheur et de communion avec la Famille Royale en signant les Livres d\u2019Or ouverts au si\u00e8ge de la Direction du Protocole Royal et de la Chancellerie, ainsi que dans les diff\u00e9rentes wilayas, pr\u00e9fectures et provinces du Royaume. Les diff\u00e9rentes villes du Maroc \u00e9taient aussi de la f\u00eate, en rev\u00eatant l\u2019apparat des grands jours. Les art\u00e8res, les places et les b\u00e2timents publics ayant \u00e9t\u00e9 d\u00e9cor\u00e9s de lampions et bard\u00e9s de drapeaux et de banderoles color\u00e9es.<br \/>\u00c0 ces r\u00e9jouissances organis\u00e9es dans les villes et les campagnes du pays se sont associ\u00e9s les membres de la communaut\u00e9 marocaine \u00e9tablie \u00e0 l\u2019\u00e9tranger, ainsi qu\u2019un grand nombre de personnalit\u00e9s politiques, diplomatiques, du monde des arts, des sports et des affaires, qui ont afflu\u00e9 aux ambassades et consulats du Royaume dans plusieurs pays pour exprimer leurs f\u00e9licitations au Souverain en cette heureuse occasion.<br \/>Des familles, dont la naissance de leur nouveau-n\u00e9 co\u00efncidait avec celle de SAR la Princesse Lalla Khadija, ont \u00e9t\u00e9 gratifi\u00e9es de pr\u00e9sents et de Cadeaux Royaux qui leur ont \u00e9t\u00e9 remis lors de r\u00e9ceptions organis\u00e9es \u00e0 cette occasion. Un des moments forts des festivit\u00e9s a \u00e9t\u00e9 incontestablement le jour de L\u00e2akika, le 7 mars 2007, organis\u00e9 dans la pure tradition marocaine.<\/p>\n<\/div>\n<p>Auteur: ALM<br \/>\n<a href=\"https:\/\/aujourdhui.ma\/actualite\/anniversaire-sar-la-princesse-lalla-khadija-souffle-sa-14eme-bougie\">Cliquez ici pour lire l&rsquo;article depuis sa source.<\/a><\/p>\n","protected":false},"excerpt":{"rendered":"<p>La Famille Royale et le peuple marocain tout entier c\u00e9l\u00e8brent, ce dimanche, dans la joie et le bonheur, le quatorzi\u00e8me anniversaire de Son Altesse Royale la Princesse Lalla Khadija, un heureux \u00e9v\u00e9nement qui refl\u00e8te la parfaite symbiose entre le Tr\u00f4ne et les diff\u00e9rentes composantes de la Nation et les sentiments de loyaut\u00e9 et d\u2019affection profonde [&hellip;]<\/p>\n","protected":false},"author":1759,"featured_media":0,"comment_status":"closed","ping_status":"closed","sticky":false,"template":"","format":"standard","meta":{"fifu_image_url":"http:\/\/aujourdhui.ma\/wp-content\/uploads\/2018\/09\/SAR-Lalla-Khadija.jpg","fifu_image_alt":"Anniversaire : SAR la Princesse Lalla Khadija souffle sa 14\u00e8me bougie","footnotes":""},"categories":[73,54],"tags":[],"class_list":["post-112177","post","type-post","status-publish","format-standard","hentry","category-actualite","category-maroc"],"_links":{"self":[{"href":"https:\/\/linitiative.ca\/International\/wp-json\/wp\/v2\/posts\/112177","targetHints":{"allow":["GET"]}}],"collection":[{"href":"https:\/\/linitiative.ca\/International\/wp-json\/wp\/v2\/posts"}],"about":[{"href":"https:\/\/linitiative.ca\/International\/wp-json\/wp\/v2\/types\/post"}],"author":[{"embeddable":true,"href":"https:\/\/linitiative.ca\/International\/wp-json\/wp\/v2\/users\/1759"}],"replies":[{"embeddable":true,"href":"https:\/\/linitiative.ca\/International\/wp-json\/wp\/v2\/comments?post=112177"}],"version-history":[{"count":0,"href":"https:\/\/linitiative.ca\/International\/wp-json\/wp\/v2\/posts\/112177\/revisions"}],"wp:attachment":[{"href":"https:\/\/linitiative.ca\/International\/wp-json\/wp\/v2\/media?parent=112177"}],"wp:term":[{"taxonomy":"category","embeddable":true,"href":"https:\/\/linitiative.ca\/International\/wp-json\/wp\/v2\/categories?post=112177"},{"taxonomy":"post_tag","embeddable":true,"href":"https:\/\/linitiative.ca\/International\/wp-json\/wp\/v2\/tags?post=112177"}],"curies":[{"name":"wp","href":"https:\/\/api.w.org\/{rel}","templated":true}]}}