{"id":112180,"date":"2021-02-28T09:45:31","date_gmt":"2021-02-28T14:45:31","guid":{"rendered":"https:\/\/linitiative.ca\/International\/omar-el-alaoui-el-balrhiti-dakhla-est-une-terre-daccueil-et-davenir\/"},"modified":"2021-02-28T09:45:31","modified_gmt":"2021-02-28T14:45:31","slug":"omar-el-alaoui-el-balrhiti-dakhla-est-une-terre-daccueil-et-davenir","status":"publish","type":"post","link":"https:\/\/linitiative.ca\/International\/omar-el-alaoui-el-balrhiti-dakhla-est-une-terre-daccueil-et-davenir\/","title":{"rendered":"Omar\u00a0El\u00a0Alaoui El Balrhiti : \u00abDakhla est une terre d\u2019accueil  et d\u2019avenir\u00bb"},"content":{"rendered":"<p><iframe loading=\"lazy\" width=\"536\" height=\"323\" src=\"\/\/www.youtube.com\/embed\/-NajJdrOvIA?\" frameborder=\"0\" allowfullscreen=\"allowfullscreen\">[embedded content]<\/iframe><\/p>\n<p><span class=\"c5\"><strong>Entretien avec Omar\u00a0El\u00a0Alaoui El Balrhiti, pr\u00e9sident de l\u2019association Nord-Sud action<\/strong><\/span><span id=\"more-369597\"\/><\/p>\n<p><span class=\"c6\">Notre association a particip\u00e9 \u00e0 l\u2019organisation d\u2019une s\u00e9rie d\u2019activit\u00e9s, notamment des voyages de presse que nous avons r\u00e9alis\u00e9s ici \u00e0 Dakhla, des salons \u00e0 l\u2019\u00e9tranger, on a aussi organis\u00e9 des \u00e9v\u00e9nements dans le domaine touristique.<\/span><\/p>\n<p><strong>ALM\u00a0: Quelles sont les principales actions initi\u00e9es par l\u2019association Nord-Sud action pour assurer le rayonnement de la r\u00e9gion de Dakhla\u00a0?<\/strong><\/p>\n<p><span class=\"c6\"><strong>Omar\u00a0El\u00a0Alaoui El Balrhiti\u00a0:<\/strong><\/span> L\u2019association Nord-Sud action a pour objectif la communication, le d\u00e9veloppement socio-\u00e9conomique et l\u2019incitation \u00e0 l\u2019investissement, donc elle a \u00e9t\u00e9 cr\u00e9\u00e9e en 2011 pour accompagner les actions men\u00e9es par d\u2019autres organismes \u00e9tatiques et accompagner aussi la r\u00e9gion dans le d\u00e9veloppement de Dakhla en tant que destination touristique et d\u2019investissement. Notre association a particip\u00e9 \u00e0 l\u2019organisation d\u2019une s\u00e9rie d\u2019activit\u00e9s, notamment des voyages de presse que nous avons r\u00e9alis\u00e9s ici \u00e0 Dakhla, des salons \u00e0 l\u2019\u00e9tranger, on a aussi organis\u00e9 des \u00e9v\u00e9nements dans le domaine touristique, et on a men\u00e9 des actions sociales partout au Maroc. Cette fois et vu l\u2019essor que conna\u00eet cette r\u00e9gion, nous entamons tr\u00e8s bient\u00f4t un \u00e9v\u00e9nement unique en partenariat avec le Centre r\u00e9gional d\u2019investissement de Dakhla pour organiser le dernier weekend de chaque mois un voyage de prospection au profit des investisseurs nationaux et \u00e9trangers pour avoir une visibilit\u00e9 sur l\u2019investissement et les opportunit\u00e9s offertes par la r\u00e9gion.<\/p>\n<p><strong>D\u2019o\u00f9 est venue l\u2019id\u00e9e d\u2019organiser cette initiative in\u00e9dite au niveau national\u00a0?<\/strong><\/p>\n<p>Cette id\u00e9e on l\u2019a eue avec le directeur du CRI de Dakhla, et vu l\u2019ampleur de la r\u00e9gion, il fallait faire conna\u00eetre plus la r\u00e9gion et travailler le marketing territorial pour faire venir les investisseurs.<\/p>\n<p><strong>Quelles sont les retomb\u00e9es des actions de votre association sur la ville de Dakhla\u00a0?<\/strong><\/p>\n<p>Jusqu\u2019 \u00e0 pr\u00e9sent on a eu pas mal d\u2019investisseurs \u00e0 travers nos actions, notamment dans les secteurs li\u00e9s au tourisme, l\u2019industrie et aussi l\u2019agriculture.<\/p>\n<p><strong>Comment votre association accompagne-t-elle ces investisseurs\u00a0?<\/strong><\/p>\n<p>Nous, notre relation se limite \u00e0 la mise en relation de l\u2019investisseur avec l\u2019autorit\u00e9 locale de Dakhla et avec les acteurs locaux de la r\u00e9gion, et on l\u2019accompagne \u00e9galement dans la recherche des lots de terrains pour qu\u2019ils puissent investir chacun dans son secteur d\u2019activit\u00e9.<\/p>\n<p><strong>Quel regard portez-vous sur le climat d\u2019investissement \u00e0 Dakhla\u00a0?<\/strong><\/p>\n<p>Vu les nouvelles installations qu\u2019on aura \u00e0 Dakhla de la part des entreprises internationales, je pense que la r\u00e9gion va de l\u2019avant et donc \u00e7a c\u2019est un appel de Dakhla pour venir nous voir ici sur place et s\u2019arr\u00eater sur les opportunit\u00e9s offertes par la r\u00e9gion.<\/p>\n<p><strong>Y a-t-il des facilit\u00e9s sp\u00e9cifiques qui sont accord\u00e9es aux investisseurs\u00a0?<\/strong><\/p>\n<p>Les facilit\u00e9s sont d\u00e9j\u00e0 connues, notamment une certaine flexibilit\u00e9 au niveau fiscal m\u00eame si je ne suis pas habilit\u00e9 \u00e0 le d\u00e9tailler.<\/p>\n<p><strong>Quels sont les projets futurs de votre association\u00a0?<\/strong><\/p>\n<p>Comme nous sommes sp\u00e9cialis\u00e9s dans l\u2019\u00e9v\u00e9nementiel, nous avons tout un agenda d\u2019\u00e9v\u00e9nements qu\u2019on va mener dans le reste de l\u2019ann\u00e9e en cours, notamment le Raid Tanger-Lagouira que nous organisons chaque ann\u00e9e \u00e0 l\u2019occasion de la Marche Verte et un autre \u00e9v\u00e9nement qu\u2019on pr\u00e9pare avec d\u2019autres organismes.<\/p>\n<p><strong>Un dernier mot\u00a0?<\/strong><\/p>\n<p>J\u2019invite tous les investisseurs du Maroc et de l\u2019\u00e9tranger \u00e0 venir et nous rendre visite, nous avons beaucoup de choses \u00e0 leur offrir. Dakhla est une terre d\u2019accueil et d\u2019avenir.<\/p>\n<p>Auteur: Mohamed Laabid<br \/>\n<a href=\"https:\/\/aujourdhui.ma\/economie\/omar-el-alaoui-el-balrhiti-dakhla-est-une-terre-daccueil-et-davenir\">Cliquez ici pour lire l&rsquo;article depuis sa source.<\/a><\/p>\n","protected":false},"excerpt":{"rendered":"<p>[embedded content] Entretien avec Omar\u00a0El\u00a0Alaoui El Balrhiti, pr\u00e9sident de l\u2019association Nord-Sud action Notre association a particip\u00e9 \u00e0 l\u2019organisation d\u2019une s\u00e9rie d\u2019activit\u00e9s, notamment des voyages de presse que nous avons r\u00e9alis\u00e9s ici \u00e0 Dakhla, des salons \u00e0 l\u2019\u00e9tranger, on a aussi organis\u00e9 des \u00e9v\u00e9nements dans le domaine touristique. ALM\u00a0: Quelles sont les principales actions initi\u00e9es par [&hellip;]<\/p>\n","protected":false},"author":1759,"featured_media":0,"comment_status":"closed","ping_status":"closed","sticky":false,"template":"","format":"standard","meta":{"fifu_image_url":"","fifu_image_alt":"","footnotes":""},"categories":[73,54],"tags":[],"class_list":["post-112180","post","type-post","status-publish","format-standard","hentry","category-actualite","category-maroc"],"_links":{"self":[{"href":"https:\/\/linitiative.ca\/International\/wp-json\/wp\/v2\/posts\/112180","targetHints":{"allow":["GET"]}}],"collection":[{"href":"https:\/\/linitiative.ca\/International\/wp-json\/wp\/v2\/posts"}],"about":[{"href":"https:\/\/linitiative.ca\/International\/wp-json\/wp\/v2\/types\/post"}],"author":[{"embeddable":true,"href":"https:\/\/linitiative.ca\/International\/wp-json\/wp\/v2\/users\/1759"}],"replies":[{"embeddable":true,"href":"https:\/\/linitiative.ca\/International\/wp-json\/wp\/v2\/comments?post=112180"}],"version-history":[{"count":0,"href":"https:\/\/linitiative.ca\/International\/wp-json\/wp\/v2\/posts\/112180\/revisions"}],"wp:attachment":[{"href":"https:\/\/linitiative.ca\/International\/wp-json\/wp\/v2\/media?parent=112180"}],"wp:term":[{"taxonomy":"category","embeddable":true,"href":"https:\/\/linitiative.ca\/International\/wp-json\/wp\/v2\/categories?post=112180"},{"taxonomy":"post_tag","embeddable":true,"href":"https:\/\/linitiative.ca\/International\/wp-json\/wp\/v2\/tags?post=112180"}],"curies":[{"name":"wp","href":"https:\/\/api.w.org\/{rel}","templated":true}]}}