{"id":112182,"date":"2021-02-28T09:15:20","date_gmt":"2021-02-28T14:15:20","guid":{"rendered":"https:\/\/linitiative.ca\/International\/%ef%bb%bfla-loi-alimentation-na-pas-profite-aux-producteurs\/"},"modified":"2021-02-28T09:15:20","modified_gmt":"2021-02-28T14:15:20","slug":"%ef%bb%bfla-loi-alimentation-na-pas-profite-aux-producteurs","status":"publish","type":"post","link":"https:\/\/linitiative.ca\/International\/%ef%bb%bfla-loi-alimentation-na-pas-profite-aux-producteurs\/","title":{"rendered":"\ufeffLa loi Alimentation n\u2019a pas profit\u00e9 aux producteurs"},"content":{"rendered":"<p class=\"has-text-color has-vivid-red-color c1\"><strong>N\u00e9gociations commerciales<\/strong><\/p>\n<p class=\"has-text-color has-vivid-cyan-blue-color\"><strong>Pas de relations apais\u00e9es entre producteurs, industriels de l\u2019agroalimentaire et distributeurs, pas non plus de \u00ab\u00a0ruissellement\u00a0\u00bb de richesses dans les cours de ferme: l\u2019\u00e9dition 2020-21 des n\u00e9gociations commerciales, tr\u00e8s tendue, s\u2019ach\u00e8ve lundi, et semble loin de l\u2019esprit des Etats g\u00e9n\u00e9raux de l\u2019alimentation.<\/strong><\/p>\n<p>De nombreux accords ont certes \u00e9t\u00e9 conclus sur les prix des produits qui seront vendus cette ann\u00e9e en grande surface. Mais ces discussions se terminent dans une ambiance souvent houleuse.<\/p>\n<p>Comme \u00e0 l\u2019accoutum\u00e9e, les agriculteurs ont accus\u00e9 les supermarch\u00e9s de tirer les prix \u00e0 la baisse, ces derniers ont d\u00e9nonc\u00e9 les hausses de tarifs demand\u00e9es par les agro-industriels (laiteries, biscuiteries, salaisons, producteurs de conserves ou de plats pr\u00e9par\u00e9s\u2026). Lesquels, jug\u00e9s peu transparents sur leurs marges, ont critiqu\u00e9 \u00e0 leur tour les distributeurs.<\/p>\n<p>Quant au gouvernement et aux services de l\u2019Etat, notamment la Direction g\u00e9n\u00e9rale de la Concurrence, de la consommation et de la r\u00e9pression des fraudes (DGCCRF), ils ont tent\u00e9 tant bien que mal de rappeler chacun \u00e0 ses responsabilit\u00e9s et ont multipli\u00e9 les contr\u00f4les \u2013 voire les amendes \u2013 pour limiter les manquements.<\/p>\n<p>Mi-f\u00e9vrier, c\u2019est Intermarch\u00e9 qui a \u00e9t\u00e9 assign\u00e9 pour \u00ab\u00a0pratiques commerciales abusives\u00a0\u00bb de ses centrales d\u2019achat internationales, le minist\u00e8re de l\u2019Economie demandant une sanction spectaculaire de 150,75 millions d\u2019euros. Le distributeur, qui entend \u00ab\u00a0contester\u00a0\u00bb cette assignation, d\u00e9fend ses n\u00e9gociations, \u00ab\u00a0men\u00e9es au service de la d\u00e9fense du pouvoir d\u2019achat des consommateurs\u00a0\u00bb.<\/p>\n<p>Pas de quoi apaiser le monde agricole, qui a manifest\u00e9 devant des grandes surfaces et des pr\u00e9fectures. \u00ab\u00a0Les indicateurs sont au rouge vif dans de nombreuses fili\u00e8res!\u00a0\u00bb, a pr\u00e9venu le syndicat agricole majoritaire FNSEA.<\/p>\n<p>Emmanuel Macron a estim\u00e9 qu\u2019il \u00e9tait n\u00e9cessaire de \u00ab\u00a0se battre pour le juste retour de la valeur chez les producteurs\u00a0\u00bb. C\u2019\u00e9tait tout l\u2019enjeu de la loi Alimentation (EGAlim) port\u00e9e par le gouvernement en d\u00e9but de quinquennat. Mais le ministre de l\u2019Agriculture, Julien Denormandie, a d\u00fb reconna\u00eetre qu\u2019elle \u00e9tait loin d\u2019avoir atteint ses objectifs.<\/p>\n<p>\u00ab\u00a0Les n\u00e9gociations se passent tout \u00e0 fait normalement, il n\u2019y a pas de probl\u00e8mes particuliers\u00a0\u00bb, a assur\u00e9 jeudi le directeur financier de Casino, David Lubek, assurant travailler \u00ab\u00a0comme tous les ans sur les enjeux de soutenabilit\u00e9, dans une logique de pr\u00e9servation des fili\u00e8res agricoles\u00a0\u00bb.<\/p>\n<p>\u00ab\u00a0Les tensions ont \u00e9t\u00e9 cette ann\u00e9e un peu exacerb\u00e9es\u00a0\u00bb, souligne de son c\u00f4t\u00e9 l\u2019ancien patron de Syst\u00e8me U Serge Papin, dans un contexte d\u2019inqui\u00e9tudes sanitaires, \u00e9conomiques et de flamb\u00e9e des prix des mati\u00e8res premi\u00e8res.<br \/>Mandat\u00e9 par le gouvernement pour tenter de \u00ab\u00a0r\u00e9concilier\u00a0\u00bb les diff\u00e9rents acteurs, il est, aupr\u00e8s de l\u2019AFP, cat\u00e9gorique: \u00ab\u00a0le moment est venu de bifurquer et de changer les r\u00e8gles du jeu\u00a0\u00bb pour pr\u00e9server la production agricole, donc \u00ab\u00a0la souverainet\u00e9 alimentaire de la France\u00a0\u00bb.<\/p>\n<p>Julien Denormandie entend r\u00e9unir les repr\u00e9sentants de chaque secteur \u00ab\u00a0\u00e0 partir de la fin mars\u00a0\u00bb, une fois l\u2019\u00e9motion retomb\u00e9e, pour commencer des n\u00e9gociations d\u2019un autre type, sur les pr\u00e9conisations de Serge Papin qui propose \u00ab\u00a0la sortie du syst\u00e8me de n\u00e9gociations annuelles, au b\u00e9n\u00e9fice de contractualisation pluriannuelle\u00a0\u00bb. Dimanche matin, M. Papin a appel\u00e9 \u00e0 une \u00ab\u00a0paix des braves\u00a0\u00bb sur France Info pour tenter de rapprocher les uns et les autres.<\/p>\n<p>Un accord est-il possible? M. Denormandie a agit\u00e9 la menace d\u2019une nouvelle loi, si un accord n\u2019est pas trouv\u00e9, m\u00eame si le calendrier l\u00e9gislatif semble d\u00e9j\u00e0 bien encombr\u00e9 d\u2019ici \u00e0 2022. \u00ab\u00a0Si la grande distribution, si les industriels ne changent pas, c\u2019est les agriculteurs qui vont dispara\u00eetre\u00a0\u00bb, a pr\u00e9venu le ministre samedi sur Europe 1.<\/p>\n<p>Le directeur ex\u00e9cutif de Lidl France Michel Biero souligne, pour sa part, que son entreprise a souscrit nombre d\u2019accords dits \u00ab\u00a0tripartites\u00a0\u00bb avec des \u00e9leveurs ou producteurs agricoles. Une part tr\u00e8s mineure de son assortiment d\u00e9pend certes des n\u00e9gociations annuelles, mais M. Denormandie lui avait rendu une visite d\u00e9but f\u00e9vrier, tout un symbole.<\/p>\n<p>Permettant de s\u2019accorder sur un prix fix\u00e9 par les producteurs, ce sont, assure Michel Biero, \u00ab\u00a0les seuls contrats qui s\u2019\u00e9tablissent sur la confiance et la transparence\u00a0\u00bb. Deux concepts qui n\u2019\u00e9taient, aux dires des diff\u00e9rents acteurs, pas au coeur de ces n\u00e9gociations commerciales\u2026<\/p>\n<p>Auteur: M&rsquo;hammed rahal<br \/>\n<a href=\"http:\/\/albayane.press.ma\/%EF%BB%BFla-loi-alimentation-na-pas-profite-aux-producteurs.html\">Cliquez ici pour lire l&rsquo;article depuis sa source.<\/a><\/p>\n","protected":false},"excerpt":{"rendered":"<p>N\u00e9gociations commerciales Pas de relations apais\u00e9es entre producteurs, industriels de l\u2019agroalimentaire et distributeurs, pas non plus de \u00ab\u00a0ruissellement\u00a0\u00bb de richesses dans les cours de ferme: l\u2019\u00e9dition 2020-21 des n\u00e9gociations commerciales, tr\u00e8s tendue, s\u2019ach\u00e8ve lundi, et semble loin de l\u2019esprit des Etats g\u00e9n\u00e9raux de l\u2019alimentation. De nombreux accords ont certes \u00e9t\u00e9 conclus sur les prix des [&hellip;]<\/p>\n","protected":false},"author":1760,"featured_media":0,"comment_status":"closed","ping_status":"closed","sticky":false,"template":"","format":"standard","meta":{"fifu_image_url":"","fifu_image_alt":"","footnotes":""},"categories":[73,54],"tags":[],"class_list":["post-112182","post","type-post","status-publish","format-standard","hentry","category-actualite","category-maroc"],"_links":{"self":[{"href":"https:\/\/linitiative.ca\/International\/wp-json\/wp\/v2\/posts\/112182","targetHints":{"allow":["GET"]}}],"collection":[{"href":"https:\/\/linitiative.ca\/International\/wp-json\/wp\/v2\/posts"}],"about":[{"href":"https:\/\/linitiative.ca\/International\/wp-json\/wp\/v2\/types\/post"}],"author":[{"embeddable":true,"href":"https:\/\/linitiative.ca\/International\/wp-json\/wp\/v2\/users\/1760"}],"replies":[{"embeddable":true,"href":"https:\/\/linitiative.ca\/International\/wp-json\/wp\/v2\/comments?post=112182"}],"version-history":[{"count":0,"href":"https:\/\/linitiative.ca\/International\/wp-json\/wp\/v2\/posts\/112182\/revisions"}],"wp:attachment":[{"href":"https:\/\/linitiative.ca\/International\/wp-json\/wp\/v2\/media?parent=112182"}],"wp:term":[{"taxonomy":"category","embeddable":true,"href":"https:\/\/linitiative.ca\/International\/wp-json\/wp\/v2\/categories?post=112182"},{"taxonomy":"post_tag","embeddable":true,"href":"https:\/\/linitiative.ca\/International\/wp-json\/wp\/v2\/tags?post=112182"}],"curies":[{"name":"wp","href":"https:\/\/api.w.org\/{rel}","templated":true}]}}