{"id":112185,"date":"2021-02-28T09:29:30","date_gmt":"2021-02-28T14:29:30","guid":{"rendered":"https:\/\/linitiative.ca\/International\/%ef%bb%bfdes-associations-plaident-pour-une-parite-horizontale-et-verticale\/"},"modified":"2021-02-28T09:29:30","modified_gmt":"2021-02-28T14:29:30","slug":"%ef%bb%bfdes-associations-plaident-pour-une-parite-horizontale-et-verticale","status":"publish","type":"post","link":"https:\/\/linitiative.ca\/International\/%ef%bb%bfdes-associations-plaident-pour-une-parite-horizontale-et-verticale\/","title":{"rendered":"\ufeffDes associations plaident pour une parit\u00e9 horizontale et verticale"},"content":{"rendered":"<p class=\"has-text-color has-vivid-red-color c1\"><strong>Droits politiques de la femme<\/strong><\/p>\n<p class=\"c2\"><strong>Khalid Darfaf<\/strong><\/p>\n<p class=\"has-text-color c3\"><strong>\u00abIl faut \u0153uvrer \u00e0 mettre en place un syst\u00e8me \u00e9lectoral inclusif, int\u00e9grant toutes les composantes de la soci\u00e9t\u00e9 marocaine\u00bb, a soulign\u00e9 Nouzha Skalli, la pr\u00e9sidente de l\u2019Association Awal-Houriyates, vendredi 26 f\u00e9vrier \u00e0 Casablanca, lors de la pr\u00e9sentation du m\u00e9morandum de plaidoyer portant sur les r\u00e9formes \u00e9lectorales pour les prochaines \u00e9ch\u00e9ances.<\/strong><\/p>\n<p>Il faut dire que ce projet \u00e9labor\u00e9 conjointement avec l\u2019Association Tahadi pour l\u2019\u00c9galit\u00e9 et la Citoyennet\u00e9 (ATEC) et ayant l\u2019appui de plusieurs associations de la soci\u00e9t\u00e9 civile, a pour objectif la promotion de la repr\u00e9sentation politique de la femme dans les instances \u00e9lues en vue d\u2019atteindre le principe de la parit\u00e9 qui est avant tout une disposition constitutionnelle, a insist\u00e9 Nouzha Skalli. Cela \u00e9tant, le Parlement dans son \u00e9tat actuel, ne constitue pas une v\u00e9ritable incarnation de la soci\u00e9t\u00e9 marocaine. \u00abCela pose la probl\u00e9matique de la participation politique qui demeure en-de\u00e7\u00e0 des attentes\u00bb, a-t-elle not\u00e9 en substance.<\/p>\n<p>Ainsi, pour l\u2019ancienne ministre de la famille, \u00abla r\u00e9forme des lois \u00e9lectorales exige, d\u2019abord, \u00a0une r\u00e9flexion profonde et un d\u00e9bat serein et permanent et ne devrait point \u00eatre momentan\u00e9, \u00a0impos\u00e9 par une logique situationnelle\u00bb. \u00a0Certes, des efforts incommensurables ont \u00e9t\u00e9 consentis pour renforcer davantage la pr\u00e9sence de la gente f\u00e9minine dans le champ politique, mais il reste un long chemin \u00e0 parcourir, a-t-elle poursuivi. Selon la conf\u00e9renci\u00e8re, la mise en place d\u2019un syst\u00e8me \u00e9lectoral d\u00e9mocratique et paritaire va contribuer d\u2019abord au renouvellement des \u00e9lites. Pour elle, il serait aberrant de limiter le mandat de ceux ou celles qui ont issus de la liste nationale alors que ce n\u2019est pas du tout le cas de ceux qui sont \u00e9lus sur la base de la liste locale, notant dans ce sens que les listes r\u00e9gionaux \u00absont empreintes d\u2019ambig\u00fcit\u00e9\u00bb.<\/p>\n<p>Abondant dans le m\u00eame ordre d\u2019id\u00e9es, la militante progressiste a mis l\u2019accent sur la n\u00e9cessit\u00e9 de la mise en place d\u2019une r\u00e9forme incluant\u00a0 d\u2019une parit\u00e9 verticale et horizontale en vue d\u2019accroitre la repr\u00e9sentation politique des femmes dans le champ politique. En termes plus clairs, la parit\u00e9 horizontale requiert que les listes \u00e9lectorales contiennent un nombre \u00e9gal des femmes et d\u2019hommes, alors qu\u2019une parit\u00e9 verticale exige une alternance entre les femmes et les hommes dans la m\u00eame liste, a-t-elle expliqu\u00e9.<\/p>\n<p>La conf\u00e9renci\u00e8re a cit\u00e9 dans ce sens le taux des femmes qui pr\u00e9sident des communes et qui s\u2019\u00e9l\u00e8ve \u00e0 peine \u00e0 1%. \u00ab\u00a0Un tel constat s\u2019explique par plusieurs facteurs, qui sont d\u2019abord \u00a0d\u2019ordre culturel, li\u00e9s en grande partie aux st\u00e9r\u00e9otypes que fait la soci\u00e9t\u00e9 de la femme\u2026\u00bb, a-t-elle avanc\u00e9. Pour elle selon, la concr\u00e9tisation du principe de la parit\u00e9 passe par la mise en \u0153uvre des dispositions constitutionnelles, notamment l\u2019article 19 et l\u2019article 64.<\/p>\n<p><strong>Pour un d\u00e9bat serein et profond<\/strong><\/p>\n<p>De son c\u00f4t\u00e9, Bouchra Abdou, pr\u00e9sidente de l\u2019Association ATEC, s\u2019est pench\u00e9e dans son intervention sur les entraves structurelles limitant l\u2019int\u00e9gration de la femme dans la vie politique. L\u2019intervenante a ainsi soulign\u00e9 l\u2019importance de l\u2019ouverture d\u2019un d\u00e9bat public en vue de lutter contre la discrimination \u00e0 l\u2019\u00e9gard des femmes. Pour ce faire, elle a appel\u00e9 \u00e0 ce que \u00ab\u00a0les diff\u00e9rentes lois organiques relatives \u00e0 la chambre des repr\u00e9sentants, \u00e0 la chambre des conseillers et aux diff\u00e9rentes collectivit\u00e9s locales doivent faire r\u00e9f\u00e9rence \u00e0 l\u2019article 19 de la Constitution et au devoir de l\u2019Etat d\u2019\u0153uvrer pour la parit\u00e9\u00a0\u00bb. \u00c9voquant les listes r\u00e9gionales, Bouchra Abdou a soulign\u00e9 que ces listes devraient \u00eatre paritaires entre femmes et hommes tout en \u00e9tant pr\u00e9sid\u00e9es par des femmes.\u00a0<\/p>\n<p>S\u2019agissant des listes locales, la conf\u00e9renci\u00e8re a appel\u00e9 \u00e0 la mise en place d\u2019un nouveau m\u00e9canisme suppl\u00e9mentaire garantissant au moins\u00a0 l\u2019\u00e9lection d\u2019une femme pour chaque circonscription locale. L\u2019application d\u2019une telle mesure va permettre d\u2019atteindre un taux de 35% de femmes au sein de la chambre des repr\u00e9sentants.\u00a0\u00a0\u00a0\u00a0\u00a0\u00a0\u00a0\u00a0\u00a0\u00a0\u00a0\u00a0\u00a0\u00a0\u00a0\u00a0\u00a0\u00a0\u00a0\u00a0\u00a0\u00a0\u00a0\u00a0\u00a0\u00a0\u00a0\u00a0\u00a0\u00a0\u00a0\u00a0\u00a0\u00a0\u00a0\u00a0\u00a0\u00a0\u00a0\u00a0\u00a0\u00a0\u00a0\u00a0\u00a0\u00a0\u00a0\u00a0\u00a0\u00a0\u00a0\u00a0\u00a0\u00a0\u00a0\u00a0\u00a0\u00a0\u00a0\u00a0\u00a0\u00a0\u00a0\u00a0\u00a0\u00a0\u00a0\u00a0\u00a0\u00a0\u00a0\u00a0\u00a0\u00a0\u00a0\u00a0\u00a0\u00a0\u00a0\u00a0\u00a0\u00a0\u00a0\u00a0 A l\u2019instar de Nouzha Skalli, Bouchra Abdou\u00a0 a invit\u00e9 le l\u00e9gislateur \u00e0 abroger l\u2019article 5 de loi organique de la chambre des repr\u00e9sentants et la mise en place d\u2019une commission permanente pour l\u2019\u00e9galit\u00e9 de genre et la parit\u00e9 dans les deux chambres et garantir la parit\u00e9 au sein des structures du Parlement. Concernant les collectivit\u00e9s territoriales, le m\u00e9morandum des deux associations insiste sur la parit\u00e9 et alternance\u00a0 sur les listes de candidatures et que 50% des listes devront \u00eatre pr\u00e9sid\u00e9es par des femmes aussi bien au niveau des communes qu\u2019aux niveaux des conseils provinciaux, pr\u00e9fectoraux ou encore r\u00e9gionaux.\u00a0\u00a0\u00a0\u00a0\u00a0<\/p>\n<p>Par ailleurs, Rachida Tahiri, Secr\u00e9taire g\u00e9n\u00e9ral de l\u2019Association Awal- Houriyates,\u00a0 a appel\u00e9 \u00e0 entamer des ruptures cat\u00e9goriques avec l\u2019existant en adoptant des textes de lois\u00a0 paritaires, \u00a0garantissant une v\u00e9ritable d\u00e9mocratie participative et ce \u00e0 travers la valorisation de l\u2019approche genre, tout en \u00a0indiquant qu\u2019il temps de cr\u00e9er une commission permanente de l\u2019\u00e9galit\u00e9 et la parit\u00e9 au niveau de l\u2019institution l\u00e9gislative. Pour la militante du Parti du progr\u00e8s et du socialisme (PPS), la bataille devrait se situer \u00e0 plusieurs fronts\u00a0: (Parlement et Partis politiques)\u00a0 dont l\u2019objectif est celui s\u2019impliquer davantage les femmes dans le processus d\u00e9cisionnel, a-t-elle d\u00e9clar\u00e9 avec insistance. Notons au final que le d\u00e9bat a \u00e9t\u00e9 anim\u00e9 par Mehdi Laimina, membre d\u2019ATEC.<\/p>\n<p>Auteur: M&rsquo;hammed rahal<br \/>\n<a href=\"http:\/\/albayane.press.ma\/%EF%BB%BFdes-associations-plaident-pour-une-parite-horizontale-et-verticale.html\">Cliquez ici pour lire l&rsquo;article depuis sa source.<\/a><\/p>\n","protected":false},"excerpt":{"rendered":"<p>Droits politiques de la femme Khalid Darfaf \u00abIl faut \u0153uvrer \u00e0 mettre en place un syst\u00e8me \u00e9lectoral inclusif, int\u00e9grant toutes les composantes de la soci\u00e9t\u00e9 marocaine\u00bb, a soulign\u00e9 Nouzha Skalli, la pr\u00e9sidente de l\u2019Association Awal-Houriyates, vendredi 26 f\u00e9vrier \u00e0 Casablanca, lors de la pr\u00e9sentation du m\u00e9morandum de plaidoyer portant sur les r\u00e9formes \u00e9lectorales pour les [&hellip;]<\/p>\n","protected":false},"author":1760,"featured_media":0,"comment_status":"closed","ping_status":"closed","sticky":false,"template":"","format":"standard","meta":{"fifu_image_url":"","fifu_image_alt":"","footnotes":""},"categories":[73,54],"tags":[],"class_list":["post-112185","post","type-post","status-publish","format-standard","hentry","category-actualite","category-maroc"],"_links":{"self":[{"href":"https:\/\/linitiative.ca\/International\/wp-json\/wp\/v2\/posts\/112185","targetHints":{"allow":["GET"]}}],"collection":[{"href":"https:\/\/linitiative.ca\/International\/wp-json\/wp\/v2\/posts"}],"about":[{"href":"https:\/\/linitiative.ca\/International\/wp-json\/wp\/v2\/types\/post"}],"author":[{"embeddable":true,"href":"https:\/\/linitiative.ca\/International\/wp-json\/wp\/v2\/users\/1760"}],"replies":[{"embeddable":true,"href":"https:\/\/linitiative.ca\/International\/wp-json\/wp\/v2\/comments?post=112185"}],"version-history":[{"count":0,"href":"https:\/\/linitiative.ca\/International\/wp-json\/wp\/v2\/posts\/112185\/revisions"}],"wp:attachment":[{"href":"https:\/\/linitiative.ca\/International\/wp-json\/wp\/v2\/media?parent=112185"}],"wp:term":[{"taxonomy":"category","embeddable":true,"href":"https:\/\/linitiative.ca\/International\/wp-json\/wp\/v2\/categories?post=112185"},{"taxonomy":"post_tag","embeddable":true,"href":"https:\/\/linitiative.ca\/International\/wp-json\/wp\/v2\/tags?post=112185"}],"curies":[{"name":"wp","href":"https:\/\/api.w.org\/{rel}","templated":true}]}}