{"id":112190,"date":"2021-02-28T11:34:39","date_gmt":"2021-02-28T16:34:39","guid":{"rendered":"https:\/\/linitiative.ca\/International\/defaite-a-domicile-de-lolympic-de-safi-face-au-fus-0-1\/"},"modified":"2021-02-28T11:34:39","modified_gmt":"2021-02-28T16:34:39","slug":"defaite-a-domicile-de-lolympic-de-safi-face-au-fus-0-1","status":"publish","type":"post","link":"https:\/\/linitiative.ca\/International\/defaite-a-domicile-de-lolympic-de-safi-face-au-fus-0-1\/","title":{"rendered":"D\u00e9faite \u00e0 domicile de l\u2019Olympic de Safi face au FUS (0-1)"},"content":{"rendered":"<div class=\"single-featured\"><img alt=\"\" data-src=\"http:\/\/www.mapmarrakech.ma\/map\/uploads\/2020\/12\/OCS-copier-1.jpg\"\/><\/div>\n<div class=\"single-post-excerpt post-excerpt-bc\" readability=\"34\">\n<p>Safi \u2013 L\u2019Olympic de Safi s\u2019est inclin\u00e9 dimanche \u00e0 domicile face au FUS de Rabat (0-1), en match comptant pour la 8\u00e8 journ\u00e9e de Botola Pro D1 \u00ab\u00a0Inwi\u00a0\u00bb.<\/p>\n<\/div>\n<div class=\"entry-content clearfix single-post-content\" readability=\"49\">\n<p>Les visiteurs ont inscrit l\u2019unique but de la rencontre \u00e0 la 22\u00e8 minute de jeu par le biais de Mehdi El Bassel permettant aux siens de d\u00e9crocher une pr\u00e9cieuse victoire.<\/p>\n<p>Les Safiots se sont cr\u00e9\u00e9s plusieurs occasions de buts mais ont but\u00e9 sur un Mohamed Amsif en forme olympique qui a r\u00e9alis\u00e9 une grande performance.<\/p>\n<p>Gr\u00e2ce \u00e0 cette victoire, le FUS se hisse \u00e0 la onzi\u00e8me position du classement avec un total de 9 points, tandis que son adversaire du jour demeure sur la troisi\u00e8me marche du podium avec 11 unit\u00e9s, ex aequo avec la Renaissance de Berkane, le Maghreb F\u00e8s et le Youssoufia de Berrechid.<\/p>\n<p>Pour le compte de la m\u00eame journ\u00e9e, l\u2019Ittihad Tanger re\u00e7oit dans quelques instants le Mouloudia Oujda, alors le Difa\u00e2 d\u2019El Jadida d\u00e9fie dans la soir\u00e9e sur sa pelouse le Raja de Casablanca.<\/p>\n<\/div>\n<p>Auteur: Meriem IGASS<br \/>\n<a href=\"http:\/\/www.mapmarrakech.ma\/fr\/defaite-a-domicile-de-lolympic-de-safi-face-au-fus-0-1\/\">Cliquez ici pour lire l&rsquo;article depuis sa source.<\/a><\/p>\n","protected":false},"excerpt":{"rendered":"<p>Safi \u2013 L\u2019Olympic de Safi s\u2019est inclin\u00e9 dimanche \u00e0 domicile face au FUS de Rabat (0-1), en match comptant pour la 8\u00e8 journ\u00e9e de Botola Pro D1 \u00ab\u00a0Inwi\u00a0\u00bb. Les visiteurs ont inscrit l\u2019unique but de la rencontre \u00e0 la 22\u00e8 minute de jeu par le biais de Mehdi El Bassel permettant aux siens de d\u00e9crocher [&hellip;]<\/p>\n","protected":false},"author":1788,"featured_media":0,"comment_status":"closed","ping_status":"closed","sticky":false,"template":"","format":"standard","meta":{"fifu_image_url":"http:\/\/www.mapmarrakech.ma\/map\/uploads\/2020\/12\/OCS-copier-1.jpg","fifu_image_alt":"D\u00e9faite \u00e0 domicile de l\u2019Olympic de Safi face au FUS (0-1)","footnotes":""},"categories":[54,76],"tags":[],"class_list":["post-112190","post","type-post","status-publish","format-standard","hentry","category-maroc","category-regions"],"_links":{"self":[{"href":"https:\/\/linitiative.ca\/International\/wp-json\/wp\/v2\/posts\/112190","targetHints":{"allow":["GET"]}}],"collection":[{"href":"https:\/\/linitiative.ca\/International\/wp-json\/wp\/v2\/posts"}],"about":[{"href":"https:\/\/linitiative.ca\/International\/wp-json\/wp\/v2\/types\/post"}],"author":[{"embeddable":true,"href":"https:\/\/linitiative.ca\/International\/wp-json\/wp\/v2\/users\/1788"}],"replies":[{"embeddable":true,"href":"https:\/\/linitiative.ca\/International\/wp-json\/wp\/v2\/comments?post=112190"}],"version-history":[{"count":0,"href":"https:\/\/linitiative.ca\/International\/wp-json\/wp\/v2\/posts\/112190\/revisions"}],"wp:attachment":[{"href":"https:\/\/linitiative.ca\/International\/wp-json\/wp\/v2\/media?parent=112190"}],"wp:term":[{"taxonomy":"category","embeddable":true,"href":"https:\/\/linitiative.ca\/International\/wp-json\/wp\/v2\/categories?post=112190"},{"taxonomy":"post_tag","embeddable":true,"href":"https:\/\/linitiative.ca\/International\/wp-json\/wp\/v2\/tags?post=112190"}],"curies":[{"name":"wp","href":"https:\/\/api.w.org\/{rel}","templated":true}]}}