{"id":112194,"date":"2021-02-28T13:49:41","date_gmt":"2021-02-28T18:49:41","guid":{"rendered":"https:\/\/linitiative.ca\/International\/casablanca-lydec-retablit-lalimentation-en-eau-potable\/"},"modified":"2021-02-28T13:49:41","modified_gmt":"2021-02-28T18:49:41","slug":"casablanca-lydec-retablit-lalimentation-en-eau-potable","status":"publish","type":"post","link":"https:\/\/linitiative.ca\/International\/casablanca-lydec-retablit-lalimentation-en-eau-potable\/","title":{"rendered":"Casablanca: Lydec r\u00e9tablit l\u2019alimentation en eau potable"},"content":{"rendered":"<p class=\"rtejustify\">Lydec a annonc\u00e9, dimanche, le r\u00e9tablissement total du service de l\u2019alimentation en eau potable dans certaines zones o\u00f9 elle \u00e9tait interrompue \u00e0 Casablanca.<\/p>\n<p class=\"rtejustify\">Le r\u00e9tablissement du service intervient \u00ab\u00a0suite aux travaux de raccordement de la nouvelle conduite DN800 au r\u00e9seau Lydec (situ\u00e9e \u00e0 l\u2019intersection des boulevards Oqba Ibnou Nafi\u00ee et Mohamed Zefzaf), entrant dans le cadre de la r\u00e9alisation des lignes T3 et T4 du Tramway de Casablanca\u00a0\u00bb. Le d\u00e9l\u00e9gataire affirme que ses \u00e9quipes ont r\u00e9alis\u00e9 les travaux avec\u00a05 heures d&rsquo;avace par rapport au d\u00e9lai pr\u00e9visionnel. Le service a \u00e9t\u00e9 enti\u00e8rement r\u00e9tabli \u00e0 15h00.<\/p>\n<p class=\"rtejustify\">\u00a0<\/p>\n<p class=\"rtejustify\">\u00a0<\/p>\n<p>Auteur: hgueye<br \/>\n<a href=\"https:\/\/www.leconomiste.com\/flash-infos\/casablanca-lydec-retablit-l-alimentation-en-eau-potable\">Cliquez ici pour lire l&rsquo;article depuis sa source.<\/a><\/p>\n","protected":false},"excerpt":{"rendered":"<p>Lydec a annonc\u00e9, dimanche, le r\u00e9tablissement total du service de l\u2019alimentation en eau potable dans certaines zones o\u00f9 elle \u00e9tait interrompue \u00e0 Casablanca. Le r\u00e9tablissement du service intervient \u00ab\u00a0suite aux travaux de raccordement de la nouvelle conduite DN800 au r\u00e9seau Lydec (situ\u00e9e \u00e0 l\u2019intersection des boulevards Oqba Ibnou Nafi\u00ee et Mohamed Zefzaf), entrant dans le [&hellip;]<\/p>\n","protected":false},"author":1763,"featured_media":0,"comment_status":"closed","ping_status":"closed","sticky":false,"template":"","format":"standard","meta":{"fifu_image_url":"","fifu_image_alt":"","footnotes":""},"categories":[78,54],"tags":[],"class_list":["post-112194","post","type-post","status-publish","format-standard","hentry","category-economie","category-maroc"],"_links":{"self":[{"href":"https:\/\/linitiative.ca\/International\/wp-json\/wp\/v2\/posts\/112194","targetHints":{"allow":["GET"]}}],"collection":[{"href":"https:\/\/linitiative.ca\/International\/wp-json\/wp\/v2\/posts"}],"about":[{"href":"https:\/\/linitiative.ca\/International\/wp-json\/wp\/v2\/types\/post"}],"author":[{"embeddable":true,"href":"https:\/\/linitiative.ca\/International\/wp-json\/wp\/v2\/users\/1763"}],"replies":[{"embeddable":true,"href":"https:\/\/linitiative.ca\/International\/wp-json\/wp\/v2\/comments?post=112194"}],"version-history":[{"count":0,"href":"https:\/\/linitiative.ca\/International\/wp-json\/wp\/v2\/posts\/112194\/revisions"}],"wp:attachment":[{"href":"https:\/\/linitiative.ca\/International\/wp-json\/wp\/v2\/media?parent=112194"}],"wp:term":[{"taxonomy":"category","embeddable":true,"href":"https:\/\/linitiative.ca\/International\/wp-json\/wp\/v2\/categories?post=112194"},{"taxonomy":"post_tag","embeddable":true,"href":"https:\/\/linitiative.ca\/International\/wp-json\/wp\/v2\/tags?post=112194"}],"curies":[{"name":"wp","href":"https:\/\/api.w.org\/{rel}","templated":true}]}}