{"id":112195,"date":"2021-02-28T15:14:05","date_gmt":"2021-02-28T20:14:05","guid":{"rendered":"https:\/\/linitiative.ca\/International\/afrique-ligue-des-champions-lourde-defaite-du-crb-face-a-mamelodi-sundowns\/"},"modified":"2021-02-28T15:14:05","modified_gmt":"2021-02-28T20:14:05","slug":"afrique-ligue-des-champions-lourde-defaite-du-crb-face-a-mamelodi-sundowns","status":"publish","type":"post","link":"https:\/\/linitiative.ca\/International\/afrique-ligue-des-champions-lourde-defaite-du-crb-face-a-mamelodi-sundowns\/","title":{"rendered":"Afrique : Ligue des Champions: lourde d\u00e9faite du CRB face \u00e0 Mamelodi Sundowns"},"content":{"rendered":"<div readability=\"32\">\n<p>Auteur : <span class=\"time\">dimanche 28 f\u00e9vrier 2021 16:33<\/span><\/p>\n<\/div>\n<div id=\"post_core\" readability=\"44\">\n<p>Le CR Belouizdad s\u2019est inclin\u00e9 lourdement face aux Sud-Africains de Mamelodi Sundowns (1-5), en match comptant pour la deuxi\u00e8me journ\u00e9e (groupe B) de la Ligue des Champions d\u2019Afrique disput\u00e9 ce dimanche au stade Benjamin-Mkapa de Dar Es-Salaam (Tanzanie). \u00a0Dans l\u2019autre rencontre de la poule B, jou\u00e9e le 24 f\u00e9vrier dernier au Soudan, Al Hilal a \u00e9t\u00e9 tenu en \u00e9chec par les Congolais du TP Mazembe (0-0). Apr\u00e8s deux journ\u00e9es, Mamelodi Sundowns est aux commandes du groupe B (6 points) devant, respectivement, le TP Mazembe (2e \u2013 2 pts) et Al Hilal (3e \u2013 1 pts), alors que le CRB est bon dernier avec un seul point r\u00e9colt\u00e9 \u00e0 Lubumbashi (RD Congo). Pour son troisi\u00e8me match dans la plus prestigieuse des comp\u00e9titions continentales, pr\u00e9vu le 05 mars prochain \u00e0 Alger, le CRB sera l\u2019h\u00f4te d\u2019Al Hilal du Soudan.<\/p>\n<p><strong>Publi\u00e9 dans :<\/strong> <span>CRB;<\/span><\/p>\n<\/div>\n<p>Auteur:<br \/>\n<a href=\"http:\/\/www.lebuteur.com\/article\/detail?titre=ligue-des-champions-lourde-defaite-du-crb-face-a-mamelodi-sundowns&#038;id=99230&#038;utm_source=feedburner&#038;utm_medium=feed&#038;utm_campaign=Feed%3A+GalerieFArtciles+%28Les+derniers+articles++-+lebuteur.com%29\">Cliquez ici pour lire l&rsquo;article depuis sa source.<\/a><\/p>\n","protected":false},"excerpt":{"rendered":"<p>Auteur : dimanche 28 f\u00e9vrier 2021 16:33 Le CR Belouizdad s\u2019est inclin\u00e9 lourdement face aux Sud-Africains de Mamelodi Sundowns (1-5), en match comptant pour la deuxi\u00e8me journ\u00e9e (groupe B) de la Ligue des Champions d\u2019Afrique disput\u00e9 ce dimanche au stade Benjamin-Mkapa de Dar Es-Salaam (Tanzanie). \u00a0Dans l\u2019autre rencontre de la poule B, jou\u00e9e le 24 [&hellip;]<\/p>\n","protected":false},"author":1738,"featured_media":0,"comment_status":"closed","ping_status":"closed","sticky":false,"template":"","format":"standard","meta":{"fifu_image_url":"\/\/cdn.lebuteur.com\/data\/images\/article\/thumbs\/large-ligue-des-champions-lourde-defaite-du-crb-face-a-mamelodi-sundowns-f8c54.jpg","fifu_image_alt":"Afrique : Ligue des Champions: lourde d\u00e9faite du CRB face \u00e0 Mamelodi Sundowns","footnotes":""},"categories":[53,75],"tags":[],"class_list":["post-112195","post","type-post","status-publish","format-standard","hentry","category-algerie","category-sport"],"_links":{"self":[{"href":"https:\/\/linitiative.ca\/International\/wp-json\/wp\/v2\/posts\/112195","targetHints":{"allow":["GET"]}}],"collection":[{"href":"https:\/\/linitiative.ca\/International\/wp-json\/wp\/v2\/posts"}],"about":[{"href":"https:\/\/linitiative.ca\/International\/wp-json\/wp\/v2\/types\/post"}],"author":[{"embeddable":true,"href":"https:\/\/linitiative.ca\/International\/wp-json\/wp\/v2\/users\/1738"}],"replies":[{"embeddable":true,"href":"https:\/\/linitiative.ca\/International\/wp-json\/wp\/v2\/comments?post=112195"}],"version-history":[{"count":0,"href":"https:\/\/linitiative.ca\/International\/wp-json\/wp\/v2\/posts\/112195\/revisions"}],"wp:attachment":[{"href":"https:\/\/linitiative.ca\/International\/wp-json\/wp\/v2\/media?parent=112195"}],"wp:term":[{"taxonomy":"category","embeddable":true,"href":"https:\/\/linitiative.ca\/International\/wp-json\/wp\/v2\/categories?post=112195"},{"taxonomy":"post_tag","embeddable":true,"href":"https:\/\/linitiative.ca\/International\/wp-json\/wp\/v2\/tags?post=112195"}],"curies":[{"name":"wp","href":"https:\/\/api.w.org\/{rel}","templated":true}]}}