{"id":112196,"date":"2021-02-28T15:14:07","date_gmt":"2021-02-28T20:14:07","guid":{"rendered":"https:\/\/linitiative.ca\/International\/pros-hanni-le-qatar-ne-faisait-pas-partie-de-mon-plan-de-carriere-mais\/"},"modified":"2021-02-28T15:14:07","modified_gmt":"2021-02-28T20:14:07","slug":"pros-hanni-le-qatar-ne-faisait-pas-partie-de-mon-plan-de-carriere-mais","status":"publish","type":"post","link":"https:\/\/linitiative.ca\/International\/pros-hanni-le-qatar-ne-faisait-pas-partie-de-mon-plan-de-carriere-mais\/","title":{"rendered":"Pros : Hanni : \u00ab Le Qatar ne faisait pas partie de mon plan de carri\u00e8re mais\u2026 \u00bb"},"content":{"rendered":"<div readability=\"32\">\n<p>Auteur : <span>Moumen A.<\/span> <span class=\"time\">dimanche 28 f\u00e9vrier 2021 18:01<\/span><\/p>\n<\/div>\n<div id=\"post_core\" readability=\"43\">\n<p>Sacr\u00e9 meilleur joueur de la Jupiller League Belge avec l\u2019Anderlecht il y a 3 ans, le milieu de terrain offensif alg\u00e9rien d\u2019Al Gharrafa a dans un entretien accord\u00e9 au quotidien belge Le Soir,\u00a0 n\u2019a pas ferm\u00e9 la porte \u00e0 \u00e9ventuel un retour au sein du championnat belge. Hanni est revenu sur les vraies raisons qui l\u2019ont pouss\u00e9 \u00e0 rallier le Qatar \u00e0 un \u00e2ge aussi jeune. \u00ab\u00a0Le Qatar ne faisait pas partie de mon plan de carri\u00e8re. En tout cas pas aussi t\u00f4t. Mais il y a un an et demi, je n\u2019avais que deux possibilit\u00e9s : soit ronger mon frein \u00e0 Moscou, soit rejoindre Al-Gharrafa, dont le cheikh s\u2019est montr\u00e9 extr\u00eamement convaincant\u00a0\u00bb, Avance d\u2019embl\u00e9e\u00a0 le milieu de terrain offensif de 30 ans.<\/p>\n<p><strong>Moumen A.<\/strong><\/p>\n<p><strong>Publi\u00e9 dans :<\/strong> <span>sofiane hanni<\/span><\/p>\n<\/div>\n<p>Auteur:<br \/>\n<a href=\"http:\/\/www.lebuteur.com\/article\/detail?titre=hanni-le-qatar-ne-faisait-pas-partie-de-mon-plan-de-carriere-mais%E2%80%A6&#038;id=99231&#038;utm_source=feedburner&#038;utm_medium=feed&#038;utm_campaign=Feed%3A+GalerieFArtciles+%28Les+derniers+articles++-+lebuteur.com%29\">Cliquez ici pour lire l&rsquo;article depuis sa source.<\/a><\/p>\n","protected":false},"excerpt":{"rendered":"<p>Auteur : Moumen A. dimanche 28 f\u00e9vrier 2021 18:01 Sacr\u00e9 meilleur joueur de la Jupiller League Belge avec l\u2019Anderlecht il y a 3 ans, le milieu de terrain offensif alg\u00e9rien d\u2019Al Gharrafa a dans un entretien accord\u00e9 au quotidien belge Le Soir,\u00a0 n\u2019a pas ferm\u00e9 la porte \u00e0 \u00e9ventuel un retour au sein du championnat [&hellip;]<\/p>\n","protected":false},"author":1738,"featured_media":0,"comment_status":"closed","ping_status":"closed","sticky":false,"template":"","format":"standard","meta":{"fifu_image_url":"\/\/cdn.lebuteur.com\/data\/images\/article\/thumbs\/large-hanni-le-qatar-ne-faisait-pas-partie-de-mon-plan-de-carriere-mais\u2026-3bebc.jpg","fifu_image_alt":"Pros : Hanni : \u00ab Le Qatar ne faisait pas partie de mon plan de carri\u00e8re mais\u2026 \u00bb","footnotes":""},"categories":[53,75],"tags":[],"class_list":["post-112196","post","type-post","status-publish","format-standard","hentry","category-algerie","category-sport"],"_links":{"self":[{"href":"https:\/\/linitiative.ca\/International\/wp-json\/wp\/v2\/posts\/112196","targetHints":{"allow":["GET"]}}],"collection":[{"href":"https:\/\/linitiative.ca\/International\/wp-json\/wp\/v2\/posts"}],"about":[{"href":"https:\/\/linitiative.ca\/International\/wp-json\/wp\/v2\/types\/post"}],"author":[{"embeddable":true,"href":"https:\/\/linitiative.ca\/International\/wp-json\/wp\/v2\/users\/1738"}],"replies":[{"embeddable":true,"href":"https:\/\/linitiative.ca\/International\/wp-json\/wp\/v2\/comments?post=112196"}],"version-history":[{"count":0,"href":"https:\/\/linitiative.ca\/International\/wp-json\/wp\/v2\/posts\/112196\/revisions"}],"wp:attachment":[{"href":"https:\/\/linitiative.ca\/International\/wp-json\/wp\/v2\/media?parent=112196"}],"wp:term":[{"taxonomy":"category","embeddable":true,"href":"https:\/\/linitiative.ca\/International\/wp-json\/wp\/v2\/categories?post=112196"},{"taxonomy":"post_tag","embeddable":true,"href":"https:\/\/linitiative.ca\/International\/wp-json\/wp\/v2\/tags?post=112196"}],"curies":[{"name":"wp","href":"https:\/\/api.w.org\/{rel}","templated":true}]}}