{"id":112198,"date":"2021-02-28T15:14:13","date_gmt":"2021-02-28T20:14:13","guid":{"rendered":"https:\/\/linitiative.ca\/International\/pros-guessoum-scelle-sa-place-avec-nimes\/"},"modified":"2021-02-28T15:14:13","modified_gmt":"2021-02-28T20:14:13","slug":"pros-guessoum-scelle-sa-place-avec-nimes","status":"publish","type":"post","link":"https:\/\/linitiative.ca\/International\/pros-guessoum-scelle-sa-place-avec-nimes\/","title":{"rendered":"Pros : Guessoum scelle sa place avec N\u00eemes"},"content":{"rendered":"<div readability=\"32\">\n<p>Auteur : <span>Moumen A.<\/span> <span class=\"time\">dimanche 28 f\u00e9vrier 2021 18:07<\/span><\/p>\n<\/div>\n<div id=\"post_core\" readability=\"40\">\n<p>Un autre jeune d\u00e9fenseur central alg\u00e9rien est en train de se montrer en Ligue 1. Il s\u2019agit du joueur de N\u00eemes Olympique Kylian Guessoum, titulaire encore une fois aujourd&rsquo;hui contre le FC Nantes. Ce joueur form\u00e9 \u00e0 N\u00eemes a jou\u00e9 son 7e match d\u2019entr\u00e9e\u00a0 avec son club formateur. Guessoum qui a contribu\u00e9 au retour de son \u00e9quipe dans la course pour le maintien, a jou\u00e9 toute la rencontre. Kylian n\u2019attend qu\u2019un clin d\u2019\u0153il du s\u00e9lectionneur national Djamel Belmadi pour saisi sa place en \u00e9quipe nationale, bien s\u00fbr \u00e0 l\u2019avenir.<\/p>\n<p><strong>Moumen A.<\/strong><\/p>\n<p><strong>Publi\u00e9 dans :<\/strong> <span>Kelyan Guessoum<\/span><\/p>\n<\/div>\n<p>Auteur:<br \/>\n<a href=\"http:\/\/www.lebuteur.com\/article\/detail?titre=guessoum-scelle-sa-place-avec-nimes&#038;id=99233&#038;utm_source=feedburner&#038;utm_medium=feed&#038;utm_campaign=Feed%3A+GalerieFArtciles+%28Les+derniers+articles++-+lebuteur.com%29\">Cliquez ici pour lire l&rsquo;article depuis sa source.<\/a><\/p>\n","protected":false},"excerpt":{"rendered":"<p>Auteur : Moumen A. dimanche 28 f\u00e9vrier 2021 18:07 Un autre jeune d\u00e9fenseur central alg\u00e9rien est en train de se montrer en Ligue 1. Il s\u2019agit du joueur de N\u00eemes Olympique Kylian Guessoum, titulaire encore une fois aujourd&rsquo;hui contre le FC Nantes. Ce joueur form\u00e9 \u00e0 N\u00eemes a jou\u00e9 son 7e match d\u2019entr\u00e9e\u00a0 avec son [&hellip;]<\/p>\n","protected":false},"author":1738,"featured_media":0,"comment_status":"closed","ping_status":"closed","sticky":false,"template":"","format":"standard","meta":{"fifu_image_url":"\/\/cdn.lebuteur.com\/data\/images\/article\/thumbs\/large-guessoum-scelle-sa-place-avec-nimes-92346.jpg","fifu_image_alt":"Pros : Guessoum scelle sa place avec N\u00eemes","footnotes":""},"categories":[53,75],"tags":[],"class_list":["post-112198","post","type-post","status-publish","format-standard","hentry","category-algerie","category-sport"],"_links":{"self":[{"href":"https:\/\/linitiative.ca\/International\/wp-json\/wp\/v2\/posts\/112198","targetHints":{"allow":["GET"]}}],"collection":[{"href":"https:\/\/linitiative.ca\/International\/wp-json\/wp\/v2\/posts"}],"about":[{"href":"https:\/\/linitiative.ca\/International\/wp-json\/wp\/v2\/types\/post"}],"author":[{"embeddable":true,"href":"https:\/\/linitiative.ca\/International\/wp-json\/wp\/v2\/users\/1738"}],"replies":[{"embeddable":true,"href":"https:\/\/linitiative.ca\/International\/wp-json\/wp\/v2\/comments?post=112198"}],"version-history":[{"count":0,"href":"https:\/\/linitiative.ca\/International\/wp-json\/wp\/v2\/posts\/112198\/revisions"}],"wp:attachment":[{"href":"https:\/\/linitiative.ca\/International\/wp-json\/wp\/v2\/media?parent=112198"}],"wp:term":[{"taxonomy":"category","embeddable":true,"href":"https:\/\/linitiative.ca\/International\/wp-json\/wp\/v2\/categories?post=112198"},{"taxonomy":"post_tag","embeddable":true,"href":"https:\/\/linitiative.ca\/International\/wp-json\/wp\/v2\/tags?post=112198"}],"curies":[{"name":"wp","href":"https:\/\/api.w.org\/{rel}","templated":true}]}}