{"id":112199,"date":"2021-02-28T15:14:16","date_gmt":"2021-02-28T20:14:16","guid":{"rendered":"https:\/\/linitiative.ca\/International\/international-chelsea-timo-werner-se-sent-responsable-pour-le-limogeage-de-lampard\/"},"modified":"2021-02-28T15:14:16","modified_gmt":"2021-02-28T20:14:16","slug":"international-chelsea-timo-werner-se-sent-responsable-pour-le-limogeage-de-lampard","status":"publish","type":"post","link":"https:\/\/linitiative.ca\/International\/international-chelsea-timo-werner-se-sent-responsable-pour-le-limogeage-de-lampard\/","title":{"rendered":"International : Chelsea : Timo Werner se sent responsable pour le limogeage de Lampard"},"content":{"rendered":"<div readability=\"32\">\n<p>Auteur : <span class=\"time\">dimanche 28 f\u00e9vrier 2021 20:18<\/span><\/p>\n<\/div>\n<div id=\"post_core\" readability=\"53\">\n<p>Werner, qui a rejoint les Blues en provenance du RB Leipzig l&rsquo;\u00e9t\u00e9 dernier, s&rsquo;est rendu coupable d&rsquo;avoir gaspill\u00e9 de nettes occasions durant cette p\u00e9riode et a maintenant pris une partie de la responsabilit\u00e9 du licenciement de Lampard.<\/p>\n<p>\u00ab\u00a0Quand vous venez ici pour jouer en tant qu&rsquo;attaquant et \u00eatre l&rsquo;homme qui marque les buts, bien s\u00fbr, je me suis senti un peu coupable d&rsquo;avoir manqu\u00e9 tant d&rsquo;occasions, a d\u00e9clar\u00e9 l&rsquo;attaquant allemand \u00e0 Sky Sports. Pour le club, pour l&rsquo;ancien manager mais aussi pour moi car je veux marquer tout le temps et autant que possible.\u00a0\u00bb<\/p>\n<p>\u00ab\u00a0Bien s\u00fbr, si j&rsquo;avais marqu\u00e9 quatre ou cinq buts de plus, l&rsquo;ancien entra\u00eeneur serait peut-\u00eatre encore l\u00e0 parce que nous aurions peut-\u00eatre gagn\u00e9 deux ou trois matches de plus, mais il ne faut pas trop regarder derri\u00e8re parce qu&rsquo;il y a trop de matches devant nous.\u00a0\u00bb Des propos relay\u00e9s par Goal.<\/p>\n<p><strong>Publi\u00e9 dans :<\/strong> <span>chelsea<\/span><\/p>\n<\/div>\n<p>Auteur:<br \/>\n<a href=\"http:\/\/www.lebuteur.com\/article\/detail?titre=chelsea-timo-werner-se-sent-responsable-pour-le-limogeage-de-lampard&#038;id=99234&#038;utm_source=feedburner&#038;utm_medium=feed&#038;utm_campaign=Feed%3A+GalerieFArtciles+%28Les+derniers+articles++-+lebuteur.com%29\">Cliquez ici pour lire l&rsquo;article depuis sa source.<\/a><\/p>\n","protected":false},"excerpt":{"rendered":"<p>Auteur : dimanche 28 f\u00e9vrier 2021 20:18 Werner, qui a rejoint les Blues en provenance du RB Leipzig l&rsquo;\u00e9t\u00e9 dernier, s&rsquo;est rendu coupable d&rsquo;avoir gaspill\u00e9 de nettes occasions durant cette p\u00e9riode et a maintenant pris une partie de la responsabilit\u00e9 du licenciement de Lampard. \u00ab\u00a0Quand vous venez ici pour jouer en tant qu&rsquo;attaquant et \u00eatre [&hellip;]<\/p>\n","protected":false},"author":1738,"featured_media":0,"comment_status":"closed","ping_status":"closed","sticky":false,"template":"","format":"standard","meta":{"fifu_image_url":"\/\/cdn.lebuteur.com\/data\/images\/article\/thumbs\/large-chelsea-timo-werner-se-sent-responsable-pour-le-limogeage-de-lampard-41d56.jpg","fifu_image_alt":"International : Chelsea : Timo Werner se sent responsable pour le limogeage de Lampard","footnotes":""},"categories":[53,75],"tags":[],"class_list":["post-112199","post","type-post","status-publish","format-standard","hentry","category-algerie","category-sport"],"_links":{"self":[{"href":"https:\/\/linitiative.ca\/International\/wp-json\/wp\/v2\/posts\/112199","targetHints":{"allow":["GET"]}}],"collection":[{"href":"https:\/\/linitiative.ca\/International\/wp-json\/wp\/v2\/posts"}],"about":[{"href":"https:\/\/linitiative.ca\/International\/wp-json\/wp\/v2\/types\/post"}],"author":[{"embeddable":true,"href":"https:\/\/linitiative.ca\/International\/wp-json\/wp\/v2\/users\/1738"}],"replies":[{"embeddable":true,"href":"https:\/\/linitiative.ca\/International\/wp-json\/wp\/v2\/comments?post=112199"}],"version-history":[{"count":0,"href":"https:\/\/linitiative.ca\/International\/wp-json\/wp\/v2\/posts\/112199\/revisions"}],"wp:attachment":[{"href":"https:\/\/linitiative.ca\/International\/wp-json\/wp\/v2\/media?parent=112199"}],"wp:term":[{"taxonomy":"category","embeddable":true,"href":"https:\/\/linitiative.ca\/International\/wp-json\/wp\/v2\/categories?post=112199"},{"taxonomy":"post_tag","embeddable":true,"href":"https:\/\/linitiative.ca\/International\/wp-json\/wp\/v2\/tags?post=112199"}],"curies":[{"name":"wp","href":"https:\/\/api.w.org\/{rel}","templated":true}]}}