{"id":112200,"date":"2021-02-28T11:08:39","date_gmt":"2021-02-28T16:08:39","guid":{"rendered":"https:\/\/linitiative.ca\/International\/ain-temouchent-concours-national-de-la-photo-le-niveau-sameliore\/"},"modified":"2021-02-28T11:08:39","modified_gmt":"2021-02-28T16:08:39","slug":"ain-temouchent-concours-national-de-la-photo-le-niveau-sameliore","status":"publish","type":"post","link":"https:\/\/linitiative.ca\/International\/ain-temouchent-concours-national-de-la-photo-le-niveau-sameliore\/","title":{"rendered":"A\u00efn T\u00e9mouchent : Concours national de la photo, le niveau s\u2019am\u00e9liore"},"content":{"rendered":"<h4 class=\"title-14\"\/>\n<p>Avec pour th\u00e8me \u00ab La photo au temps du Corona \u00bb, la 3\u00e8me \u00e9dition du concours national de la photographie organis\u00e9 par la maison de la culture marque un rel\u00e8vement de la qualit\u00e9 artistique des travaux en comp\u00e9tition.<\/p>\n<p>Si les plus int\u00e9ressants ont r\u00e9v\u00e9l\u00e9 l\u2019existence d\u2019un vrai regard chez leurs auteurs, chez la plupart, c\u2019est plut\u00f4t une recherche esth\u00e9tisante qui est \u00e0 l\u2019\u0153uvre mais sans un fond derri\u00e8re.<\/p>\n<p>A cet \u00e9gard, on ne peut qu\u2019approuver le palmar\u00e8s du jury pr\u00e9sid\u00e9 par la photographe Nora Za\u00efr pour avoir capitalis\u00e9 cette avanc\u00e9e. Ainsi, le premier prix est revenu \u00e0 Akram Minari, un Tiareti, pour la photo d\u2019un couple de vieillards malades de la covid 19, l\u2019\u00e9pouse alit\u00e9e et le mari assis mal en point sur une chaise, tenant une poche \u00e0 s\u00e9rum \u00e0 laquelle il est reli\u00e9. Ils sont pris dans leur quotidien dans un r\u00e9duit de cour de maison, le photographe s\u2019\u00e9tant abstenu de toute tentation de mise en sc\u00e8ne, pr\u00e9servant l\u2019authenticit\u00e9 de leur pauvre d\u00e9cor. Cependant, la photo p\u00eache un peu par un d\u00e9s\u00e9quilibre des couleurs, imputable s\u00fbrement faute d\u2019un tirage professionnel. Le second prix est revenu \u00e0 Ghizlene Missoum, une Tiareti \u00e9galement, pour une photo en noir et blanc. Mais c\u2019est certainement par une autre photo que son talent est mieux illustr\u00e9, une photo qu\u2019elle n\u2019a pas retenu pour concourir sur ses cinq qui garnissaient les cimaises de l\u2019exposition collective. Elle fige de dos un homme d\u2019apparence jeune. Il est accoud\u00e9 au barreaudage d\u2019un balcon, pench\u00e9 sur une rue qu\u2019on imagine d\u00e9serte, confinement oblige. Derri\u00e8re lui, sur la marche entre les deux battants de la double porte donnant sur le balcon, une fillette est assise, un livre d\u2019image dans les mains. Elle l\u2019interpelle. Ainsi, au temps de la pand\u00e9mie, m\u00eame une ouverture est en d\u00e9finitive une fermeture. La photo aurait donn\u00e9 un meilleur rendu de l\u2019id\u00e9e si la photographe avait supprim\u00e9 l\u2019avant plan dont la pr\u00e9sence est plus que superflue. Enfin, le 3\u00e8me prix a \u00e9t\u00e9 d\u00e9croch\u00e9 par Sid Ahmed Benkhelifa de Relizane. C\u2019est un autre regard sur le temps du Corona, celui port\u00e9 sur la d\u00e9tresse d\u2019une famille de subsahariens en conciliabules dans un coin de rue. La qualit\u00e9 du niveau de la manifestation a \u00e9t\u00e9 rehauss\u00e9e par une exposition en hors comp\u00e9tition du collectif El Warcha d\u2019Oran. Son th\u00e8me, la rue, ce qui s\u2019y passe ou pas. Bien que ce soient des instantan\u00e9s, tout est soign\u00e9 tant au plan des cadrages que des couleurs. Ce sont des captations de moments de vie, ceux du quotidien, et des ambiances qui y r\u00e8gnent. L\u2019une d\u2019elles, en noir et blanc, montre un vieillard \u00e9reint\u00e9, assis en bord de trottoir et affal\u00e9 contre un tronc d\u2019arbre, les mains agripp\u00e9es \u00e0 sa canne. Ou encore, cette photo de gamins escaladant en file indienne un mur dont la surface excav\u00e9e \u00e0 intervalles r\u00e9guliers, s\u00fbrement par eux, en guise de points d\u2019appui pour les mains et les pieds. Ce doit \u00eatre un raccourci qu\u2019ils prennent habituellement. Vivement la 4\u00e8me \u00e9dition !<\/p>\n<p><span class=\"post-views-label\">Post Views:<\/span> <span class=\"post-views-count\">34<\/span><\/p>\n<p><br class=\"c2\"\/><\/p>\n<div class=\"ichhar-moneytagnative c5\" id=\"ichhar-425980776\">\n<p>Advertisements<\/p>\n<\/div>\n<p><br class=\"c2\"\/><br \/>\n<br class=\"c6\"\/><\/p>\n<p>Auteur: Mohand Yahiaoui<br \/>\n<a href=\"https:\/\/www.elwatan.com\/edition\/culture\/ain-temouchent-concours-national-de-la-photo-le-niveau-sameliore-28-02-2021\">Cliquez ici pour lire l&rsquo;article depuis sa source.<\/a><\/p>\n","protected":false},"excerpt":{"rendered":"<p>Avec pour th\u00e8me \u00ab La photo au temps du Corona \u00bb, la 3\u00e8me \u00e9dition du concours national de la photographie organis\u00e9 par la maison de la culture marque un rel\u00e8vement de la qualit\u00e9 artistique des travaux en comp\u00e9tition. Si les plus int\u00e9ressants ont r\u00e9v\u00e9l\u00e9 l\u2019existence d\u2019un vrai regard chez leurs auteurs, chez la plupart, c\u2019est [&hellip;]<\/p>\n","protected":false},"author":1743,"featured_media":0,"comment_status":"closed","ping_status":"closed","sticky":false,"template":"","format":"standard","meta":{"fifu_image_url":"","fifu_image_alt":"","footnotes":""},"categories":[73,53],"tags":[],"class_list":["post-112200","post","type-post","status-publish","format-standard","hentry","category-actualite","category-algerie"],"_links":{"self":[{"href":"https:\/\/linitiative.ca\/International\/wp-json\/wp\/v2\/posts\/112200","targetHints":{"allow":["GET"]}}],"collection":[{"href":"https:\/\/linitiative.ca\/International\/wp-json\/wp\/v2\/posts"}],"about":[{"href":"https:\/\/linitiative.ca\/International\/wp-json\/wp\/v2\/types\/post"}],"author":[{"embeddable":true,"href":"https:\/\/linitiative.ca\/International\/wp-json\/wp\/v2\/users\/1743"}],"replies":[{"embeddable":true,"href":"https:\/\/linitiative.ca\/International\/wp-json\/wp\/v2\/comments?post=112200"}],"version-history":[{"count":0,"href":"https:\/\/linitiative.ca\/International\/wp-json\/wp\/v2\/posts\/112200\/revisions"}],"wp:attachment":[{"href":"https:\/\/linitiative.ca\/International\/wp-json\/wp\/v2\/media?parent=112200"}],"wp:term":[{"taxonomy":"category","embeddable":true,"href":"https:\/\/linitiative.ca\/International\/wp-json\/wp\/v2\/categories?post=112200"},{"taxonomy":"post_tag","embeddable":true,"href":"https:\/\/linitiative.ca\/International\/wp-json\/wp\/v2\/tags?post=112200"}],"curies":[{"name":"wp","href":"https:\/\/api.w.org\/{rel}","templated":true}]}}