{"id":112201,"date":"2021-02-28T14:00:22","date_gmt":"2021-02-28T19:00:22","guid":{"rendered":"https:\/\/linitiative.ca\/International\/le-commandant-azzedine-repond-au-colonel-hassan\/"},"modified":"2021-02-28T14:00:22","modified_gmt":"2021-02-28T19:00:22","slug":"le-commandant-azzedine-repond-au-colonel-hassan","status":"publish","type":"post","link":"https:\/\/linitiative.ca\/International\/le-commandant-azzedine-repond-au-colonel-hassan\/","title":{"rendered":"Le Commandant Azzedine r\u00e9pond au Colonel Hassan"},"content":{"rendered":"<h4 class=\"title-14\"\/>\n<p>Dans la livraison d\u2019<em>El Watan<\/em> du 4 f\u00e9vrier 2021, et dans le portrait de M. Hamid Tahri consacr\u00e9 au colonel Si Hassan de la Wilaya IV, se sont gliss\u00e9es un certain nombre d\u2019erreurs dans les dates et le d\u00e9roulement des faits qui m\u2019interpellent, car ils sont relatifs \u00e0 des \u00e9v\u00e9nements que j\u2019ai v\u00e9cus et qui touchent \u00e0 la Zone autonome d\u2019Alger (ZAA) que je dirigeais durant la p\u00e9riode concern\u00e9e par des passages de l\u2019article. Je vous serai reconnaissant d\u2019apporter ces pr\u00e9cisions.<span class=\"Apple-converted-space\">\u00a0<\/span><\/p>\n<p>Je vous en remercie par avance.<span class=\"Apple-converted-space\">\u00a0<\/span><\/p>\n<p>Mon propos, loin de toute forme de pol\u00e9mique, est destin\u00e9 \u00e0 rappeler les faits, rien que les faits \u00e0 mon fr\u00e8re de combat, le colonel Si Hassan, de la Wilaya IV, Wilaya au sein de la quelle j\u2019ai servi en qualit\u00e9 de commandant militaire et chef du prestigieux commando Ali Khodja, avant mon d\u00e9part pour Tunis et ma d\u00e9signation comme membre de l\u2019Etat-major g\u00e9n\u00e9ral de l\u2019ALN (EMG). La responsabilit\u00e9 de cette structure militaire, cr\u00e9\u00e9e en janvier 1960, apr\u00e8s la r\u00e9union des 10 colonels, dite des 100 jours (ao\u00fbt \u00e0 d\u00e9cembre 1959), et une pl\u00e9ni\u00e8re du CNRA, avait \u00e9t\u00e9 confi\u00e9e au colonel Houari Boumedi\u00e8ne, qui \u00e9tait second\u00e9 dans sa mission par les commandants Slimane (Ka\u00efd Ahmed) pour les questions politiques ; Ali Mendjeli, responsable des Renseignements et liaisons, et moi-m\u00eame comme commandant charg\u00e9 des questions militaires.<span class=\"Apple-converted-space\">\u00a0<\/span><\/p>\n<p>Mon colonel, vous avez certainement en m\u00e9moire de mon retour en Alg\u00e9rie avec un ordre de mission du pr\u00e9sident du GPRA qui m\u2019enjoignait de vous confirmer, officiellement, en tant que colonel de la Wilaya IV, chose qui fut faite apr\u00e8s une r\u00e9union avec le conseil de Wilaya auquel avaient assist\u00e9 notamment les officiers Si Lakhdar Bouregaa et Si Berrouaghia.<span class=\"Apple-converted-space\">\u00a0<\/span><\/p>\n<p>Vous avez aussi en m\u00e9moire que Si Moussa et moi, qui \u00e9tions arriv\u00e9s les premiers, nous avions \u00e9t\u00e9 rejoints par le colonel Si Sadek (Dehil\u00e8s), le commandant Omar Oussedik, les capitaines Ali Lounici et Boualem Oussedik, Mohamed Cherak et A\u00eftsi. Hormis Si Sadek Dehil\u00e8s, ancien chef de la Wilaya IV, qui \u00e9tait arriv\u00e9 par la m\u00eame fili\u00e8re mais apr\u00e8s nous, \u00e9tait rest\u00e9 avec vous, tandis que nous avons rejoint Alger dans le but de restructurer la Zone autonome et particuli\u00e8rement organiser la lutte contre les commandos d\u00e9cha\u00een\u00e9s de l\u2019OAS. A cet effet, vous aviez charg\u00e9 Si Berrouaghia de nous conduire \u00e0 Alger et de nous mettre en contact avec les militants de la zone VI pour commencer notre travail dans la capitale.<\/p>\n<p>Dans votre texte, vous affirmez qu\u2019apr\u00e8s votre d\u00e9placement \u00e0 Rabat pour y rencontrer Ahmed Ben Bella et Mohamed Khider et la r\u00e9union du 20 juillet 1962 \u00e0 Chlef, et faute de consensus, \u00abla Wilaya IV est rest\u00e9e fid\u00e8le \u00e0 sa neutralit\u00e9\u00bb\u2026 Mon colonel, avez-vous oubli\u00e9 que le sang a coul\u00e9, que des unit\u00e9s d\u00e9pendant de votre commandement ont affront\u00e9 des unit\u00e9s de l\u2019arm\u00e9e des fronti\u00e8res.<span class=\"Apple-converted-space\">\u00a0<\/span><\/p>\n<p>A ce propos, le colonel Mohamed Zerguini, auteur d\u2019un livre qu\u2019il a intitul\u00e9 <em>Une Vie de Combats et de Lutte,<\/em> dans son tome 1, paru aux \u00e9ditions En Nahdha en 2000, fait \u00e9tat de violents combats entre les bataillons de l\u2019arm\u00e9e dirig\u00e9e par l\u2019EMG et les combattants de la Wilaya IV, qu\u2019il cite nomm\u00e9ment, sur les pages allant de 192 \u00e0 203. Il signale \u00e0 cet effet de \u00abtr\u00e8s\u00bb nombreux morts et bless\u00e9s. Il ne manque pas d\u2019\u00e9piloguer sur ces \u00abfaits d\u2019armes\u00bb, h\u00e9las fratricides, et je le cite : <em>\u00abLe combat ne cessa qu\u2019apr\u00e8s qu\u2019un accord de cessez-le-feu fut sign\u00e9 entre le colonel Khatib chef de la Wilaya IV et le capitaine Cherif Belgacem, responsable des Services ouest de l\u2019\u00e9tat-major g\u00e9n\u00e9ral, en pr\u00e9sence de Ben Bella, du colonel Abbes et du capitaine<br \/>Bouteflika\u00bb.<\/em><span class=\"Apple-converted-space\">\u00a0<\/span><\/p>\n<p>Il ajoute <em>: \u00abLe calme revenu en ces lieux, Ben Bella et le colonel Khatib se rendirent en h\u00e9licopt\u00e8re sur les lieux d\u2019accrochage des autres axes o\u00f9 avec Chaabani et Zbiri, ils mirent fin \u00e0 toutes les confrontations\u00bb<\/em>.<span class=\"Apple-converted-space\">\u00a0<\/span><\/p>\n<p>Mon colonel, si la Wilaya IV avait observ\u00e9 la \u00abneutralit\u00e9\u00bb, d\u2019o\u00f9 viennent les manifestations populaires qui exigeaient \u00abSebaa sinin barakat\u00bb ? Le sang a coul\u00e9, mon colonel. Devrions-nous inscrire les victimes de ces affrontements dans la colonne pertes et profit ?<span class=\"Apple-converted-space\">\u00a0<\/span><\/p>\n<p>Mon colonel, apr\u00e8s cela, donc des faits qui se sont d\u00e9roul\u00e9s apr\u00e8s le 3 juillet et les r\u00e9sultats du r\u00e9f\u00e9rendum, vous dites, et je vous cite, que la Wilaya IV <em>\u00aba lib\u00e9r\u00e9 Alger o\u00f9 les r\u00e9sidus de l\u2019OAS activaient toujours\u00bb<\/em>. Mon \u00e9tonnement est grand : o\u00f9 \u00e9tait la direction de la Zone autonome et tous ses combattants pendant que \u00abla Wilaya IV lib\u00e9rait Alger\u00bb ? Vous n\u2019ignorez pas que nous avons oppos\u00e9 \u00e0 l\u2019OAS une r\u00e9sistance d\u2019un h\u00e9ro\u00efsme rare, malgr\u00e9 les complicit\u00e9s de l\u2019arm\u00e9e, de la police, de la gendarmerie et de toute l\u2019administration colonialiste. Que nos actions ont emp\u00each\u00e9 l\u2019aboutissement du projet des ultras de faire capoter les Accords d\u2019Evian. Jusqu\u2019au 27 juillet, la Wilaya IV en \u00abd\u00e9cousait\u00bb encore avec l\u2019arm\u00e9e des fronti\u00e8res. C\u2019est la ZAA, qui a proclam\u00e9 Alger ville ouverte \u00e0 tous les Alg\u00e9riens et personne d\u2019autre.<span class=\"Apple-converted-space\">\u00a0<\/span><\/p>\n<p>Quant \u00e0 la participation de la Wilaya que vous dirigiez aux c\u00e9r\u00e9monies qui s\u2019\u00e9taient d\u00e9roul\u00e9es \u00e0 Sidi Fredj, auxquelles j\u2019\u00e9tais pr\u00e9sent aux c\u00f4t\u00e9s de Mohand Ou El-Hadj, chef de la Wilaya III, en ma qualit\u00e9 de chef de la ZAA, entrait dans l\u2019organisation protocolaire qui voulait qu\u2019un d\u00e9tachement de chacune des six Wilayas du pays y prenne part. Je me demande bien ce qui restait \u00e0 lib\u00e9rer \u00e0 Alger ou ailleurs dans toute l\u2019Alg\u00e9rie, apr\u00e8s l\u2019\u00e9clatant OUI du peuple alg\u00e9rien au r\u00e9f\u00e9rendum du 1<sup>er<\/sup> juillet 1962.<span class=\"Apple-converted-space\">\u00a0<\/span><\/p>\n<p>La Zone autonome d\u2019Alger est une r\u00e9alit\u00e9 historique. Vouloir taire l\u2019h\u00e9ro\u00efsme de ses combattants, c\u2019est vouloir placer sous le boisseau de la n\u00e9gation le courage et la noblesse de la lutte du peuple d\u2019Alger. Alger s\u2019est lib\u00e9r\u00e9e.<span class=\"Apple-converted-space\">\u00a0<\/span><\/p>\n<p>Le pouvoir s\u2019est appliqu\u00e9 depuis 1962 \u00e0 effacer les traces de la Zone autonome d\u2019Alger recompos\u00e9e et r\u00e9activ\u00e9e pour mener le combat contre les ultras regroup\u00e9s dans l\u2019OAS (Organisation arm\u00e9e secr\u00e8te).<span class=\"Apple-converted-space\">\u00a0<\/span><\/p>\n<p>Des desperados aux ordres d\u2019officiers s\u00e9ditieux d\u2019une arm\u00e9e devenue putschiste qui croyaient, na\u00efvement, perp\u00e9tuer l\u2019Alg\u00e9rie fran\u00e7aise, dans un combat d\u2019arri\u00e8re-garde, condamn\u00e9 d\u2019avance. Pour des raisons aussi inexplicables qu\u2019incompr\u00e9hensibles, cette page de l\u2019histoire de la guerre de Lib\u00e9ration nationale a \u00e9t\u00e9 froiss\u00e9e et jet\u00e9e \u00e0 la corbeille, par les \u00abfonctionnaires de la v\u00e9rit\u00e9\u00bb, pour reprendre la c\u00e9l\u00e8bre formule du pr\u00e9sident Benyoucef Ben Khedda.<span class=\"Apple-converted-space\">\u00a0<\/span><\/p>\n<p>La meilleure mani\u00e8re d\u2019arracher une page d\u2019un livre d\u2019histoire, c\u2019est de ne pas l\u2019\u00e9crire. L\u2019histoire de la r\u00e9sistance h\u00e9ro\u00efque d\u2019Alger et du peuple alg\u00e9rois n\u2019a pas encore \u00e9t\u00e9 \u00e9crite. Nos enfants ne l\u2019apprennent pas dans leurs manuels scolaires. Elle n\u2019existe que dans la m\u00e9moire de leurs parents.<span class=\"Apple-converted-space\">\u00a0<\/span><\/p>\n<p>Un souvenir se raconte. L\u2019Histoire s\u2019apprend.<\/p>\n<p>Recevez, mon colonel, mes respectueuses salutations.<\/p>\n<p><strong><em>Le Commandant Azzedine<\/em><\/strong><\/p>\n<p><strong><em>\u2013 Chef du Commando Ali Khodja<\/em><\/strong><\/p>\n<p><strong><em>\u2013 Membre du Conseil de la Wilaya IV<\/em><\/strong><\/p>\n<p><strong><em>\u2013 Membre du CNRA<\/em><\/strong><\/p>\n<p><strong><em>\u2013 Membre de l\u2019\u00e9tat-major g\u00e9n\u00e9ral de l\u2019ALN<\/em><\/strong><\/p>\n<p><strong><em>\u2013 Chef de la Zone autonome d\u2019Alger<span class=\"Apple-converted-space\">\u00a0<\/span><\/em><\/strong><\/p>\n<p><span class=\"post-views-label\">Post Views:<\/span> <span class=\"post-views-count\">1<\/span><\/p>\n<p><br class=\"c2\"\/><\/p>\n<div class=\"ichhar-moneytagnative c5\" id=\"ichhar-2107641098\">\n<p>Advertisements<\/p>\n<\/div>\n<p><br class=\"c2\"\/><br \/>\n<br class=\"c6\"\/><br \/>\nAuteur: Hicham Chouadria<br \/>\n<a href=\"https:\/\/www.elwatan.com\/pages-hebdo\/portrait\/le-commandant-azzedine-repond-au-colonel-hassan-28-02-2021\">Cliquez ici pour lire l&rsquo;article depuis sa source.<\/a><\/p>\n","protected":false},"excerpt":{"rendered":"<p>Dans la livraison d\u2019El Watan du 4 f\u00e9vrier 2021, et dans le portrait de M. Hamid Tahri consacr\u00e9 au colonel Si Hassan de la Wilaya IV, se sont gliss\u00e9es un certain nombre d\u2019erreurs dans les dates et le d\u00e9roulement des faits qui m\u2019interpellent, car ils sont relatifs \u00e0 des \u00e9v\u00e9nements que j\u2019ai v\u00e9cus et qui [&hellip;]<\/p>\n","protected":false},"author":1743,"featured_media":0,"comment_status":"closed","ping_status":"closed","sticky":false,"template":"","format":"standard","meta":{"fifu_image_url":"","fifu_image_alt":"","footnotes":""},"categories":[73,53],"tags":[],"class_list":["post-112201","post","type-post","status-publish","format-standard","hentry","category-actualite","category-algerie"],"_links":{"self":[{"href":"https:\/\/linitiative.ca\/International\/wp-json\/wp\/v2\/posts\/112201","targetHints":{"allow":["GET"]}}],"collection":[{"href":"https:\/\/linitiative.ca\/International\/wp-json\/wp\/v2\/posts"}],"about":[{"href":"https:\/\/linitiative.ca\/International\/wp-json\/wp\/v2\/types\/post"}],"author":[{"embeddable":true,"href":"https:\/\/linitiative.ca\/International\/wp-json\/wp\/v2\/users\/1743"}],"replies":[{"embeddable":true,"href":"https:\/\/linitiative.ca\/International\/wp-json\/wp\/v2\/comments?post=112201"}],"version-history":[{"count":0,"href":"https:\/\/linitiative.ca\/International\/wp-json\/wp\/v2\/posts\/112201\/revisions"}],"wp:attachment":[{"href":"https:\/\/linitiative.ca\/International\/wp-json\/wp\/v2\/media?parent=112201"}],"wp:term":[{"taxonomy":"category","embeddable":true,"href":"https:\/\/linitiative.ca\/International\/wp-json\/wp\/v2\/categories?post=112201"},{"taxonomy":"post_tag","embeddable":true,"href":"https:\/\/linitiative.ca\/International\/wp-json\/wp\/v2\/tags?post=112201"}],"curies":[{"name":"wp","href":"https:\/\/api.w.org\/{rel}","templated":true}]}}