{"id":112202,"date":"2021-02-28T14:02:12","date_gmt":"2021-02-28T19:02:12","guid":{"rendered":"https:\/\/linitiative.ca\/International\/ouargla-emeutes-apres-la-condamnation-de-lactiviste-ameur-guerrache\/"},"modified":"2021-02-28T14:02:12","modified_gmt":"2021-02-28T19:02:12","slug":"ouargla-emeutes-apres-la-condamnation-de-lactiviste-ameur-guerrache","status":"publish","type":"post","link":"https:\/\/linitiative.ca\/International\/ouargla-emeutes-apres-la-condamnation-de-lactiviste-ameur-guerrache\/","title":{"rendered":"Ouargla : Emeutes apr\u00e8s la condamnation de l\u2019activiste Ameur Guerrache"},"content":{"rendered":"<h4 class=\"title-14\"\/>\n<p>Des \u00e9meutes ont \u00e9clat\u00e9 ce dimanche en debut de soir\u00e9e dans plusieurs quartiers de la ville de Ouargla apr\u00e8s que le tribunal criminel ait rendu son verdict dans l\u2019affaire du blogueur Ameur Guerrache, le condamnant \u00e0 7 ans de prison ferme.<\/p>\n<p>Les manifestants ont bloqu\u00e9 plusieurs axes routiers et fait bruler des pneus montrant une col\u00e8re qui monte d\u2019un cran depuis l\u2019apr\u00e8s-midi<\/p>\n<p>A l\u2019heure ou nous mettons en ligne les appels au calme sur les r\u00e9seaux sociaux n\u2019arrivaient pas encore \u00e0 apaiser la col\u00e8re.<\/p>\n<p>Jug\u00e9 coupable, Guerrache a \u00e9t\u00e9 inculp\u00e9 pour cinq chefs d\u2019accusation dont deux criminels \u00e0 savoir l\u2019incitation \u00e0 commettre des actes de terrorisme et l\u2019apologie d\u2019actes de terrorisme, r\u00e9impression pr\u00e9m\u00e9dit\u00e9e et diffusion de publications faisant l\u2019apologie d\u2019actes terroristes, d\u00e9lit d\u2019atteinte \u00e0 la personne du Pr\u00e9sident de la R\u00e9publique, d\u00e9lit d\u2019exposition de publications susceptibles de porter atteinte \u00e0 l\u2019int\u00e9r\u00eat national, et enfin d\u00e9lit d\u2019incitation \u00e0 attroupement, le condamnant ainsi \u00e0 7 ans de prison ferme.<\/p>\n<p><span class=\"post-views-label\">Post Views:<\/span> <span class=\"post-views-count\">779<\/span><\/p>\n<p><br class=\"c2\"\/><\/p>\n<div class=\"ichhar-moneytagnative c5\" id=\"ichhar-558565781\">\n<p>Advertisements<\/p>\n<\/div>\n<p><br class=\"c2\"\/><br \/>\n<br class=\"c6\"\/><\/p>\n<p>Auteur: Mohand Yahiaoui<br \/>\n<a href=\"https:\/\/www.elwatan.com\/edition\/actualite\/ouargla-emeutes-apres-la-condamnation-de-lactiviste-ameur-guerrache-28-02-2021\">Cliquez ici pour lire l&rsquo;article depuis sa source.<\/a><\/p>\n","protected":false},"excerpt":{"rendered":"<p>Des \u00e9meutes ont \u00e9clat\u00e9 ce dimanche en debut de soir\u00e9e dans plusieurs quartiers de la ville de Ouargla apr\u00e8s que le tribunal criminel ait rendu son verdict dans l\u2019affaire du blogueur Ameur Guerrache, le condamnant \u00e0 7 ans de prison ferme. Les manifestants ont bloqu\u00e9 plusieurs axes routiers et fait bruler des pneus montrant une [&hellip;]<\/p>\n","protected":false},"author":1743,"featured_media":0,"comment_status":"closed","ping_status":"closed","sticky":false,"template":"","format":"standard","meta":{"fifu_image_url":"","fifu_image_alt":"","footnotes":""},"categories":[73,53],"tags":[],"class_list":["post-112202","post","type-post","status-publish","format-standard","hentry","category-actualite","category-algerie"],"_links":{"self":[{"href":"https:\/\/linitiative.ca\/International\/wp-json\/wp\/v2\/posts\/112202","targetHints":{"allow":["GET"]}}],"collection":[{"href":"https:\/\/linitiative.ca\/International\/wp-json\/wp\/v2\/posts"}],"about":[{"href":"https:\/\/linitiative.ca\/International\/wp-json\/wp\/v2\/types\/post"}],"author":[{"embeddable":true,"href":"https:\/\/linitiative.ca\/International\/wp-json\/wp\/v2\/users\/1743"}],"replies":[{"embeddable":true,"href":"https:\/\/linitiative.ca\/International\/wp-json\/wp\/v2\/comments?post=112202"}],"version-history":[{"count":0,"href":"https:\/\/linitiative.ca\/International\/wp-json\/wp\/v2\/posts\/112202\/revisions"}],"wp:attachment":[{"href":"https:\/\/linitiative.ca\/International\/wp-json\/wp\/v2\/media?parent=112202"}],"wp:term":[{"taxonomy":"category","embeddable":true,"href":"https:\/\/linitiative.ca\/International\/wp-json\/wp\/v2\/categories?post=112202"},{"taxonomy":"post_tag","embeddable":true,"href":"https:\/\/linitiative.ca\/International\/wp-json\/wp\/v2\/tags?post=112202"}],"curies":[{"name":"wp","href":"https:\/\/api.w.org\/{rel}","templated":true}]}}