{"id":112204,"date":"2021-02-28T13:50:00","date_gmt":"2021-02-28T18:50:00","guid":{"rendered":"https:\/\/linitiative.ca\/International\/habib-bouhaouel-nous-quitte-un-journaliste-de-talent-et-un-caricaturiste-redoutable\/"},"modified":"2021-02-28T13:50:00","modified_gmt":"2021-02-28T18:50:00","slug":"habib-bouhaouel-nous-quitte-un-journaliste-de-talent-et-un-caricaturiste-redoutable","status":"publish","type":"post","link":"https:\/\/linitiative.ca\/International\/habib-bouhaouel-nous-quitte-un-journaliste-de-talent-et-un-caricaturiste-redoutable\/","title":{"rendered":"Habib Bouhaouel nous quitte : un journaliste de talent et un caricaturiste redoutable"},"content":{"rendered":"<p>Si ma m\u00e9moire ne me trahit pas, jai connu Habib Bouhaoual au milieu des ann\u00e9es 70. Frais \u00e9moulu de l&rsquo;\u00e9cole des beaux-arts de Tunis et passionn\u00e9 de journalisme, il venait d&rsquo;\u00eatre recrut\u00e9 au journal le Temps en tant que journaliste. Il s&rsquo;av\u00e8rera un journaliste de talent doubl\u00e9 d&rsquo;un caricaturiste redoutable.<\/p>\n<p>Tr\u00e8s vite, il s&rsquo;est adapt\u00e9 \u00e0 l&rsquo;ambiance qui r\u00e9gnait dans le journal. Pour avoir travaill\u00e9 de concert avec lui pendant les deux ann\u00e9es que j&rsquo;ai pass\u00e9es au Temps, je confirme tout ce qui a \u00e9t\u00e9 dit et \u00e9crit sur lui. Bourr\u00e9 de talents, la r\u00e9partie facile, dot\u00e9 d&rsquo;une grande imagination, il \u00e9tait d&rsquo;un commerce agr\u00e9able. Cerise sur le g\u00e2teau, il \u00e9tait d&rsquo;un professionnalisme irr\u00e9prochable et au del\u00e0 de tout, UN HOMME dont il serait difficile de retouver son pareil.<\/p>\n<p class=\"c2\"><strong>H\u00e9di B\u00e9hi<\/strong><\/p>\n<p>Auteur:<br \/>\n<a href=\"https:\/\/www.leaders.com.tn\/article\/31500-habib-bouhaouel-nous-quitte-un-journaliste-de-talent-et-un-caricaturiste-redoutable\">Cliquez ici pour lire l&rsquo;article depuis sa source.<\/a><\/p>\n","protected":false},"excerpt":{"rendered":"<p>Si ma m\u00e9moire ne me trahit pas, jai connu Habib Bouhaoual au milieu des ann\u00e9es 70. Frais \u00e9moulu de l&rsquo;\u00e9cole des beaux-arts de Tunis et passionn\u00e9 de journalisme, il venait d&rsquo;\u00eatre recrut\u00e9 au journal le Temps en tant que journaliste. Il s&rsquo;av\u00e8rera un journaliste de talent doubl\u00e9 d&rsquo;un caricaturiste redoutable. Tr\u00e8s vite, il s&rsquo;est adapt\u00e9 [&hellip;]<\/p>\n","protected":false},"author":1772,"featured_media":0,"comment_status":"closed","ping_status":"closed","sticky":false,"template":"","format":"standard","meta":{"fifu_image_url":"","fifu_image_alt":"","footnotes":""},"categories":[73,55],"tags":[],"class_list":["post-112204","post","type-post","status-publish","format-standard","hentry","category-actualite","category-tunisie"],"_links":{"self":[{"href":"https:\/\/linitiative.ca\/International\/wp-json\/wp\/v2\/posts\/112204","targetHints":{"allow":["GET"]}}],"collection":[{"href":"https:\/\/linitiative.ca\/International\/wp-json\/wp\/v2\/posts"}],"about":[{"href":"https:\/\/linitiative.ca\/International\/wp-json\/wp\/v2\/types\/post"}],"author":[{"embeddable":true,"href":"https:\/\/linitiative.ca\/International\/wp-json\/wp\/v2\/users\/1772"}],"replies":[{"embeddable":true,"href":"https:\/\/linitiative.ca\/International\/wp-json\/wp\/v2\/comments?post=112204"}],"version-history":[{"count":0,"href":"https:\/\/linitiative.ca\/International\/wp-json\/wp\/v2\/posts\/112204\/revisions"}],"wp:attachment":[{"href":"https:\/\/linitiative.ca\/International\/wp-json\/wp\/v2\/media?parent=112204"}],"wp:term":[{"taxonomy":"category","embeddable":true,"href":"https:\/\/linitiative.ca\/International\/wp-json\/wp\/v2\/categories?post=112204"},{"taxonomy":"post_tag","embeddable":true,"href":"https:\/\/linitiative.ca\/International\/wp-json\/wp\/v2\/tags?post=112204"}],"curies":[{"name":"wp","href":"https:\/\/api.w.org\/{rel}","templated":true}]}}