{"id":112205,"date":"2021-02-28T05:00:00","date_gmt":"2021-02-28T10:00:00","guid":{"rendered":"https:\/\/linitiative.ca\/International\/elles-se-sont-deroulees-dans-le-calme\/"},"modified":"2021-02-28T05:00:00","modified_gmt":"2021-02-28T10:00:00","slug":"elles-se-sont-deroulees-dans-le-calme","status":"publish","type":"post","link":"https:\/\/linitiative.ca\/International\/elles-se-sont-deroulees-dans-le-calme\/","title":{"rendered":"Elles se sont d\u00e9roul\u00e9es dans le calme"},"content":{"rendered":"<p><em><strong>De Tunis,\u00a0Mohamed Kettou<\/strong><\/em><br \/>Toutes les parties se f\u00e9licitent de l\u2019absence de heurts entre les protagonistes. La journ\u00e9e du samedi \u00e9tait appr\u00e9hend\u00e9e par les Tunisiens qui craignaient que la situation d\u00e9g\u00e9n\u00e8re suite \u00e0 la manifestation \u00e0 laquelle avait appel\u00e9 le parti islamiste Ennahdha, qui a choisi pour slogan dominant : \u00abLa d\u00e9fense des institutions\u00bb. Et d\u2019ailleurs les caf\u00e9s avaient baiss\u00e9 rideau. N\u00e9anmoins, il est difficile d&rsquo;avancer une estimation du nombre des participants, alors que des responsables du parti islamiste l&rsquo;estiment \u00e0 150 000. Toutefois, vu l&rsquo;espace r\u00e9serv\u00e9 par le minist\u00e8re de l&rsquo;Int\u00e9rieur, le nombre ne d\u00e9passerait pas quelques milliers. En effet, l&rsquo;avenue Bourguiba, art\u00e8re principale et traditionnelle de telles manifestations, a \u00e9t\u00e9 ferm\u00e9e. Aucun acc\u00e8s n&rsquo;\u00e9tait tol\u00e9r\u00e9 et les manifestants venant d&rsquo;autres art\u00e8res perpendiculaires \u00e9taient stopp\u00e9s \u00e0 l&rsquo;entr\u00e9e de l&rsquo;avenue Bourguiba, ce qui r\u00e9duit l&rsquo;impact de cette manifestation. Bien que celle-ci ait \u00e9t\u00e9 organis\u00e9e en faveur du gouvernement, le chef Hichem Mechichi qui assure l&rsquo;int\u00e9rim de l&rsquo;int\u00e9rieur s&rsquo;est gard\u00e9 de favoriser Ennahdha apr\u00e8s avoir emp\u00each\u00e9, il y a quelques jours, d&rsquo;autres manifestations sur l&rsquo;avenue Bourguiba.<\/p>\n<p>Apparemment, Ennahdha appelle, \u00e0 travers cette manifestation, au respect de la Constitution et des institutions et au dialogue pour d\u00e9nouer les crises, notamment politique, dont souffre le pays. Mais, les observateurs et les analystes politiques s&rsquo;accordent \u00e0 dire qu&rsquo;au-del\u00e0 des slogans exprim\u00e9s par les manifestants, l&rsquo;objectif assign\u00e9 par Rached Ghannouchi est, \u00e0 ses yeux, plus important. Sa principale cible est le Pr\u00e9sident Ka\u00efs Sa\u00efed \u00e0 qui il veut montrer qu&rsquo;il dispose d&rsquo;une assise populaire qui lui permettrait de gouverner le pays ou, du moins, qu&rsquo;il a son mot \u00e0 dire dans la gestion des affaires de la Tunisie.<br \/>Simultan\u00e9ment, la gauche de Hamma Hammami a organis\u00e9 une marche vers le m\u00eame lieu, appelant le gouvernement \u00e0 satisfaire les revendications exprim\u00e9es par le peuple, il y a une dizaine d&rsquo;ann\u00e9es. Pour la gauche, c&rsquo;\u00e9tait, aussi, une occasion pour d\u00e9noncer les agissements du parti islamiste qu&rsquo;il tient pour responsable de la crise que vit le pays.<br \/>Cependant, ce dont se f\u00e9licitent toutes les parties, c&rsquo;est l&rsquo;absence d&rsquo;accrochages entre les protagonistes, accrochages tant appr\u00e9hend\u00e9s par les tenanciers des nombreux caf\u00e9s qui avaient baiss\u00e9 leurs rideaux depuis le d\u00e9but de la matin\u00e9e.<br \/>M. K.<\/p>\n<p>Auteur:<br \/>\n<a href=\"https:\/\/www.lesoirdalgerie.com\/monde\/elles-se-sont-deroulees-dans-le-calme-57092\">Cliquez ici pour lire l&rsquo;article depuis sa source.<\/a><\/p>\n","protected":false},"excerpt":{"rendered":"<p>De Tunis,\u00a0Mohamed KettouToutes les parties se f\u00e9licitent de l\u2019absence de heurts entre les protagonistes. La journ\u00e9e du samedi \u00e9tait appr\u00e9hend\u00e9e par les Tunisiens qui craignaient que la situation d\u00e9g\u00e9n\u00e8re suite \u00e0 la manifestation \u00e0 laquelle avait appel\u00e9 le parti islamiste Ennahdha, qui a choisi pour slogan dominant : \u00abLa d\u00e9fense des institutions\u00bb. Et d\u2019ailleurs les [&hellip;]<\/p>\n","protected":false},"author":1741,"featured_media":0,"comment_status":"closed","ping_status":"closed","sticky":false,"template":"","format":"standard","meta":{"fifu_image_url":"","fifu_image_alt":"","footnotes":""},"categories":[73,53],"tags":[],"class_list":["post-112205","post","type-post","status-publish","format-standard","hentry","category-actualite","category-algerie"],"_links":{"self":[{"href":"https:\/\/linitiative.ca\/International\/wp-json\/wp\/v2\/posts\/112205","targetHints":{"allow":["GET"]}}],"collection":[{"href":"https:\/\/linitiative.ca\/International\/wp-json\/wp\/v2\/posts"}],"about":[{"href":"https:\/\/linitiative.ca\/International\/wp-json\/wp\/v2\/types\/post"}],"author":[{"embeddable":true,"href":"https:\/\/linitiative.ca\/International\/wp-json\/wp\/v2\/users\/1741"}],"replies":[{"embeddable":true,"href":"https:\/\/linitiative.ca\/International\/wp-json\/wp\/v2\/comments?post=112205"}],"version-history":[{"count":0,"href":"https:\/\/linitiative.ca\/International\/wp-json\/wp\/v2\/posts\/112205\/revisions"}],"wp:attachment":[{"href":"https:\/\/linitiative.ca\/International\/wp-json\/wp\/v2\/media?parent=112205"}],"wp:term":[{"taxonomy":"category","embeddable":true,"href":"https:\/\/linitiative.ca\/International\/wp-json\/wp\/v2\/categories?post=112205"},{"taxonomy":"post_tag","embeddable":true,"href":"https:\/\/linitiative.ca\/International\/wp-json\/wp\/v2\/tags?post=112205"}],"curies":[{"name":"wp","href":"https:\/\/api.w.org\/{rel}","templated":true}]}}