{"id":112206,"date":"2021-02-28T05:00:00","date_gmt":"2021-02-28T10:00:00","guid":{"rendered":"https:\/\/linitiative.ca\/International\/la-communaute-internationale-doit-assumer-ses-responsabilites\/"},"modified":"2021-02-28T05:00:00","modified_gmt":"2021-02-28T10:00:00","slug":"la-communaute-internationale-doit-assumer-ses-responsabilites","status":"publish","type":"post","link":"https:\/\/linitiative.ca\/International\/la-communaute-internationale-doit-assumer-ses-responsabilites\/","title":{"rendered":"\u00abLa communaut\u00e9 internationale doit assumer ses responsabilit\u00e9s\u00bb"},"content":{"rendered":"<p><em><strong>De notre envoy\u00e9 sp\u00e9cial, Karim Aimeur<\/strong><\/em><br \/>Les Sahraouis ont c\u00e9l\u00e9br\u00e9, hier, en grande pompe, le 45e anniversaire de la proclamation de leur r\u00e9publique le 27 f\u00e9vrier 1976. Les festivit\u00e9s ont \u00e9t\u00e9 organis\u00e9es dans les camps des r\u00e9fugi\u00e9s \u00e0 Tindouf. L&rsquo;\u00e9v\u00e9nement intervient cette ann\u00e9e dans un contexte particulier marqu\u00e9 par la rupture du cessez-le-feu en vigueur depuis 1991 par le Maroc, la reprise de la lutte arm\u00e9e et le redressement de la position am\u00e9ricaine sur le conflit apr\u00e8s la reconnaissance de l&rsquo;ancien Pr\u00e9sident de la souverainet\u00e9 du royaume alaouite sur le territoire du Sahara Occidental.<\/p>\n<p>Des centaines de Sahraouis ont afflu\u00e9 d\u00e8s les premi\u00e8res heures de la matin\u00e9e de tous les camps des r\u00e9fugi\u00e9s \u00e0 Tindouf vers la wilaya d&rsquo;Aousserd, o\u00f9 sont pr\u00e9vues les festivit\u00e9s officielles de c\u00e9l\u00e9bration de cette date historique dans le combat pour la lib\u00e9ration des territoires du Sahara Occidental, occup\u00e9s par le Maroc au lendemain du retrait des colons espagnols.<br \/>Arborant l&#8217;embl\u00e8me de leur pays, ces Sahraouis, hommes, femmes et enfants, sont venus des wilayas de La\u00e2youne, Rabouni, Dakhla, Smara&#8230; (ces camps portent les noms des villes sahraouies occup\u00e9es), pour \u00eatre au rendez-vous. Le d\u00e9fil\u00e9 militaire a \u00e9t\u00e9 un moment fort de cette c\u00e9l\u00e9bration. Dans les camps des r\u00e9fugi\u00e9s o\u00f9 vivent des dizaines de milliers de personnes, depuis 1975, les conditions de vie sont tr\u00e8s difficiles. Ceux qui sont n\u00e9s apr\u00e8s cette ann\u00e9e et qui ont moins de 46 ans, et ils sont tr\u00e8s nombreux, n&rsquo;ont pas connu un autre statut dans leur vie en dehors de celui de r\u00e9fugi\u00e9.\u00a0<br \/>Aujourd&rsquo;hui, ils constituent la majorit\u00e9 des effectifs de l&rsquo;arm\u00e9e sahraouie qui a repris la lutte arm\u00e9e depuis le mois de novembre 2020, suite \u00e0 une agression marocaine et la violation du cessez-le-feu en vigueur depuis 1991 suite \u00e0 une r\u00e9solution de l&rsquo;ONU relative \u00e0 l&rsquo;organisation d&rsquo;un r\u00e9f\u00e9rendum d&rsquo;autod\u00e9termination qui ne s&rsquo;est pas encore tenu.\u00a0<br \/>Le Front Polisario n&rsquo;a cess\u00e9 d&rsquo;accuser le Maroc et ses protecteurs, notamment la France et l&rsquo;Espagne, d&rsquo;entraver ce processus onusien de r\u00e9solution de ce conflit qui dure depuis pr\u00e8s d&rsquo;un demi-si\u00e8cle.<br \/><strong>Partisans de la paix<\/strong><br \/>Sous un chapiteau, les invit\u00e9s dont des repr\u00e9sentants de la Minurso, les ambassadeurs de Cuba et du Zimbabwe, une d\u00e9l\u00e9gation alg\u00e9rienne constitu\u00e9e de repr\u00e9sentants de certains partis politiques comme le SG du parti FLN, des repr\u00e9sentants de quelques associations et des s\u00e9nateurs conduits par un vice-pr\u00e9sident du S\u00e9nat, ont pris place, attendant le lancement des activit\u00e9s, dont le d\u00e9fil\u00e9 militaire et d&rsquo;autres folkloriques. Mais le moment le plus attendu \u00e9tait le discours du pr\u00e9sident de la R\u00e9publique sahraouie et secr\u00e9taire g\u00e9n\u00e9ral du Front Polisario, Brahim Ghali.<br \/>Dans sa longue allocution, ce dernier a retrac\u00e9 l&rsquo;histoire de la cause sahraouie, interpellant l&rsquo;ONU et la communaut\u00e9 internationale sur la d\u00e9gradation de la situation dans la r\u00e9gion en les appelant \u00e0 assumer leurs responsabilit\u00e9s. Il a expliqu\u00e9 que le 45e anniversaire de la proclamation de la RASD intervient cette ann\u00e9e dans un contexte marqu\u00e9 par \u00abdes d\u00e9veloppements dangereux suite \u00e0 la d\u00e9cision du Maroc de rompre le cessez-le-feu et de s&rsquo;accaparer les territoires sahraouis qui \u00e9taient lib\u00e9r\u00e9s jusqu&rsquo;au 13 novembre 2020\u00bb.<br \/>Condamnant cette agression marocaine qui a contraint, selon lui, l&rsquo;arm\u00e9e sahraouie \u00e0 reprendre la lutte arm\u00e9e dans le cadre de la l\u00e9gitime d\u00e9fense, Brahim Ghali a affirm\u00e9 que le peuple sahraoui est d\u00e9cid\u00e9 \u00e0 arracher son ind\u00e9pendance.<br \/>\u00abL&rsquo;arm\u00e9e sahraouie est toujours pr\u00eate au sacrifice pour lib\u00e9rer le pays des envahisseurs occupants\u00bb, a-t-il lanc\u00e9, tout en affirmant que \u00abnous sommes des partisans de la paix et non des amateurs de guerre\u00bb.<br \/>D&rsquo;ailleurs, il n&rsquo;a pas manqu\u00e9 de tendre la main au Maroc pour une paix durable. A condition.<br \/>\u00abLe peuple sahraoui attend depuis 30 ans que l&rsquo;ONU et la communaut\u00e9 internationale lui permettent d&rsquo;exercer son droit \u00e0 l&rsquo;autod\u00e9termination. Mais l&rsquo;ONU n&rsquo;a pas tenu sa promesse d&rsquo;organiser le r\u00e9f\u00e9rendum et n&rsquo;a pas boug\u00e9 devant les man\u0153uvres marocaines\u00bb visant \u00e0 avorter le processus de r\u00e8glement du conflit, a-t-il accus\u00e9. Pour lui, il n&rsquo;y a aucune solution r\u00e9aliste \u00e0 ce conflit si la volont\u00e9 populaire n&rsquo;est pas respect\u00e9e. Et de d\u00e9noncer l&rsquo;ent\u00eatement du Maroc et son soutien par des membres du Conseil de s\u00e9curit\u00e9 de l&rsquo;ONU qui a encourag\u00e9, a-t-il dit, l&rsquo;occupation \u00e0 l&rsquo;actuelle escalade dangereuse.<br \/>Brahim Ghali a appel\u00e9, dans ce contexte, l&rsquo;ONU et la communaut\u00e9 internationale \u00e0 assumer leurs responsabilit\u00e9s et faire en sorte que le Maroc cesse son m\u00e9pris de la l\u00e9gitimit\u00e9 internationale. Il a soulign\u00e9 que l&rsquo;ONU est tenue d&rsquo;acc\u00e9l\u00e9rer le processus de d\u00e9colonisation en ad\u00e9quation avec ses r\u00e9solutions relatives \u00e0 l&rsquo;ind\u00e9pendance des peuples colonis\u00e9s comme il a demand\u00e9 \u00e0 l&rsquo;organisation de prot\u00e9ger les civils dans ce contexte de guerre. Le Pr\u00e9sident sahraoui a appel\u00e9 \u00e9galement l&rsquo;Union africaine \u00e0 mettre fin \u00e0 la violation de l&rsquo;acte fondateur de l&rsquo;Union par le Maroc qui occupe le territoire d&rsquo;un autre pays africain. L&rsquo;orateur a appel\u00e9, en outre, l&rsquo;Union europ\u00e9enne \u00e0 ne pas suivre la France et l&rsquo;Espagne dans la violation des d\u00e9cisions de la Cour de justice europ\u00e9enne, demandant \u00e0 la France d&rsquo;adopter une position favorable \u00e0 une r\u00e9solution d\u00e9mocratique du conflit, \u00e0 m\u00eame de permettre aux Sahraouis de d\u00e9cider de leur avenir.<br \/>Il a aussi appel\u00e9 la nouvelle administration am\u00e9ricaine et le Pr\u00e9sident Biden \u00e0 contribuer \u00e0 cette r\u00e9solution d\u00e9mocratique du conflit en respect des principes et des valeurs des USA.<br \/>\u00abNos voisins du Maroc doivent comprendre que l&rsquo;\u00c9tat sahraoui est une r\u00e9alit\u00e9 r\u00e9gionale et internationale car il est la cons\u00e9cration de la volont\u00e9 de tout un peuple\u00bb, a-t-il dit, en tendant la main au Maroc appel\u00e9 \u00e0 s&rsquo;investir dans une paix durable, affirmant que le Front Polisario ne sera pas un obstacle \u00e0 la construction de l&rsquo;ensemble maghr\u00e9bin en \u00e9tant pr\u00eat \u00e0 payer les frais de cette paix. Le SG du Front Polisario a, cependant, appel\u00e9 les autorit\u00e9s marocaines \u00e0 la sagesse et \u00e0 l&rsquo;arr\u00eat de la politique expansionniste du royaume.\u00a0<br \/>K. A.<\/p>\n<p><strong>Bombardements intenses des sites de retranchements de l\u2019occupant\u00a0<\/strong><br \/>Les attaques de l\u2019arm\u00e9e sahraouie se poursuivent contre les positions de retranchement des forces de l\u2019occupant marocain post\u00e9es le long du mur de la honte. En effet, des unit\u00e9s ont lanc\u00e9 de nouvelles attaques contre les positions de l&rsquo;arm\u00e9e d&rsquo;occupation marocaine tout au long du mur de sable, selon le communiqu\u00e9 militaire 107 rendu public vendredi par le minist\u00e8re sahraoui de la D\u00e9fense.\u00a0<br \/>Le communiqu\u00e9 rapport\u00e9 par l&rsquo;Agence de presse sahraouie SPS fait \u00e9tat de bombardements effectu\u00e9s, jeudi 25 f\u00e9vrier, par les unit\u00e9s de l&rsquo;APLS ciblant des \u00absites et des positions de retranchement des forces de l&rsquo;ennemi dans la zone Agararat Laahdid, relevant du secteur de Farsia\u00bb.\u00a0<br \/>Les attaques ont cibl\u00e9 aussi les points de rassemblement des soldats de l&rsquo;occupant dans les zones Rouss-Fadrat-Laghrab et Rouss-Fadrat-el-Aouch (secteur de Hauza).\u00a0<br \/>Un bombardement intense a pris pour cible les forces d&rsquo;occupation dans la zone Mehibess, secteur Atwisgui, selon la m\u00eame source. Le vendredi 26 f\u00e9vrier, les unit\u00e9s de l&rsquo;APLS ont pilonn\u00e9 des sites de retranchement de l&rsquo;ennemi dans les zones Gsaibat-Lakzaah et Lamsamir (secteur Atwisgui).\u00a0<br \/>Dans le secteur de Mahbes, les bombardements ont cibl\u00e9 les soldats de l&rsquo;occupation marocaine retranch\u00e9s dans les r\u00e9gions d&rsquo;Ouled-Blal, Rous-Sabti et Laked. Pour sa part, le responsable du secr\u00e9tariat de l\u2019organisation politique du Front Polisario, Khatri Addouh, a soulign\u00e9 que la lutte arm\u00e9e se poursuivra pour contrer les plans de l&rsquo;occupation. Il a \u00e9galement soulign\u00e9 que le peuple sahraoui est r\u00e9solument engag\u00e9 sur la voie du parach\u00e8vement de l&rsquo;ind\u00e9pendance totale, de la r\u00e9cup\u00e9ration de la terre spoli\u00e9e, et du r\u00e9tablissement de la souverainet\u00e9 de l&rsquo;Etat sur l&rsquo;ensemble de son territoire.\u00a0<br \/>Par ailleurs, l&rsquo;intergroupe parlementaire europ\u00e9en Paix pour le peuple sahraoui a appel\u00e9 l\u2019Union europ\u00e9enne (UE) \u00e0 prendre des mesures urgentes pour stopper les violations des droits de l&rsquo;Homme perp\u00e9tr\u00e9es par le Maroc dans les territoires sahraouis occup\u00e9s.\u00a0<br \/>R. I.<\/p>\n<p>Auteur:<br \/>\n<a href=\"https:\/\/www.lesoirdalgerie.com\/monde\/la-communaute-internationale-doit-assumer-ses-responsabilites-57091\">Cliquez ici pour lire l&rsquo;article depuis sa source.<\/a><\/p>\n","protected":false},"excerpt":{"rendered":"<p>De notre envoy\u00e9 sp\u00e9cial, Karim AimeurLes Sahraouis ont c\u00e9l\u00e9br\u00e9, hier, en grande pompe, le 45e anniversaire de la proclamation de leur r\u00e9publique le 27 f\u00e9vrier 1976. Les festivit\u00e9s ont \u00e9t\u00e9 organis\u00e9es dans les camps des r\u00e9fugi\u00e9s \u00e0 Tindouf. L&rsquo;\u00e9v\u00e9nement intervient cette ann\u00e9e dans un contexte particulier marqu\u00e9 par la rupture du cessez-le-feu en vigueur depuis [&hellip;]<\/p>\n","protected":false},"author":1741,"featured_media":0,"comment_status":"closed","ping_status":"closed","sticky":false,"template":"","format":"standard","meta":{"fifu_image_url":"","fifu_image_alt":"","footnotes":""},"categories":[73,53],"tags":[],"class_list":["post-112206","post","type-post","status-publish","format-standard","hentry","category-actualite","category-algerie"],"_links":{"self":[{"href":"https:\/\/linitiative.ca\/International\/wp-json\/wp\/v2\/posts\/112206","targetHints":{"allow":["GET"]}}],"collection":[{"href":"https:\/\/linitiative.ca\/International\/wp-json\/wp\/v2\/posts"}],"about":[{"href":"https:\/\/linitiative.ca\/International\/wp-json\/wp\/v2\/types\/post"}],"author":[{"embeddable":true,"href":"https:\/\/linitiative.ca\/International\/wp-json\/wp\/v2\/users\/1741"}],"replies":[{"embeddable":true,"href":"https:\/\/linitiative.ca\/International\/wp-json\/wp\/v2\/comments?post=112206"}],"version-history":[{"count":0,"href":"https:\/\/linitiative.ca\/International\/wp-json\/wp\/v2\/posts\/112206\/revisions"}],"wp:attachment":[{"href":"https:\/\/linitiative.ca\/International\/wp-json\/wp\/v2\/media?parent=112206"}],"wp:term":[{"taxonomy":"category","embeddable":true,"href":"https:\/\/linitiative.ca\/International\/wp-json\/wp\/v2\/categories?post=112206"},{"taxonomy":"post_tag","embeddable":true,"href":"https:\/\/linitiative.ca\/International\/wp-json\/wp\/v2\/tags?post=112206"}],"curies":[{"name":"wp","href":"https:\/\/api.w.org\/{rel}","templated":true}]}}