{"id":112207,"date":"2021-02-28T05:00:00","date_gmt":"2021-02-28T10:00:00","guid":{"rendered":"https:\/\/linitiative.ca\/International\/accident-mortel-sur-le-cw-n18\/"},"modified":"2021-02-28T05:00:00","modified_gmt":"2021-02-28T10:00:00","slug":"accident-mortel-sur-le-cw-n18","status":"publish","type":"post","link":"https:\/\/linitiative.ca\/International\/accident-mortel-sur-le-cw-n18\/","title":{"rendered":"Accident mortel sur le CW n\u00b018"},"content":{"rendered":"<p>Un grave accident a eu lieu dans la soir\u00e9e de vendredi sur le chemin de wilaya n\u00b018 reliant Hassi-el-Ghella \u00e0 A\u00efn-Be\u00efda, causant la mort d&rsquo;une personne \u00e2g\u00e9e de 27 ans et des blessures \u00e0 7 autres, dont trois gri\u00e8vement atteintes. Selon des informations concordantes, deux v\u00e9hicules, une Renault 21 et une Peugeot 406, ont heurt\u00e9 un tracteur avec remorque, pr\u00e8s de la localit\u00e9 de A\u00efn-el-Be\u00efda. Le choc \u00e9tait si violent que l&rsquo;un des passagers rendra l\u2019\u00e2me sur le coup. Les bless\u00e9s ont \u00e9t\u00e9 \u00e9vacu\u00e9s aux urgences m\u00e9dicales. Une enqu\u00eate a \u00e9t\u00e9 ouverte par la Gendarmerie nationale pour d\u00e9terminer les causes et circonstances de ce drame.<br \/>S. B.<\/p>\n<p>Auteur:<br \/>\n<a href=\"https:\/\/www.lesoirdalgerie.com\/regions\/accident-mortel-sur-le-cw-n-18-57090\">Cliquez ici pour lire l&rsquo;article depuis sa source.<\/a><\/p>\n","protected":false},"excerpt":{"rendered":"<p>Un grave accident a eu lieu dans la soir\u00e9e de vendredi sur le chemin de wilaya n\u00b018 reliant Hassi-el-Ghella \u00e0 A\u00efn-Be\u00efda, causant la mort d&rsquo;une personne \u00e2g\u00e9e de 27 ans et des blessures \u00e0 7 autres, dont trois gri\u00e8vement atteintes. Selon des informations concordantes, deux v\u00e9hicules, une Renault 21 et une Peugeot 406, ont heurt\u00e9 [&hellip;]<\/p>\n","protected":false},"author":1741,"featured_media":0,"comment_status":"closed","ping_status":"closed","sticky":false,"template":"","format":"standard","meta":{"fifu_image_url":"","fifu_image_alt":"","footnotes":""},"categories":[73,53],"tags":[],"class_list":["post-112207","post","type-post","status-publish","format-standard","hentry","category-actualite","category-algerie"],"_links":{"self":[{"href":"https:\/\/linitiative.ca\/International\/wp-json\/wp\/v2\/posts\/112207","targetHints":{"allow":["GET"]}}],"collection":[{"href":"https:\/\/linitiative.ca\/International\/wp-json\/wp\/v2\/posts"}],"about":[{"href":"https:\/\/linitiative.ca\/International\/wp-json\/wp\/v2\/types\/post"}],"author":[{"embeddable":true,"href":"https:\/\/linitiative.ca\/International\/wp-json\/wp\/v2\/users\/1741"}],"replies":[{"embeddable":true,"href":"https:\/\/linitiative.ca\/International\/wp-json\/wp\/v2\/comments?post=112207"}],"version-history":[{"count":0,"href":"https:\/\/linitiative.ca\/International\/wp-json\/wp\/v2\/posts\/112207\/revisions"}],"wp:attachment":[{"href":"https:\/\/linitiative.ca\/International\/wp-json\/wp\/v2\/media?parent=112207"}],"wp:term":[{"taxonomy":"category","embeddable":true,"href":"https:\/\/linitiative.ca\/International\/wp-json\/wp\/v2\/categories?post=112207"},{"taxonomy":"post_tag","embeddable":true,"href":"https:\/\/linitiative.ca\/International\/wp-json\/wp\/v2\/tags?post=112207"}],"curies":[{"name":"wp","href":"https:\/\/api.w.org\/{rel}","templated":true}]}}