{"id":112209,"date":"2021-02-28T05:00:00","date_gmt":"2021-02-28T10:00:00","guid":{"rendered":"https:\/\/linitiative.ca\/International\/une-veritable-bombe-a-retardement\/"},"modified":"2021-02-28T05:00:00","modified_gmt":"2021-02-28T10:00:00","slug":"une-veritable-bombe-a-retardement","status":"publish","type":"post","link":"https:\/\/linitiative.ca\/International\/une-veritable-bombe-a-retardement\/","title":{"rendered":"Une v\u00e9ritable bombe \u00e0 retardement"},"content":{"rendered":"<p>Dans une atmosph\u00e8re populeuse et presque anxiog\u00e8ne, le march\u00e9 de voitures de S\u00e9tif, qui revient apr\u00e8s une ann\u00e9e de mise en berne, flirte avec le Covid-19. Avec ou sans masque, vendeurs, acheteurs, d\u00e9marcheurs et m\u00eame malfaiteurs se c\u00f4toient dans ce lieu d\u2019interaction \u00e9conomique.<br \/>De visu, l\u2019on note que les gestes barri\u00e8res tels que la distanciation physique ou le port de la bavette ne sont plus d\u2019actualit\u00e9. Pis, certains \u00e9prouvent un malin plaisir \u00e0 se serrer la main et comme si cela ne suffisait pas, ils s\u2019\u00e9changent les gobelets de caf\u00e9 et de th\u00e9 achet\u00e9s aupr\u00e8s de vendeurs ambulants. Pour acc\u00e9der au terrain destin\u00e9 \u00e0 l&rsquo;achat et \u00e0 la vente de v\u00e9hicules, les milliers de visiteurs doivent arpenter une voie large de trois \u00e0 quatre m\u00e8tres seulement o\u00f9 sont entass\u00e9s de part et d&rsquo;autre des dizaines d&rsquo;\u00e9tals. On y vend toutes sortes de marchandises, v\u00eatements, produits alimentaires, \u00e9lectrom\u00e9nagers, ustensiles de cuisine, pi\u00e8ces d\u00e9tach\u00e9es&#8230; en passant par la vente d&rsquo;oiseaux, sans oublier la pr\u00e9sence des \u00e9ternelles gargotes prises d&rsquo;assaut par les visiteurs et d&rsquo;o\u00f9 se d\u00e9gagent des fum\u00e9es \u00e0 vous couper le souffle.<br \/>Les milliers de personnes qui d\u00e9ambulent dans cet espace ne portent aucun masque et la configuration du site avec des resserrements de passage provoque des \u00abembouteillages\u00bb avec une \u00e9vidente promiscuit\u00e9 entre ceux qui rentrent et ceux qui sortent. Une situation qui risque de faire monter la courbe des contaminations, surtout que la majorit\u00e9 des visiteurs proviennent de plusieurs wilayas du pays. Et dire que dans l\u2019arr\u00eat\u00e9 n\u00b0 596 promulgu\u00e9 par le pr\u00e9sident de l\u2019APC de S\u00e9tif portant sur la r\u00e9ouverture du march\u00e9 hebdomadaire de voitures et notamment dans l\u2019article 2, il est \u00e9crit noir sur blanc que le locataire du march\u00e9 est tenu d\u2019appliquer sans exception toutes les recommandations contenues dans le protocole sanitaire, de respecter la distanciation sociale et d\u2019interdire l\u2019acc\u00e8s du march\u00e9 aux personnes ne portant pas de masque, faute de quoi, l\u2019APC proc\u00e8dera \u00e0 la fermeture imm\u00e9diate de ce lieu. Chose improbable de la part d\u2019une Assembl\u00e9e communale qui ne se soucie gu\u00e8re du sort de ses concitoyens. \u00ab Devant des consid\u00e9rations purement mercantiles, l\u2019APC de S\u00e9tif ne pourra prendre aucune mesure \u00e0 l\u2019encontre du locataire du march\u00e9\u00bb, dira un habitant de la cit\u00e9 La\u00efd-Dahoui, lieu o\u00f9 est implant\u00e9 le march\u00e9 de voitures. Et ce dernier d\u2019encha\u00eener : \u00abLes autorit\u00e9s ne font rien pour parer \u00e0 cette situation. Je me demande si elles attendent que des centaines de cas de Covid-19 soient d\u00e9clar\u00e9s pour venir jouer aux pompiers.\u2008\u00bb<br \/>Notons qu\u2019une p\u00e9tition, r\u00e9unissant les signatures de dizaines d\u2019habitants des cit\u00e9s jouxtant le march\u00e9 de voitures, est en pr\u00e9paration pour \u00eatre envoy\u00e9e au wali de S\u00e9tif, afin de demander sa fermeture d\u00e9finitive ou sa d\u00e9localisation vers un endroit plus spacieux et mieux am\u00e9nag\u00e9 vu que son emplacement actuel n\u2019est plus ad\u00e9quat car situ\u00e9 en pleine zone urbaine et entour\u00e9 d\u2019habitations.<br \/>La balle est dans le camp des responsables de la wilaya qui doivent intervenir le plus rapidement possible pour \u00e9viter une v\u00e9ritable crise sanitaire \u00e0 S\u00e9tif qui pourrait s\u2019\u00e9tendre \u00e0 d\u2019autres wilayas surtout avec l\u2019apparition du variant britannique dans notre pays.<br \/>Imed Sellami<\/p>\n<p><strong>Des op\u00e9rateurs \u00e9conomiques ind\u00e9licats \u00e9pingl\u00e9s par la douane<\/strong><br \/>Les services de la Direction r\u00e9gionale des douanes de S\u00e9tif sont, dans le cadre de leurs missions, notamment celle relative au contr\u00f4le douanier sur les \u00e9changes du commerce ext\u00e9rieur \u00e0 l\u2019import\/export, parvenus \u00e0 relever deux infractions majeures commises par deux op\u00e9rateurs \u00e9conomiques.<br \/>Ces deux affaires ont \u00e9t\u00e9 trait\u00e9es par l\u2019inspection divisionnaire des douanes de Bordj-Bou-Arr\u00e9ridj. La premi\u00e8re infraction est li\u00e9e \u00e0 une fausse d\u00e9claration de valeur qui a \u00e9t\u00e9 approuv\u00e9e par une expertise judiciaire concernant deux d\u00e9clarations globales de l\u2019ordre de 53.093.035 DA l\u2019unit\u00e9 alors que l\u2019expertise judiciaire avait conclu \u00e0 32.451.489 la valeur de l\u2019unit\u00e9. Le communiqu\u00e9 de la douane ne donne aucune pr\u00e9cision sur la nature de la marchandise import\u00e9e.<br \/>A cet effet, les services des douanes ont proc\u00e9d\u00e9 \u00e0 l\u2019\u00e9tablissement d\u2019un proc\u00e8s-verbal de constat et adress\u00e9 aux instances judiciaires territorialement comp\u00e9tentes. Les douaniers ont \u00e9galement proc\u00e9d\u00e9 \u00e0 la confiscation du corps du d\u00e9lit et au dressement d\u2019une amende \u00e9gale \u00e0 quatre fois la valeur de la marchandise confisqu\u00e9e soit 259.611.270 DA.<br \/>La deuxi\u00e8me infraction relev\u00e9e toujours par les douaniers de Bordj-Bou-Arr\u00e9ridj concerne deux d\u00e9clarations de d\u00e9douanement de marchandise avec un registre de commerce non applicable, en utilisant une fausse d\u00e9nomination commerciale sur la facture relative \u00e0 l&rsquo;importation de 1.820.000 bavettes \u00e0 usage m\u00e9dical qui ont \u00e9t\u00e9 d\u00e9clar\u00e9es comme \u00e9tant des bavettes ordinaires, \u00e0 l&rsquo;issue de la visite ordinaire et d\u2019expertise.<br \/>La valeur globale de la marchandise est estim\u00e9e \u00e0: 29.895.404,28 DA. L\u2019infraction commise par l\u2019op\u00e9rateur \u00e9conomique est passible de la confiscation de la marchandise corps du d\u00e9lit, et une amende \u00e9gale \u00e0 une fois la valeur de la marchandise confisqu\u00e9e, soit un montant global des p\u00e9nalit\u00e9s encourues estim\u00e9 \u00e0 29.895.404,28 DA.<br \/>Imed Sellami<\/p>\n<p>Auteur:<br \/>\n<a href=\"https:\/\/www.lesoirdalgerie.com\/regions\/une-veritable-bombe-a-retardement-57088\">Cliquez ici pour lire l&rsquo;article depuis sa source.<\/a><\/p>\n","protected":false},"excerpt":{"rendered":"<p>Dans une atmosph\u00e8re populeuse et presque anxiog\u00e8ne, le march\u00e9 de voitures de S\u00e9tif, qui revient apr\u00e8s une ann\u00e9e de mise en berne, flirte avec le Covid-19. Avec ou sans masque, vendeurs, acheteurs, d\u00e9marcheurs et m\u00eame malfaiteurs se c\u00f4toient dans ce lieu d\u2019interaction \u00e9conomique.De visu, l\u2019on note que les gestes barri\u00e8res tels que la distanciation physique [&hellip;]<\/p>\n","protected":false},"author":1741,"featured_media":0,"comment_status":"closed","ping_status":"closed","sticky":false,"template":"","format":"standard","meta":{"fifu_image_url":"","fifu_image_alt":"","footnotes":""},"categories":[73,53],"tags":[],"class_list":["post-112209","post","type-post","status-publish","format-standard","hentry","category-actualite","category-algerie"],"_links":{"self":[{"href":"https:\/\/linitiative.ca\/International\/wp-json\/wp\/v2\/posts\/112209","targetHints":{"allow":["GET"]}}],"collection":[{"href":"https:\/\/linitiative.ca\/International\/wp-json\/wp\/v2\/posts"}],"about":[{"href":"https:\/\/linitiative.ca\/International\/wp-json\/wp\/v2\/types\/post"}],"author":[{"embeddable":true,"href":"https:\/\/linitiative.ca\/International\/wp-json\/wp\/v2\/users\/1741"}],"replies":[{"embeddable":true,"href":"https:\/\/linitiative.ca\/International\/wp-json\/wp\/v2\/comments?post=112209"}],"version-history":[{"count":0,"href":"https:\/\/linitiative.ca\/International\/wp-json\/wp\/v2\/posts\/112209\/revisions"}],"wp:attachment":[{"href":"https:\/\/linitiative.ca\/International\/wp-json\/wp\/v2\/media?parent=112209"}],"wp:term":[{"taxonomy":"category","embeddable":true,"href":"https:\/\/linitiative.ca\/International\/wp-json\/wp\/v2\/categories?post=112209"},{"taxonomy":"post_tag","embeddable":true,"href":"https:\/\/linitiative.ca\/International\/wp-json\/wp\/v2\/tags?post=112209"}],"curies":[{"name":"wp","href":"https:\/\/api.w.org\/{rel}","templated":true}]}}