{"id":112210,"date":"2021-02-28T05:54:54","date_gmt":"2021-02-28T10:54:54","guid":{"rendered":"https:\/\/linitiative.ca\/International\/transavia-filiale-low-cost-dair-france-va-ouvrir-une-nouvelle-ligne-vers-le-maroc\/"},"modified":"2021-02-28T05:54:54","modified_gmt":"2021-02-28T10:54:54","slug":"transavia-filiale-low-cost-dair-france-va-ouvrir-une-nouvelle-ligne-vers-le-maroc","status":"publish","type":"post","link":"https:\/\/linitiative.ca\/International\/transavia-filiale-low-cost-dair-france-va-ouvrir-une-nouvelle-ligne-vers-le-maroc\/","title":{"rendered":"Transavia, filiale low-cost d\u2019Air France, va ouvrir une nouvelle ligne vers le Maroc"},"content":{"rendered":"<p><strong>Transavia, la filiale du groupe Air France-KLM sp\u00e9cialis\u00e9e dans les vols \u00e0 bas prix, pr\u00e9voit de desservir le Maroc \u00e0 partir de l\u2019\u00e9t\u00e9 prochain.<\/strong><\/p>\n<div class=\"c10\">\n<\/div>\n<p>La compagnie a\u00e9rienne \u00e0 bas co\u00fbt Transavia lancera cet \u00e9t\u00e9 une nouvelle liaison entre Bastia et F\u00e8s, a annonc\u00e9 la filiale du groupe Air France-KLM sur son site internet. A partir du 3 juillet 2021 la compagnie connectera pour la premi\u00e8re fois la Corse et le Maroc en op\u00e9rant cette nouvelle liaison vers l\u2019a\u00e9roport de Bastia-Poretta \u2013 F\u00e8s-Sa\u00efss, op\u00e9r\u00e9e en Boeing 737-800 de 189 si\u00e8ges, avec 1 vol par semaine (le samedi) \u00e0 partir de 54 euros TTC l\u2019aller simple. Le premier vol est pr\u00e9vu le 3 juillet prochain. Les d\u00e9parts sont programm\u00e9s \u00e0 15h25 pour arriver \u00e0 16h55, les vols retour quittant le Maroc \u00e0 17h40 pour se poser \u00e0 21h10.\u00a0<\/p>\n<p><strong>Lire aussi|<a href=\"https:\/\/www.challenge.ma\/manuels-et-cahiers-scolaires-les-imprimeurs-gagnent-leur-bataille-pour-la-preference-nationale-176582\/\">Manuels et cahiers scolaires : les imprimeurs gagnent leur bataille pour la pr\u00e9f\u00e9rence nationale<\/a><\/strong><\/p>\n<p>Transavia sera sans concurrence sur cette route. \u00ab Apr\u00e8s avoir annonc\u00e9 son arriv\u00e9e sur l\u2019Ile de Beaut\u00e9 avec l\u2019ouverture de 6 lignes vers Brest, Montpellier et Nantes, Transavia, la filiale low-cost d\u2019Air France, \u00e9toffe d\u2019ores et d\u00e9j\u00e0 son offre au d\u00e9part de la Corse avec l\u2019ouverture de la ligne Bastia-F\u00e8s, pour permettre aux voyageurs de retrouver leurs proches au Maroc\u00a0\u00bb, indique la filiale du groupe Air France-KLM. Pour rappel, la France n\u2019est pas pour l\u2019heure concern\u00e9e par les nouvelles fermetures de fronti\u00e8res annonc\u00e9es par le royaume, le lundi 22 f\u00e9vrier dernier. En effet, le Maroc a suspendu pour 15 jours renouvelables tous les vols vers et depuis l\u2019Allemagne, la Belgique, les Pays-Bas, la Suisse et la Turquie.\u00a0<\/p>\n<p><strong>Lire aussi|<a href=\"Coronavirus:%20Pfizer%20va%20tester%20l%E2%80%99efficacit%C3%A9%20d%E2%80%99une%20troisi%C3%A8me%20dose%20de%20son%20vaccin%20contre%20les%20variants\">Coronavirus: Pfizer va tester l\u2019efficacit\u00e9 d\u2019une troisi\u00e8me dose de son vaccin contre les variants<\/a><\/strong><\/p>\n<p>Auteur: Adama Sylla<br \/>\n<a href=\"https:\/\/www.challenge.ma\/transavia-filiale-low-cost-dair-france-va-ouvrir-une-nouvelle-ligne-vers-le-maroc-176586\/\">Cliquez ici pour lire l&rsquo;article depuis sa source.<\/a><\/p>\n","protected":false},"excerpt":{"rendered":"<p>Transavia, la filiale du groupe Air France-KLM sp\u00e9cialis\u00e9e dans les vols \u00e0 bas prix, pr\u00e9voit de desservir le Maroc \u00e0 partir de l\u2019\u00e9t\u00e9 prochain. La compagnie a\u00e9rienne \u00e0 bas co\u00fbt Transavia lancera cet \u00e9t\u00e9 une nouvelle liaison entre Bastia et F\u00e8s, a annonc\u00e9 la filiale du groupe Air France-KLM sur son site internet. A partir [&hellip;]<\/p>\n","protected":false},"author":1787,"featured_media":0,"comment_status":"closed","ping_status":"closed","sticky":false,"template":"","format":"standard","meta":{"fifu_image_url":"","fifu_image_alt":"","footnotes":""},"categories":[78,54],"tags":[],"class_list":["post-112210","post","type-post","status-publish","format-standard","hentry","category-economie","category-maroc"],"_links":{"self":[{"href":"https:\/\/linitiative.ca\/International\/wp-json\/wp\/v2\/posts\/112210","targetHints":{"allow":["GET"]}}],"collection":[{"href":"https:\/\/linitiative.ca\/International\/wp-json\/wp\/v2\/posts"}],"about":[{"href":"https:\/\/linitiative.ca\/International\/wp-json\/wp\/v2\/types\/post"}],"author":[{"embeddable":true,"href":"https:\/\/linitiative.ca\/International\/wp-json\/wp\/v2\/users\/1787"}],"replies":[{"embeddable":true,"href":"https:\/\/linitiative.ca\/International\/wp-json\/wp\/v2\/comments?post=112210"}],"version-history":[{"count":0,"href":"https:\/\/linitiative.ca\/International\/wp-json\/wp\/v2\/posts\/112210\/revisions"}],"wp:attachment":[{"href":"https:\/\/linitiative.ca\/International\/wp-json\/wp\/v2\/media?parent=112210"}],"wp:term":[{"taxonomy":"category","embeddable":true,"href":"https:\/\/linitiative.ca\/International\/wp-json\/wp\/v2\/categories?post=112210"},{"taxonomy":"post_tag","embeddable":true,"href":"https:\/\/linitiative.ca\/International\/wp-json\/wp\/v2\/tags?post=112210"}],"curies":[{"name":"wp","href":"https:\/\/api.w.org\/{rel}","templated":true}]}}