{"id":112211,"date":"2021-02-28T07:23:19","date_gmt":"2021-02-28T12:23:19","guid":{"rendered":"https:\/\/linitiative.ca\/International\/voyages-voici-les-pays-europeens-prets-a-lancer-leurs-passeports-vaccinaux\/"},"modified":"2021-02-28T07:23:19","modified_gmt":"2021-02-28T12:23:19","slug":"voyages-voici-les-pays-europeens-prets-a-lancer-leurs-passeports-vaccinaux","status":"publish","type":"post","link":"https:\/\/linitiative.ca\/International\/voyages-voici-les-pays-europeens-prets-a-lancer-leurs-passeports-vaccinaux\/","title":{"rendered":"Voyages : voici les pays europ\u00e9ens pr\u00eats \u00e0 lancer leurs passeports vaccinaux"},"content":{"rendered":"<p><strong>La question du passeport vaccinal devant permettre \u00e0 ceux qui ont re\u00e7u deux doses de vaccin contre le coronavirus d\u2019\u00e9chapper aux quarantaines et aux restrictions de voyage divise toujours les gouvernements europ\u00e9ens.<\/strong> <strong>D\u2019un c\u00f4t\u00e9 les pays favorables \u00e0 sa g\u00e9n\u00e9ralisation et de l\u2019autre ceux qui sont r\u00e9ticents \u00e0 l\u2019id\u00e9e de \u00ab\u00a0conf\u00e9rer \u00e0 certaines personnes plus de droits qu\u2019\u00e0 d\u2019autres\u00a0\u00bb.<\/strong><\/p>\n<div class=\"c10\">\n<\/div>\n<p>L\u2019id\u00e9e d\u2019un passeport vaccinal suscite l\u2019int\u00e9r\u00eat de plusieurs pays, dont certains l\u2019ont d\u00e9j\u00e0 mis en place, et de l\u2019industrie touristique durement affect\u00e9e par la pand\u00e9mie, mais elle divise en Europe.\u00a0 En effet, des pays europ\u00e9ens veulent mettre en place un passeport vaccinal d\u00e8s que possible, afin d\u2019autoriser une libre circulation des personnes ayant re\u00e7ues les deux doses de vaccins. Mais la question divise l\u2019Europe et chacun des deux camps a ses arguments en faveur ou contre ce passeport, qui certifie qu\u2019un individu a re\u00e7u ses deux doses de vaccin contre la Covid-19, et qu\u2019il peut donc \u00e9chapper aux contraintes de quarantaine et aux restrictions qui touchent les voyages.<\/p>\n<p>D\u2019un c\u00f4t\u00e9 les pays favorables \u00e0 sa g\u00e9n\u00e9ralisation, comme la Gr\u00e8ce, l\u2019Autriche, la Hongrie, l\u2019Italie, l\u2019Espagne, Danemark, Serbie, Chypre, la R\u00e9publique tch\u00e8que, l\u2019Estonie, le Portugal, la Slovaquie,\u2026 qui per\u00e7oivent le passeport vaccinal comme un moyen de lever les restrictions mises en place contre la Covid-19. Parmi ceux-l\u00e0, les plus engag\u00e9s sont la Gr\u00e8ce, le Danemark, l\u2019Italie et l\u2019Espagne qui se disent pr\u00eats \u00e0 instaurer ce proc\u00e9d\u00e9 d\u00e8s que possible, afin de pr\u00e9parer les vacances d\u2019\u00e9t\u00e9 et de permettre le retour des touristes rapidement. Tr\u00e8s d\u00e9pendant du tourisme, la Gr\u00e8ce a m\u00eame nou\u00e9 des accords permettant la libre circulation de ses habitants vaccin\u00e9s vers Isra\u00ebl, Chypre et la Serbie. Ces accords doivent prendre effet le 1er avril pour les voyages vers Chypre et Isra\u00ebl, et le 1er mai prochain pour la Serbie. La Gr\u00e8ce serait m\u00eame en pourparlers avec d\u2019autres pays pour mettre en place des accords semblables.<\/p>\n<p>De l\u2019autre c\u00f4t\u00e9, la France, l\u2019Allemagne, Belgique ou les Pays-Bas, qui pr\u00e9f\u00e8rent se montrer prudents et consid\u00e8rent l\u2019initiative pr\u00e9matur\u00e9e, en raison du faible pourcentage de personnes vaccin\u00e9es, des risques de discrimination et des incertitudes li\u00e9es au degr\u00e9 de protection des vaccins. R\u00e9sultat\u00a0: un certificat de vaccination commun aux 27 pays de l\u2019Union Europ\u00e9enne n\u2019est toujours pas \u00e0 l\u2019ordre du jour m\u00eame si l\u2019id\u00e9e a de nouveau \u00e9t\u00e9 \u00e9voqu\u00e9e jeudi 25 f\u00e9vrier au sommet europ\u00e9en en visioconf\u00e9rence. Mais qu\u2019en pense l\u2019Organisation mondiale de la sant\u00e9 (OMS)\u00a0?<\/p>\n<p><strong>Lire aussi|<a href=\"https:\/\/www.challenge.ma\/transavia-filiale-low-cost-dair-france-va-ouvrir-une-nouvelle-ligne-vers-le-maroc-176586\/\">Transavia, filiale low-cost d\u2019Air France, va ouvrir une nouvelle ligne vers le Maroc<\/a><\/strong><\/p>\n<p>Acteur de poids dans ce d\u00e9bat, l\u2019OMS appelle elle aussi \u00e0 la prudence. \u00a0Pour elle, pas question \u00ab pour le moment \u00bb que le certificat de vaccination soit un pr\u00e9requis pour voyager.\u00a0 L\u2019OMS s\u2019inqui\u00e8te que la vaccination prioritaire des voyageurs se fasse au d\u00e9triment des populations plus vuln\u00e9rables ailleurs dans le monde, alors que les doses sont limit\u00e9es.\u00a0\u00a0 Son comit\u00e9 d\u2019urgence ajoute que \u00ab les individus qui n\u2019ont pas acc\u00e8s au vaccin seraient injustement emp\u00each\u00e9s de se d\u00e9placer si la preuve de vaccination devenait obligatoire \u00bb.<\/p>\n<p>Pour rappel, l\u2019id\u00e9e n\u2019est pas nouvelle\u00a0: plusieurs pays exigent d\u00e9j\u00e0 des certificats de vaccination pour prot\u00e9ger la sant\u00e9 des voyageurs.\u00a0 Une preuve de vaccin contre la fi\u00e8vre jaune est par exemple n\u00e9cessaire pour franchir la fronti\u00e8re de plusieurs pays africains (B\u00e9nin, du Burkina Faso, du Cameroun, du Mali, du Niger ou du Rwanda).\u00a0 Ces attestations sont imprim\u00e9es puis broch\u00e9es au passeport.<\/p>\n<p><strong>Lire aussi|<a href=\"https:\/\/www.challenge.ma\/manuels-et-cahiers-scolaires-les-imprimeurs-gagnent-leur-bataille-pour-la-preference-nationale-176582\/\">Manuels et cahiers scolaires : les imprimeurs gagnent leur bataille pour la pr\u00e9f\u00e9rence nationale<\/a><\/strong><\/p>\n<p>Auteur: Adama Sylla<br \/>\n<a href=\"https:\/\/www.challenge.ma\/voyages-voici-les-pays-europeens-prets-a-lancer-leurs-passeports-vaccinaux-176597\/\">Cliquez ici pour lire l&rsquo;article depuis sa source.<\/a><\/p>\n","protected":false},"excerpt":{"rendered":"<p>La question du passeport vaccinal devant permettre \u00e0 ceux qui ont re\u00e7u deux doses de vaccin contre le coronavirus d\u2019\u00e9chapper aux quarantaines et aux restrictions de voyage divise toujours les gouvernements europ\u00e9ens. D\u2019un c\u00f4t\u00e9 les pays favorables \u00e0 sa g\u00e9n\u00e9ralisation et de l\u2019autre ceux qui sont r\u00e9ticents \u00e0 l\u2019id\u00e9e de \u00ab\u00a0conf\u00e9rer \u00e0 certaines personnes plus [&hellip;]<\/p>\n","protected":false},"author":1787,"featured_media":0,"comment_status":"closed","ping_status":"closed","sticky":false,"template":"","format":"standard","meta":{"fifu_image_url":"","fifu_image_alt":"","footnotes":""},"categories":[78,54],"tags":[],"class_list":["post-112211","post","type-post","status-publish","format-standard","hentry","category-economie","category-maroc"],"_links":{"self":[{"href":"https:\/\/linitiative.ca\/International\/wp-json\/wp\/v2\/posts\/112211","targetHints":{"allow":["GET"]}}],"collection":[{"href":"https:\/\/linitiative.ca\/International\/wp-json\/wp\/v2\/posts"}],"about":[{"href":"https:\/\/linitiative.ca\/International\/wp-json\/wp\/v2\/types\/post"}],"author":[{"embeddable":true,"href":"https:\/\/linitiative.ca\/International\/wp-json\/wp\/v2\/users\/1787"}],"replies":[{"embeddable":true,"href":"https:\/\/linitiative.ca\/International\/wp-json\/wp\/v2\/comments?post=112211"}],"version-history":[{"count":0,"href":"https:\/\/linitiative.ca\/International\/wp-json\/wp\/v2\/posts\/112211\/revisions"}],"wp:attachment":[{"href":"https:\/\/linitiative.ca\/International\/wp-json\/wp\/v2\/media?parent=112211"}],"wp:term":[{"taxonomy":"category","embeddable":true,"href":"https:\/\/linitiative.ca\/International\/wp-json\/wp\/v2\/categories?post=112211"},{"taxonomy":"post_tag","embeddable":true,"href":"https:\/\/linitiative.ca\/International\/wp-json\/wp\/v2\/tags?post=112211"}],"curies":[{"name":"wp","href":"https:\/\/api.w.org\/{rel}","templated":true}]}}