{"id":112222,"date":"2021-02-28T15:16:36","date_gmt":"2021-02-28T20:16:36","guid":{"rendered":"https:\/\/linitiative.ca\/International\/attaque-meurtriere-du-domicile-dun-opposant-tchadien-par-larmee-le-marechal-a-t-il-perdu-le-nord\/"},"modified":"2021-02-28T15:16:36","modified_gmt":"2021-02-28T20:16:36","slug":"attaque-meurtriere-du-domicile-dun-opposant-tchadien-par-larmee-le-marechal-a-t-il-perdu-le-nord","status":"publish","type":"post","link":"https:\/\/linitiative.ca\/International\/attaque-meurtriere-du-domicile-dun-opposant-tchadien-par-larmee-le-marechal-a-t-il-perdu-le-nord\/","title":{"rendered":"ATTAQUE MEURTRIERE DU DOMICILE D\u2019UN OPPOSANT TCHADIEN PAR L\u2019ARMEE : Le Mar\u00e9chal a-t-il perdu le Nord ?"},"content":{"rendered":"<p class=\"c4\">Le Mar\u00e9chal Idriss Deby Itno a-t-il perdu le Nord\u00a0? Cette question, on peut se la poser apr\u00e8s le drame qui s\u2019est pass\u00e9 au domicile de l\u2019opposant Yaya Dillo, le dimanche 28 f\u00e9vrier 2021. En effet, selon ce dernier, son domicile a fait l\u2019objet d\u2019une attaque meurtri\u00e8re par des hommes de l\u2019arm\u00e9e tchadienne, plus pr\u00e9cis\u00e9ment par une unit\u00e9 de la garde pr\u00e9sidentielle dirig\u00e9e par le fils du chef de l\u2019Etat. L\u2019opposant fait \u00e9tat de plusieurs morts parmi ses proches dont sa m\u00e8re et son fils. Yaya Dillo est formel et explicite sur les objectifs poursuivis par les auteurs de cette attaque meurtri\u00e8re. Il l\u2019a dit en ces termes\u00a0:\u00a0\u00ab\u00a0 <em>Le r\u00e9gime est habitu\u00e9 \u00e0 organiser des \u00e9lections qui ne sont pas transparentes, mais cette ann\u00e9e, nous avons d\u00e9cid\u00e9 de le contraindre \u00e0 ce que les \u00e9lections deviennent transparentes. Et c\u2019est la raison pour laquelle aujourd\u2019hui, ils m\u2019attaquent. Ils savent que j\u2019ai les moyens de les emp\u00eacher de frauder\u00a0<\/em>\u00bb.\u00a0 Il est important de rappeler que Yaya Dillo est candidat \u00e0 la pr\u00e9sidentielle du 11\u00a0 avril prochain. Il a \u00e9t\u00e9 investi par le Parti socialiste sans fronti\u00e8re. Dans une vie ant\u00e9rieure, l\u2019homme a \u00e9t\u00e9 chef rebelle avant de rallier le camp pr\u00e9sidentiel o\u00f9 il a servi en qualit\u00e9 de ministre.<\/p>\n<p class=\"c4\"><strong>Tous les moyens sont bons pour neutraliser tous ceux qui aspirent \u00e0 arrimer le Tchad \u00e0 la d\u00e9mocratie<\/strong><\/p>\n<p class=\"c4\">Pendant sa lune de miel avec Idriss Deby, il a repr\u00e9sent\u00e9 le Tchad en tant que haut fonctionnaire \u00e0 la CEMAC (Communaut\u00e9 \u00e9conomique et mon\u00e9taire de l\u2019Afrique centrale). En d\u00e9pit de ce statut de privil\u00e9gi\u00e9 du r\u00e9gime, il avait\u00a0os\u00e9 mettre le pied dans le plat en d\u00e9non\u00e7ant la gestion calamiteuse de la chose publique par Deby et les siens. Il avait notamment point\u00e9 la gestion de la Premi\u00e8re Dame. Cet acte t\u00e9m\u00e9raire lui a valu d\u2019\u00eatre r\u00e9voqu\u00e9 par le dictateur. Un autre \u00e9l\u00e9ment du CV de Yaya Dillo qui vaut la peine d\u2019\u00eatre mis en lumi\u00e8re, est ceci\u00a0: Yaya Dillo vient de la m\u00eame r\u00e9gion que Idriss Deby. Il a donc des atouts pour barrer la route \u00e0 Idriss Deby dans un scrutin v\u00e9ritablement transparent. Cette perspective est susceptible de faire trembler le mar\u00e9chal du Tchad\u00a0; lui qui semble avoir grav\u00e9 dans le \u00a0marbre, l\u2019id\u00e9e selon laquelle il n\u2019y a personne pour diriger le Tchad en dehors de sa personne. Sa long\u00e9vit\u00e9 au tr\u00f4ne s\u2019explique, entre autres, par cette croyance digne du roi Louis XIV de France. Tous les moyens sont donc bons pour neutraliser tous ceux qui aspirent s\u00e9rieusement \u00e0 arrimer le Tchad \u00e0 la d\u00e9mocratie en op\u00e9rant la premi\u00e8re alternance de l\u2019histoire du pays. L\u2019id\u00e9e d\u2019un tel sc\u00e9nario peut conduire le mar\u00e9chal \u00e0 perdre le Nord.<\/p>\n<p class=\"c4\">En tout cas, l\u2019on peut l\u00e9gitimement croire \u00e0 cette hypoth\u00e8se apr\u00e8s la descente muscl\u00e9e et meurtri\u00e8re de la garde pr\u00e9sidentielle tchadienne au domicile de Yaya Dolli. Et comme l\u2019on pouvait s\u2019y attendre, le gouvernement s\u2019est fendu, via le ministre de la Communication, d\u2019une d\u00e9claration dans laquelle il justifie l\u2019intervention de la garde pr\u00e9torienne. Pour lui, Yaya Dolli \u00e9tait en train de \u00ab\u00a0 <em>constituer une r\u00e9bellion au c\u0153ur de la capitale\u00a0<\/em>\u00bb. Ce n\u2019est donc pas le domicile de\u00a0 l\u2019opposant politique qui a \u00e9t\u00e9 attaqu\u00e9 mais le domicile d\u2019une personnalit\u00e9 qui est en train de monter une r\u00e9bellion. Mieux, le gouvernement ajoute que l\u2019arm\u00e9e a ripost\u00e9 \u00e0 des tirs provenant du domicile de l\u2019opposant.<\/p>\n<p class=\"c4\"><strong>Il est utopique de penser que l\u2019on peut r\u00e9aliser l\u2019alternance d\u00e9mocratique dans une dictature par les urnes<\/strong><\/p>\n<p class=\"c4\">C\u2019est connu, ce disque s\u2019est ray\u00e9 \u00e0 force d\u2019\u00eatre utilis\u00e9 par les dictateurs \u00e0 chaque fois qu\u2019ils veulent se d\u00e9barrasser d\u2019un concurrent s\u00e9rieux.\u00a0 L\u2019Ougandais Yoweri Museveni et le Congolais Denis Sassou Nguesso n\u2019ont que ce disque dans leur discoth\u00e8que. De ce point de vue, il est utopique de penser que l\u2019on peut r\u00e9aliser l\u2019alternance d\u00e9mocratique dans une dictature par les urnes. Car, les scrutins qui s\u2019y d\u00e9roulent, se suivent et se ressemblent par le fait qu\u2019ils sont tous marqu\u00e9s par des fraudes. Et toute personne qui a la\u00a0t\u00e9m\u00e9rit\u00e9 de s\u2019attaquer \u00e0 cela, est per\u00e7ue comme un \u00e9l\u00e9ment qui complote contre la s\u00fbr\u00e9t\u00e9 de l\u2019Etat. Aujourd\u2019hui, c\u2019est le qualificatif terroriste qui est le plus usit\u00e9. Et le tour est jou\u00e9. D\u00e8s lors, aucun doigt n\u2019ose se lever pour appeler le dictateur \u00e0 la mod\u00e9ration. M\u00eame de la part des grandes d\u00e9mocraties, c\u2019est g\u00e9n\u00e9ralement le silence radio d\u00e8s lors qu\u2019un dictateur invoque la lutte contre le terrorisme pour justifier la r\u00e9pression sauvage \u00e0 l\u2019endroit de ses opposants.<\/p>\n<p class=\"c4\">En tout cas, il ne faut pas s\u2019attendre \u00e0 ce que la France essaie de faire entendre raison au \u00ab\u00a0<em>guerrier du d\u00e9sert\u00a0\u00bb\u00a0<\/em>; lui qui vient de renouveler sa promesse \u00e0 Jupiter, entendez par-l\u00e0 Macron, de casser du terroriste dans le <em>\u00ab\u00a0triangle de la mort\u00a0<\/em>\u00bb au\u00a0 Sahel. Cet engagement lui vaut une immunit\u00e9 de la part de l\u2019Hexagone en particulier et de la communaut\u00e9 internationale en g\u00e9n\u00e9ral. Le peuple tchadien est donc pr\u00e9venu. La d\u00e9mocratie au Tchad est et sera le cadet des soucis de la France tant que la feuille \u00a0de route assign\u00e9e \u00e0 Idriss Deby,\u00a0 ne sera pas ex\u00e9cut\u00e9e jusqu\u2019au bout. Dans ces conditions, seuls les armes et la nature peuvent imposer l\u2019alternance d\u00e9mocratique au Tchad. Au moment o\u00f9 nous tracions ces lignes, le domicile de l\u2019opposant \u00e9tait toujours encercl\u00e9 par la garde pr\u00e9torienne du dictateur. Et l\u2019on sait que cette derni\u00e8re ne fait montre d\u2019aucune retenue lorsqu\u2019il s\u2019agit de s\u00e9curiser le tr\u00f4ne du Mar\u00e9chal. D\u2019ailleurs, c\u2019est pour s\u2019assurer la loyaut\u00e9 \u00e9ternelle de cette garde pr\u00e9torienne que le dictateur a confi\u00e9 son commandement \u00e0 son fils. Et ce dernier a du mal \u00e0 faire le <em>distinguo<\/em> entre un terroriste et un opposant politique. Mahamat Saleh, un autre opposant, on s\u2019en souvient, a disparu depuis 2008 alors qu\u2019il \u00e9tait en captivit\u00e9 dans les ge\u00f4les de cette garde pr\u00e9torienne. Jusqu\u2019\u00e0 ce jour, cette affaire garde tous ses myst\u00e8res. Et la France, si prompte \u00e0 adopter la posture de d\u00e9fenseur des droits de l\u2019Homme lorsqu\u2019il s\u2019agit d\u2019un pays comme le Liban, se mure dans un silence de tombe, lorsque le Mar\u00e9chal \u00e9crase ses opposants avec ses godasses. De ce point de vue, il est fort probable que l\u2019opposant ne sorte pas de son domicile, vivant. On touche du bois.<\/p>\n<p class=\"c4\"><strong>\u00a0<\/strong><\/p>\n<p class=\"c4\"><strong><em>\u00ab\u00a0Le Pays\u00a0\u00bb<\/em><\/strong><\/p>\n<p class=\"c4\"><strong>\u00a0<\/strong><\/p>\n<p class=\"c4\"><strong>\u00a0<\/strong><\/p>\n<p class=\"c4\"><strong>\u00a0<\/strong><\/p>\n<p>Auteur: Editions LEPAYS<br \/>\n<a href=\"https:\/\/lepays.bf\/attaque-meurtriere-du-domicile-dun-opposant-tchadien-par-larmee-le-marechal-a-t-il-perdu-le-nord\/\">Cliquez ici pour lire l&rsquo;article depuis sa source.<\/a><\/p>\n","protected":false},"excerpt":{"rendered":"<p>Le Mar\u00e9chal Idriss Deby Itno a-t-il perdu le Nord\u00a0? Cette question, on peut se la poser apr\u00e8s le drame qui s\u2019est pass\u00e9 au domicile de l\u2019opposant Yaya Dillo, le dimanche 28 f\u00e9vrier 2021. En effet, selon ce dernier, son domicile a fait l\u2019objet d\u2019une attaque meurtri\u00e8re par des hommes de l\u2019arm\u00e9e tchadienne, plus pr\u00e9cis\u00e9ment par [&hellip;]<\/p>\n","protected":false},"author":1813,"featured_media":0,"comment_status":"closed","ping_status":"closed","sticky":false,"template":"","format":"standard","meta":{"fifu_image_url":"","fifu_image_alt":"","footnotes":""},"categories":[73,81],"tags":[],"class_list":["post-112222","post","type-post","status-publish","format-standard","hentry","category-actualite","category-burkina-faso"],"_links":{"self":[{"href":"https:\/\/linitiative.ca\/International\/wp-json\/wp\/v2\/posts\/112222","targetHints":{"allow":["GET"]}}],"collection":[{"href":"https:\/\/linitiative.ca\/International\/wp-json\/wp\/v2\/posts"}],"about":[{"href":"https:\/\/linitiative.ca\/International\/wp-json\/wp\/v2\/types\/post"}],"author":[{"embeddable":true,"href":"https:\/\/linitiative.ca\/International\/wp-json\/wp\/v2\/users\/1813"}],"replies":[{"embeddable":true,"href":"https:\/\/linitiative.ca\/International\/wp-json\/wp\/v2\/comments?post=112222"}],"version-history":[{"count":0,"href":"https:\/\/linitiative.ca\/International\/wp-json\/wp\/v2\/posts\/112222\/revisions"}],"wp:attachment":[{"href":"https:\/\/linitiative.ca\/International\/wp-json\/wp\/v2\/media?parent=112222"}],"wp:term":[{"taxonomy":"category","embeddable":true,"href":"https:\/\/linitiative.ca\/International\/wp-json\/wp\/v2\/categories?post=112222"},{"taxonomy":"post_tag","embeddable":true,"href":"https:\/\/linitiative.ca\/International\/wp-json\/wp\/v2\/tags?post=112222"}],"curies":[{"name":"wp","href":"https:\/\/api.w.org\/{rel}","templated":true}]}}