{"id":112223,"date":"2021-02-27T21:18:02","date_gmt":"2021-02-28T02:18:02","guid":{"rendered":"https:\/\/linitiative.ca\/International\/vol-af703-la-famille-de-ladolescent-ivoirien-attend-les-resultats-de-lenquete\/"},"modified":"2021-02-27T21:18:02","modified_gmt":"2021-02-28T02:18:02","slug":"vol-af703-la-famille-de-ladolescent-ivoirien-attend-les-resultats-de-lenquete","status":"publish","type":"post","link":"https:\/\/linitiative.ca\/International\/vol-af703-la-famille-de-ladolescent-ivoirien-attend-les-resultats-de-lenquete\/","title":{"rendered":"Vol AF703: la famille de l\u2019adolescent ivoirien attend les r\u00e9sultats de l\u2019enqu\u00eate"},"content":{"rendered":"<div readability=\"32\">\n<p>Publi\u00e9 le 28.02.2021 \u00e0 03h18 par APA News<\/p>\n<\/div>\n<div readability=\"153\">\n<p>La famille de Laurent-Barth\u00e9lemy Ani Guibahi, un adolescent ivoirien, retrouv\u00e9 mort \u00e0 l\u2019a\u00e9roport de Roissy, dans le puits du train d\u2019atterrissage du vol AF703 d\u2019Air France reliant Abidjan-Paris, attend toujours les r\u00e9sultats de l\u2019enqu\u00eate judiciaire un an apr\u00e8s sa mort.<\/p>\n<p>Au terme d\u2019une liturgie d\u2019hommage \u00e0 l\u2019adolescent, samedi \u00e0 Abidjan, \u00e0 la Maison de la communaut\u00e9 catholique Saint\u2019Egidio \u00e0 Treichville, M. Marius Ani Oulakol\u00e9, son g\u00e9niteur, a dit \u00e0 la presse que la famille est en attente des r\u00e9sultats de l\u2019enqu\u00eate judiciaire.\u00a0<\/p>\n<p>Cette messe liturgique, marquant la lev\u00e9e du deuil, selon la tradition dans la religion catholique, a \u00e9t\u00e9 offici\u00e9e par le P\u00e8re Didier Tshibangu, en pr\u00e9sence des parents et amis de la famille de l\u2019adolescent dont la photo \u00e9tait expos\u00e9e au bas de la chaire. \u00a0 \u00a0<\/p>\n<p>Visiblement touch\u00e9 par la disparition de son fils, M. Marius Oulakol\u00e9, a laiss\u00e9 entendre qu\u2019il souhaitait que \u00ab\u00a0la v\u00e9rit\u00e9 soit sue et connue \u00e0 la suite de cette trag\u00e9die, qu\u2019on nous dise ce qui s\u2019est pass\u00e9 (car) c\u2019est l\u2019enqu\u00eate qui va nous \u00e9clairer sur la situation\u00a0\u00bb. \u00a0\u00a0<\/p>\n<p>Jusqu\u2019aujourd\u2019hui \u00ab\u00a0toute notre peine et notre difficult\u00e9 (sont) li\u00e9es \u00e0 la disparition de notre enfant\u00a0\u00bb, a-t-il affirm\u00e9, relatant que \u00ab\u00a0depuis le drame, la situation va de mal en pire parce que suite \u00e0 la trag\u00e9die, je n\u2019ai plus eu le courage de continuer mes activit\u00e9s que je faisais avant\u00a0\u00bb.<\/p>\n<p>Brillant en math\u00e9matique et physique, Barth\u00e9l\u00e9my empruntait le chemin de son p\u00e8re, un dou\u00e9 dans ces deux disciplines. Malheureusement, son p\u00e8re va arr\u00eater les \u00e9tudes en classe de terminale. R\u00e9p\u00e9titeur en sciences physiques et math\u00e9matiques, il aide des \u00e9l\u00e8ves dans ces mati\u00e8res.\u00a0<\/p>\n<p>\u00ab\u00a0Chaque jour qui passe, c\u2019est la douleur qui s\u2019enfonce, et ce de jour en jour dans le c\u0153ur de la famille, des parents\u00a0\u00bb, avoue le p\u00e8re de l\u2019adolescent qui veut \u00ab\u00a0faire en sorte qu\u2019un drame pareille ne se reproduise plus jamais\u00a0\u00bb.<\/p>\n<p>Pour ce faire, il envisage \u00e0 travers un certain nombre de programmes d&rsquo;\u00a0\u00bballer sensibiliser les enfants par rapport aux dangers qui minent leur milieu\u00a0\u00bb, et leur faire savoir que \u00ab\u00a0le bonheur tant recherch\u00e9 partout ailleurs peut se trouver ici (dans leur pays)\u00a0\u00bb gr\u00e2ce \u00e0 leur abn\u00e9gation et leur ardeur au travail. \u00a0<\/p>\n<p>Toutefois, dira-t-il, il faudra un \u00ab\u00a0apport de nos autorit\u00e9s qui accompagneraient nos enfants dans leurs r\u00eaves\u00a0\u00bb afin qu\u2019 ils ne tentent pas des aventures suicidaires en cherchant \u00e0 migrer vers l\u2019Occident via des voies risqu\u00e9es. \u00a0<\/p>\n<p>M. Ghislain Adou, charg\u00e9 d\u2019\u00e9tudes au minist\u00e8re des Transports, repr\u00e9sentant le ministre, a assur\u00e9 que \u00ab\u00a0l\u2019enqu\u00eate effectivement a d\u00e9but\u00e9\u00a0\u00bb, avant d\u2019ajouter \u00ab\u00a0nous restons toujours en attente des r\u00e9sultats et les proc\u00e9dures sont en cours au niveau du Cabinet du procureur de la R\u00e9publique\u00a0\u00bb. \u00a0<\/p>\n<p>Apr\u00e8s avoir t\u00e9moign\u00e9 \u00ab\u00a0la compassion du ministre \u00e0 la famille suite aux \u00e9v\u00e9nements survenus\u00a0\u00bb, il a rassur\u00e9 que le minist\u00e8re reste aux c\u00f4t\u00e9s de la famille.Et, depuis la survenance de cet incident, le ministre n\u2019a m\u00e9nag\u00e9 aucun effort pour accompagner la famille. \u00a0<\/p>\n<p>\u00ab\u00a0Notre v\u0153ux est que plus jamais pareille \u00e9v\u00e9nement ne se reproduise dans notre pays. C\u2019est pourquoi les mesures de s\u00e9curit\u00e9 en vigueur sur la plateforme a\u00e9roportuaire ont \u00e9t\u00e9 renforc\u00e9es\u00a0\u00bb, a-t-il poursuivi. \u00a0<\/p>\n<p>Selon une source familiale, une autopsie \u00a0a \u00e9t\u00e9 r\u00e9alis\u00e9e en France et les r\u00e9sultats ont \u00e9t\u00e9 remis au procureur de la R\u00e9publique de C\u00f4te d\u2019Ivoire. En outre, la famille du d\u00e9funt a d\u00e9pos\u00e9 une plainte contre x afin qu\u2019il soit recherch\u00e9 celui qui a conduit l\u2019enfant \u00e0 l\u2019a\u00e9roport d\u2019Abidjan.\u00a0<\/p>\n<p>\u00ab\u00a0Nous avons le devoir de garantir une vie aux enfants. (C\u2019est pourquoi) nous nous sommes mis debout pour dire que la vie compte quelle que soit la situation\u00a0\u00bb, a d\u00e9clar\u00e9 le P\u00e8re Tshibangu pour qui \u00ab\u00a0tout \u00eatre humain est un fr\u00e8re (\u2026), et a donc besoin de notre attention\u00a0\u00bb.\u00a0<\/p>\n<p>\u00ab\u00a0Fais lui d\u00e9couvrir l\u2019immensit\u00e9 de ton amour seigneur et ouvre lui les portes de ton royaume au nom de J\u00e9sus\u00a0\u00bb, a pri\u00e9 le P\u00e8re Tshibangu, rendant l\u2019\u00e2me du d\u00e9funt \u00e0 Dieu dans l\u2019esp\u00e9rance de le voir ressuscit\u00e9 le jour de la r\u00e9demption.\u00a0<\/p>\n<p>La compagnie a\u00e9rienne Air France avait, dans un tweet, \u00e9crit \u00e0 la suite de la d\u00e9couverte du corps avoir vu un \u00ab passager clandestin dans le puits du train d\u2019atterrissage de l\u2019appareil effectuant le vol AF703 reliant Abidjan \u00e0 Paris Charles De Gaulle le 7 janvier 2020\u00bb. \u00a0<\/p>\n<p>Ani Guibahi (14 ans) \u00e9tait \u00e9l\u00e8ve en classe de \u00a04e 2 au Lyc\u00e9e municipal Simone Ehivet Gbagbo de Yopougon, dans l\u2019Ouest d\u2019Abidjan, un \u00e9tablissement d\u2019enseignement secondaire. Selon ses condisciples, il r\u00eavait de \u00ab voyager et devenir un grand footballeur \u00bb.\u00a0<\/p>\n<\/div>\n<p>Auteur: APA News<br \/>\n<a href=\"https:\/\/www.journalducameroun.com\/vol-af703-la-famille-de-ladolescent-ivoirien-attend-les-resultats-de-lenquete\/\">Cliquez ici pour lire l&rsquo;article depuis sa source.<\/a><\/p>\n","protected":false},"excerpt":{"rendered":"<p>Publi\u00e9 le 28.02.2021 \u00e0 03h18 par APA News La famille de Laurent-Barth\u00e9lemy Ani Guibahi, un adolescent ivoirien, retrouv\u00e9 mort \u00e0 l\u2019a\u00e9roport de Roissy, dans le puits du train d\u2019atterrissage du vol AF703 d\u2019Air France reliant Abidjan-Paris, attend toujours les r\u00e9sultats de l\u2019enqu\u00eate judiciaire un an apr\u00e8s sa mort. Au terme d\u2019une liturgie d\u2019hommage \u00e0 l\u2019adolescent, [&hellip;]<\/p>\n","protected":false},"author":1965,"featured_media":0,"comment_status":"closed","ping_status":"closed","sticky":false,"template":"","format":"standard","meta":{"fifu_image_url":"","fifu_image_alt":"","footnotes":""},"categories":[73,82],"tags":[],"class_list":["post-112223","post","type-post","status-publish","format-standard","hentry","category-actualite","category-cameroun"],"_links":{"self":[{"href":"https:\/\/linitiative.ca\/International\/wp-json\/wp\/v2\/posts\/112223","targetHints":{"allow":["GET"]}}],"collection":[{"href":"https:\/\/linitiative.ca\/International\/wp-json\/wp\/v2\/posts"}],"about":[{"href":"https:\/\/linitiative.ca\/International\/wp-json\/wp\/v2\/types\/post"}],"author":[{"embeddable":true,"href":"https:\/\/linitiative.ca\/International\/wp-json\/wp\/v2\/users\/1965"}],"replies":[{"embeddable":true,"href":"https:\/\/linitiative.ca\/International\/wp-json\/wp\/v2\/comments?post=112223"}],"version-history":[{"count":0,"href":"https:\/\/linitiative.ca\/International\/wp-json\/wp\/v2\/posts\/112223\/revisions"}],"wp:attachment":[{"href":"https:\/\/linitiative.ca\/International\/wp-json\/wp\/v2\/media?parent=112223"}],"wp:term":[{"taxonomy":"category","embeddable":true,"href":"https:\/\/linitiative.ca\/International\/wp-json\/wp\/v2\/categories?post=112223"},{"taxonomy":"post_tag","embeddable":true,"href":"https:\/\/linitiative.ca\/International\/wp-json\/wp\/v2\/tags?post=112223"}],"curies":[{"name":"wp","href":"https:\/\/api.w.org\/{rel}","templated":true}]}}