{"id":112229,"date":"2021-03-01T08:19:08","date_gmt":"2021-03-01T13:19:08","guid":{"rendered":"https:\/\/linitiative.ca\/International\/%ef%bb%bfles-contrats-de-travail-pour-les-femmes-touchees-un-pas-vers-la-resorption-du-chomage-dans-la-region\/"},"modified":"2021-03-01T08:19:08","modified_gmt":"2021-03-01T13:19:08","slug":"%ef%bb%bfles-contrats-de-travail-pour-les-femmes-touchees-un-pas-vers-la-resorption-du-chomage-dans-la-region","status":"publish","type":"post","link":"https:\/\/linitiative.ca\/International\/%ef%bb%bfles-contrats-de-travail-pour-les-femmes-touchees-un-pas-vers-la-resorption-du-chomage-dans-la-region\/","title":{"rendered":"\ufeffLes contrats de travail pour les femmes touch\u00e9es, \u00abun pas vers la r\u00e9sorption du ch\u00f4mage dans la r\u00e9gion\u00bb"},"content":{"rendered":"<p class=\"has-text-color has-vivid-red-color c1\"><strong>Fermeture de Bab Sebta<\/strong><\/p>\n<p class=\"has-text-color has-vivid-cyan-blue-color\"><strong>La conclusion de contrats de travail en faveur des personnes touch\u00e9es par la fermeture du point de passage de Bab Sebta est \u00abun pas important sur la voie de la r\u00e9sorption de la probl\u00e9matique du ch\u00f4mage parmi les femmes dans la r\u00e9gion et du renforcement de leur autonomie financi\u00e8re \u00ab, a affirm\u00e9 un collectif d\u2019associations.<\/strong><\/p>\n<p>Cette mesure permettra de prot\u00e9ger l\u2019\u00e9conomie nationale contre la contrebande et de positionner la r\u00e9gion en zone d\u2019activit\u00e9 et d\u2019attractivit\u00e9 \u00e9conomique rompant avec son image de zone de contrebande vivri\u00e8re, ont estim\u00e9 la F\u00e9d\u00e9ration de la Ligue des droits des femmes et le R\u00e9seau \u00abFemmes solidaires\u00bb de la r\u00e9gion de Tanger-T\u00e9touan-Al Hoceima dans un communiqu\u00e9.<\/p>\n<p>Ce communiqu\u00e9 a \u00e9t\u00e9 publi\u00e9 dans la foul\u00e9e de l\u2019adoption de mesures par les autorit\u00e9s provinciales de M\u2019diq-Fnideq et l\u2019Agence nationale de promotion de l\u2019emploi et des comp\u00e9tences (ANAPEC) pr\u00e9voyant la conclusion de contrats de travail au profit des femmes affect\u00e9es par la crise \u00e9conomique due \u00e0 la pand\u00e9mie du coronavirus (Covid-19) et \u00e0 la fermeture du point de passage de Bab Sebta, \u00abqui employait un grand nombre de jeunes, femmes et hommes de la ville dans la contrebande vivri\u00e8re\u00bb.<\/p>\n<p>Les deux ONG ont indiqu\u00e9 avoir suivi ce dossier et plaid\u00e9 pour des solutions avec les autorit\u00e9s comp\u00e9tentes tout en appelant \u00e0 \u00e9riger cette question au rang des priorit\u00e9s dans les politiques publiques aux niveaux central et territorial et dans les programmes d\u2019autonomisation spatiale et \u00e9conomique.<\/p>\n<p>Dans ce contexte, la Ligue et le R\u00e9seau appellent \u00e0 acc\u00e9l\u00e9rer la r\u00e9solution de la situation des femmes concern\u00e9es, \u00absachant qu\u2019un grand nombre d\u2019entre elles sont chefs de famille et sont fortement affect\u00e9es par les effets de la pand\u00e9mie et ses r\u00e9percussions, sans oublier les femmes travaillant dans des secteurs informels\u00bb.<\/p>\n<p>En appelant \u00e0 \u0153uvrer en faveur de \u00abla transparence et l\u2019int\u00e9grit\u00e9 dans le processus d\u2019inscription des personnes devant b\u00e9n\u00e9ficier des contrats de travail\u00bb, en accordant la priorit\u00e9 aux femmes en situation de grande vuln\u00e9rabilit\u00e9 et cheffes de famille, en tenant compte des diff\u00e9rentes situations (personnes \u00e2g\u00e9es, en situation de handicap \u2026) afin de garantir \u00abdes conditions de dignit\u00e9 et de vie d\u00e9cente et des conditions de travail d\u00e9cent pour ces femmes\u00bb.<\/p>\n<p>A l\u2019heure o\u00f9 les autorit\u00e9s de la pr\u00e9fecture de M\u2019diq-Fnideq et l\u2019ANAPEC continuent d\u2019\u00e9tablir des contrats de travail pour ces femmes, l\u2019Agence a indiqu\u00e9 jeudi dernier que cette op\u00e9ration s\u2019inscrivant dans la mise en \u0153uvre du programme int\u00e9gr\u00e9 de d\u00e9veloppement \u00e9conomique et social de la pr\u00e9fecture de M\u2019diq-Fnideq et la province de T\u00e9touan, a permis de mettre en place 650 contrats jusqu\u2019\u00e0 pr\u00e9sent pour assurer des emplois aux femmes dans des unit\u00e9s industrielles sp\u00e9cialis\u00e9es dans le recyclage de textile.<\/p>\n<p>Auteur: M&rsquo;hammed rahal<br \/>\n<a href=\"http:\/\/albayane.press.ma\/%EF%BB%BFles-contrats-de-travail-pour-les-femmes-touchees-un-pas-vers-la-resorption-du-chomage-dans-la-region.html\">Cliquez ici pour lire l&rsquo;article depuis sa source.<\/a><\/p>\n","protected":false},"excerpt":{"rendered":"<p>Fermeture de Bab Sebta La conclusion de contrats de travail en faveur des personnes touch\u00e9es par la fermeture du point de passage de Bab Sebta est \u00abun pas important sur la voie de la r\u00e9sorption de la probl\u00e9matique du ch\u00f4mage parmi les femmes dans la r\u00e9gion et du renforcement de leur autonomie financi\u00e8re \u00ab, a [&hellip;]<\/p>\n","protected":false},"author":1760,"featured_media":0,"comment_status":"closed","ping_status":"closed","sticky":false,"template":"","format":"standard","meta":{"fifu_image_url":"","fifu_image_alt":"","footnotes":""},"categories":[73,54],"tags":[],"class_list":["post-112229","post","type-post","status-publish","format-standard","hentry","category-actualite","category-maroc"],"_links":{"self":[{"href":"https:\/\/linitiative.ca\/International\/wp-json\/wp\/v2\/posts\/112229","targetHints":{"allow":["GET"]}}],"collection":[{"href":"https:\/\/linitiative.ca\/International\/wp-json\/wp\/v2\/posts"}],"about":[{"href":"https:\/\/linitiative.ca\/International\/wp-json\/wp\/v2\/types\/post"}],"author":[{"embeddable":true,"href":"https:\/\/linitiative.ca\/International\/wp-json\/wp\/v2\/users\/1760"}],"replies":[{"embeddable":true,"href":"https:\/\/linitiative.ca\/International\/wp-json\/wp\/v2\/comments?post=112229"}],"version-history":[{"count":0,"href":"https:\/\/linitiative.ca\/International\/wp-json\/wp\/v2\/posts\/112229\/revisions"}],"wp:attachment":[{"href":"https:\/\/linitiative.ca\/International\/wp-json\/wp\/v2\/media?parent=112229"}],"wp:term":[{"taxonomy":"category","embeddable":true,"href":"https:\/\/linitiative.ca\/International\/wp-json\/wp\/v2\/categories?post=112229"},{"taxonomy":"post_tag","embeddable":true,"href":"https:\/\/linitiative.ca\/International\/wp-json\/wp\/v2\/tags?post=112229"}],"curies":[{"name":"wp","href":"https:\/\/api.w.org\/{rel}","templated":true}]}}