{"id":112234,"date":"2021-03-01T08:20:00","date_gmt":"2021-03-01T13:20:00","guid":{"rendered":"https:\/\/linitiative.ca\/International\/lex-president-francais-nicolas-sarkozy-condamne-a-3-ans-de-prison-dont-un-ferme\/"},"modified":"2021-03-01T08:20:00","modified_gmt":"2021-03-01T13:20:00","slug":"lex-president-francais-nicolas-sarkozy-condamne-a-3-ans-de-prison-dont-un-ferme","status":"publish","type":"post","link":"https:\/\/linitiative.ca\/International\/lex-president-francais-nicolas-sarkozy-condamne-a-3-ans-de-prison-dont-un-ferme\/","title":{"rendered":"L&rsquo;ex-pr\u00e9sident fran\u00e7ais Nicolas Sarkozy condamn\u00e9 \u00e0 3 ans de prison dont un ferme"},"content":{"rendered":"<div id=\"originalText\" readability=\"45\">\n<p class=\"c6\">L&rsquo;ancien pr\u00e9sident fran\u00e7ais Nicolas Sarkozy, au pouvoir de 2007 \u00e0 2012, a \u00e9t\u00e9 condamn\u00e9 lundi \u00e0 trois ans de prison dont un an ferme pour corruption et trafic d&rsquo;influence, devenant le deuxi\u00e8me chef d&rsquo;Etat condamn\u00e9 sous la Ve R\u00e9publique apr\u00e8s Jacques Chirac en 2011.<\/p>\n<p class=\"c6\">M. Sarkozy, qui \u00e9tait pr\u00e9sent \u00e0 l&rsquo;audience dans ce proc\u00e8s de l&rsquo;affaire dite \u00ab\u00a0des \u00e9coutes\u00a0\u00bb, n&rsquo;ira toutefois pas en prison, aucun mandat de d\u00e9p\u00f4t n&rsquo;ayant \u00e9t\u00e9 requis, et les peines de moins de deux ans \u00e9tant syst\u00e9matiquement am\u00e9nag\u00e9es en France.<\/p>\n<p class=\"c7\"><strong>AFP<\/strong><\/p>\n<\/div>\n<div id=\"text_core\" readability=\"45\">\n<p class=\"c6\">L&rsquo;ancien pr\u00e9sident fran\u00e7ais Nicolas Sarkozy, au pouvoir de 2007 \u00e0 2012, a \u00e9t\u00e9 condamn\u00e9 lundi \u00e0 trois ans de prison dont un an ferme pour corruption et trafic d&rsquo;influence, devenant le deuxi\u00e8me chef d&rsquo;Etat condamn\u00e9 sous la Ve R\u00e9publique apr\u00e8s Jacques Chirac en 2011.<\/p>\n<p class=\"c6\">M. Sarkozy, qui \u00e9tait pr\u00e9sent \u00e0 l&rsquo;audience dans ce proc\u00e8s de l&rsquo;affaire dite \u00ab\u00a0des \u00e9coutes\u00a0\u00bb, n&rsquo;ira toutefois pas en prison, aucun mandat de d\u00e9p\u00f4t n&rsquo;ayant \u00e9t\u00e9 requis, et les peines de moins de deux ans \u00e9tant syst\u00e9matiquement am\u00e9nag\u00e9es en France.<\/p>\n<p class=\"c7\"><strong>AFP<\/strong><\/p>\n<\/div>\n<p>Auteur:<br \/>\n<a href=\"https:\/\/www.liberte-algerie.com\/international\/lex-president-francais-nicolas-sarkozy-condamne-a-3-ans-de-prison-dont-un-ferme-354855\">Cliquez ici pour lire l&rsquo;article depuis sa source.<\/a><\/p>\n","protected":false},"excerpt":{"rendered":"<p>L&rsquo;ancien pr\u00e9sident fran\u00e7ais Nicolas Sarkozy, au pouvoir de 2007 \u00e0 2012, a \u00e9t\u00e9 condamn\u00e9 lundi \u00e0 trois ans de prison dont un an ferme pour corruption et trafic d&rsquo;influence, devenant le deuxi\u00e8me chef d&rsquo;Etat condamn\u00e9 sous la Ve R\u00e9publique apr\u00e8s Jacques Chirac en 2011. M. Sarkozy, qui \u00e9tait pr\u00e9sent \u00e0 l&rsquo;audience dans ce proc\u00e8s de [&hellip;]<\/p>\n","protected":false},"author":1742,"featured_media":0,"comment_status":"closed","ping_status":"closed","sticky":false,"template":"","format":"standard","meta":{"fifu_image_url":"","fifu_image_alt":"","footnotes":""},"categories":[73,53],"tags":[],"class_list":["post-112234","post","type-post","status-publish","format-standard","hentry","category-actualite","category-algerie"],"_links":{"self":[{"href":"https:\/\/linitiative.ca\/International\/wp-json\/wp\/v2\/posts\/112234","targetHints":{"allow":["GET"]}}],"collection":[{"href":"https:\/\/linitiative.ca\/International\/wp-json\/wp\/v2\/posts"}],"about":[{"href":"https:\/\/linitiative.ca\/International\/wp-json\/wp\/v2\/types\/post"}],"author":[{"embeddable":true,"href":"https:\/\/linitiative.ca\/International\/wp-json\/wp\/v2\/users\/1742"}],"replies":[{"embeddable":true,"href":"https:\/\/linitiative.ca\/International\/wp-json\/wp\/v2\/comments?post=112234"}],"version-history":[{"count":0,"href":"https:\/\/linitiative.ca\/International\/wp-json\/wp\/v2\/posts\/112234\/revisions"}],"wp:attachment":[{"href":"https:\/\/linitiative.ca\/International\/wp-json\/wp\/v2\/media?parent=112234"}],"wp:term":[{"taxonomy":"category","embeddable":true,"href":"https:\/\/linitiative.ca\/International\/wp-json\/wp\/v2\/categories?post=112234"},{"taxonomy":"post_tag","embeddable":true,"href":"https:\/\/linitiative.ca\/International\/wp-json\/wp\/v2\/tags?post=112234"}],"curies":[{"name":"wp","href":"https:\/\/api.w.org\/{rel}","templated":true}]}}