{"id":112235,"date":"2021-03-01T08:46:00","date_gmt":"2021-03-01T13:46:00","guid":{"rendered":"https:\/\/linitiative.ca\/International\/des-brigades-mixtes-pour-inspecter-les-etablissements-pharmaceutiques\/"},"modified":"2021-03-01T08:46:00","modified_gmt":"2021-03-01T13:46:00","slug":"des-brigades-mixtes-pour-inspecter-les-etablissements-pharmaceutiques","status":"publish","type":"post","link":"https:\/\/linitiative.ca\/International\/des-brigades-mixtes-pour-inspecter-les-etablissements-pharmaceutiques\/","title":{"rendered":"Des brigades mixtes pour inspecter les \u00e9tablissements pharmaceutiques"},"content":{"rendered":"<div id=\"originalText\" readability=\"67.214377406932\">\n<p>Le minist\u00e8re de l\u2019Industrie Pharmaceutique a\u00a0 mis en garde, ce lundi, l\u2019ensemble des op\u00e9rateurs intervenant dans la chaine du m\u00e9dicament, entre producteurs, importateurs, distributeurs en gros et pharmaciens d\u2019officines, contre \u00ab\u00a0toutes pratiques commerciales susceptibles d\u2019entrainer des tensions et ruptures d\u2019approvisionnement de certains m\u00e9dicaments\u00a0\u00bb, \u00e0 savoir\u00a0 les pratiques de retentions, de vente associ\u00e9e, de vente dites par \u00ab packs\u00a0\u00bb ou selon le montant de la facture ou les quantit\u00e9s command\u00e9es.<\/p>\n<p>Le d\u00e9partement dirig\u00e9 par Lotfi Benahmed, qui vient ainsi d\u2019\u00e9laborer un plan d\u2019action visant \u00e0 assurer la disponibilit\u00e9 et l\u2019accessibilit\u00e9 des m\u00e9dicaments aux citoyens, rappelle dans un communiqu\u00e9 parvenu \u00e0 notre r\u00e9daction, que ces pratiques sont \u00ab\u00a0strictement interdites\u00a0\u00bb et \u00ab\u00a0passibles de sanctions administratives, financi\u00e8res et p\u00e9nales conform\u00e9ment \u00e0 la l\u00e9gislation en vigueur\u00a0\u00bb.<\/p>\n<p>Il \u00a0affirme \u00e9galement que \u00ab\u00a0des brigades mixtes d\u2019Inspection seront charg\u00e9es des contr\u00f4les n\u00e9cessaires au niveau des \u00e9tablissements pharmaceutiques\u00a0\u00bb, en collaboration avec les services du minist\u00e8re du Commerce. \u00a0<\/p>\n<p>Enfin, le minist\u00e8re de l\u2019Industrie Pharmaceutique met \u00e0 la disposition des citoyens, victimes des pratiques commerciales ill\u00e9gales sus cit\u00e9es concernant les m\u00e9dicaments, l\u2019adresse email\u00a0: <a href=\"\/cdn-cgi\/l\/email-protection\" class=\"__cf_email__\" data-cfemail=\"56243327233322333b33323f35163b3f263e7831392078322c\">[email\u00a0protected]<\/a> pour toute r\u00e9clamation, en indiquant l\u2019identification du requ\u00e9rant, les \u00e9l\u00e9ments informatifs et justificatifs permettant sa prise en charge.<\/p>\n<p class=\"c6\"><strong>R\u00e9daction Web \u00a0<\/strong><\/p>\n<\/div>\n<div id=\"text_core\" readability=\"67.214377406932\">\n<p>Le minist\u00e8re de l\u2019Industrie Pharmaceutique a\u00a0 mis en garde, ce lundi, l\u2019ensemble des op\u00e9rateurs intervenant dans la chaine du m\u00e9dicament, entre producteurs, importateurs, distributeurs en gros et pharmaciens d\u2019officines, contre \u00ab\u00a0toutes pratiques commerciales susceptibles d\u2019entrainer des tensions et ruptures d\u2019approvisionnement de certains m\u00e9dicaments\u00a0\u00bb, \u00e0 savoir\u00a0 les pratiques de retentions, de vente associ\u00e9e, de vente dites par \u00ab packs\u00a0\u00bb ou selon le montant de la facture ou les quantit\u00e9s command\u00e9es.<\/p>\n<p>Le d\u00e9partement dirig\u00e9 par Lotfi Benahmed, qui vient ainsi d\u2019\u00e9laborer un plan d\u2019action visant \u00e0 assurer la disponibilit\u00e9 et l\u2019accessibilit\u00e9 des m\u00e9dicaments aux citoyens, rappelle dans un communiqu\u00e9 parvenu \u00e0 notre r\u00e9daction, que ces pratiques sont \u00ab\u00a0strictement interdites\u00a0\u00bb et \u00ab\u00a0passibles de sanctions administratives, financi\u00e8res et p\u00e9nales conform\u00e9ment \u00e0 la l\u00e9gislation en vigueur\u00a0\u00bb.<\/p>\n<p>Il \u00a0affirme \u00e9galement que \u00ab\u00a0des brigades mixtes d\u2019Inspection seront charg\u00e9es des contr\u00f4les n\u00e9cessaires au niveau des \u00e9tablissements pharmaceutiques\u00a0\u00bb, en collaboration avec les services du minist\u00e8re du Commerce. \u00a0<\/p>\n<p>Enfin, le minist\u00e8re de l\u2019Industrie Pharmaceutique met \u00e0 la disposition des citoyens, victimes des pratiques commerciales ill\u00e9gales sus cit\u00e9es concernant les m\u00e9dicaments, l\u2019adresse email\u00a0: <a href=\"\/cdn-cgi\/l\/email-protection\" class=\"__cf_email__\" data-cfemail=\"b7c5d2c6c2d2c3d2dad2d3ded4f7dadec7df99d0d8c199d3cd\">[email\u00a0protected]<\/a> pour toute r\u00e9clamation, en indiquant l\u2019identification du requ\u00e9rant, les \u00e9l\u00e9ments informatifs et justificatifs permettant sa prise en charge.<\/p>\n<p class=\"c6\"><strong>R\u00e9daction Web \u00a0<\/strong><\/p>\n<\/div>\n<p>Auteur:<br \/>\n<a href=\"https:\/\/www.liberte-algerie.com\/actualite\/des-brigades-mixtes-pour-inspecter-les-etablissements-pharmaceutiques-354856\">Cliquez ici pour lire l&rsquo;article depuis sa source.<\/a><\/p>\n","protected":false},"excerpt":{"rendered":"<p>Le minist\u00e8re de l\u2019Industrie Pharmaceutique a\u00a0 mis en garde, ce lundi, l\u2019ensemble des op\u00e9rateurs intervenant dans la chaine du m\u00e9dicament, entre producteurs, importateurs, distributeurs en gros et pharmaciens d\u2019officines, contre \u00ab\u00a0toutes pratiques commerciales susceptibles d\u2019entrainer des tensions et ruptures d\u2019approvisionnement de certains m\u00e9dicaments\u00a0\u00bb, \u00e0 savoir\u00a0 les pratiques de retentions, de vente associ\u00e9e, de vente dites [&hellip;]<\/p>\n","protected":false},"author":1742,"featured_media":0,"comment_status":"closed","ping_status":"closed","sticky":false,"template":"","format":"standard","meta":{"fifu_image_url":"","fifu_image_alt":"","footnotes":""},"categories":[73,53],"tags":[],"class_list":["post-112235","post","type-post","status-publish","format-standard","hentry","category-actualite","category-algerie"],"_links":{"self":[{"href":"https:\/\/linitiative.ca\/International\/wp-json\/wp\/v2\/posts\/112235","targetHints":{"allow":["GET"]}}],"collection":[{"href":"https:\/\/linitiative.ca\/International\/wp-json\/wp\/v2\/posts"}],"about":[{"href":"https:\/\/linitiative.ca\/International\/wp-json\/wp\/v2\/types\/post"}],"author":[{"embeddable":true,"href":"https:\/\/linitiative.ca\/International\/wp-json\/wp\/v2\/users\/1742"}],"replies":[{"embeddable":true,"href":"https:\/\/linitiative.ca\/International\/wp-json\/wp\/v2\/comments?post=112235"}],"version-history":[{"count":0,"href":"https:\/\/linitiative.ca\/International\/wp-json\/wp\/v2\/posts\/112235\/revisions"}],"wp:attachment":[{"href":"https:\/\/linitiative.ca\/International\/wp-json\/wp\/v2\/media?parent=112235"}],"wp:term":[{"taxonomy":"category","embeddable":true,"href":"https:\/\/linitiative.ca\/International\/wp-json\/wp\/v2\/categories?post=112235"},{"taxonomy":"post_tag","embeddable":true,"href":"https:\/\/linitiative.ca\/International\/wp-json\/wp\/v2\/tags?post=112235"}],"curies":[{"name":"wp","href":"https:\/\/api.w.org\/{rel}","templated":true}]}}