{"id":112238,"date":"2021-03-01T12:00:00","date_gmt":"2021-03-01T17:00:00","guid":{"rendered":"https:\/\/linitiative.ca\/International\/decouverte-dun-corps-sans-vie-sapparentant-a-celui-du-jeune-homme-disparu-fekri-benchenane\/"},"modified":"2021-03-01T12:00:00","modified_gmt":"2021-03-01T17:00:00","slug":"decouverte-dun-corps-sans-vie-sapparentant-a-celui-du-jeune-homme-disparu-fekri-benchenane","status":"publish","type":"post","link":"https:\/\/linitiative.ca\/International\/decouverte-dun-corps-sans-vie-sapparentant-a-celui-du-jeune-homme-disparu-fekri-benchenane\/","title":{"rendered":"D\u00e9couverte d&rsquo;un corps sans vie s&rsquo;apparentant \u00e0 celui du jeune homme disparu, Fekri Benchenane"},"content":{"rendered":"<div id=\"originalText\" readability=\"63\">\n<p>Les services de la Protection civile de la wilaya d&rsquo;Oran ont rep\u00each\u00e9 lundi un cadavre suppos\u00e9 \u00eatre celui du youtubeur Fekri Benchenane, activement recherch\u00e9 depuis mercredi dernier.<\/p>\n<p>Le responsable de la communication \u00e0 la Direction de la protection civile de la wilaya d&rsquo;Oran, le capitaine Abdelkader Bellala, a indiqu\u00e9 que le cadavre, rep\u00each\u00e9 dans une zone rocheuse pr\u00e8s de la crique Capo Rosso, dans la commune de Bir El-Djir, sera identifi\u00e9 par les services m\u00e9dico-l\u00e9gaux.<\/p>\n<p>Des t\u00e9moins ont confirm\u00e9 cependant que les caract\u00e9ristiques du cadavre et ses v\u00eatements correspondaient \u00e0 celles du jeune homme disparu, le youtubeur Fekri Benchenane dit Fekrinou, port\u00e9 disparu lors d&rsquo;une sortie pour faire du sport au niveau de la for\u00eat \u00ab\u00a0El Menzah\u00a0\u00bb mercredi dernier. Cette disparition a provoqu\u00e9 un \u00e9lan de solidarit\u00e9 o\u00f9 des centaines de personnes ont particip\u00e9 aux recherches.<\/p>\n<p>Les services de la protection civile ont \u00e9galement mobilis\u00e9 de grands moyens pour le ratissage de la zone, \u00e0 l&rsquo;instar de l&rsquo;\u00e9quipe de recherche et d&rsquo;intervention en terrain accident\u00e9 et de la brigade cynotechnique.<\/p>\n<p>Le corps a \u00e9t\u00e9 retrouv\u00e9, dans une falaise menant \u00e0 la plage de Capo Rosso, par un athl\u00e8te qui conna\u00eet la r\u00e9gion. Les services de m\u00e9decine l\u00e9gale devront identifier le corps dans les prochaines heures, selon la protection civile.<\/p>\n<p class=\"c6\"><strong>APS<\/strong><\/p>\n<\/div>\n<div id=\"text_core\" readability=\"63\">\n<p>Les services de la Protection civile de la wilaya d&rsquo;Oran ont rep\u00each\u00e9 lundi un cadavre suppos\u00e9 \u00eatre celui du youtubeur Fekri Benchenane, activement recherch\u00e9 depuis mercredi dernier.<\/p>\n<p>Le responsable de la communication \u00e0 la Direction de la protection civile de la wilaya d&rsquo;Oran, le capitaine Abdelkader Bellala, a indiqu\u00e9 que le cadavre, rep\u00each\u00e9 dans une zone rocheuse pr\u00e8s de la crique Capo Rosso, dans la commune de Bir El-Djir, sera identifi\u00e9 par les services m\u00e9dico-l\u00e9gaux.<\/p>\n<p>Des t\u00e9moins ont confirm\u00e9 cependant que les caract\u00e9ristiques du cadavre et ses v\u00eatements correspondaient \u00e0 celles du jeune homme disparu, le youtubeur Fekri Benchenane dit Fekrinou, port\u00e9 disparu lors d&rsquo;une sortie pour faire du sport au niveau de la for\u00eat \u00ab\u00a0El Menzah\u00a0\u00bb mercredi dernier. Cette disparition a provoqu\u00e9 un \u00e9lan de solidarit\u00e9 o\u00f9 des centaines de personnes ont particip\u00e9 aux recherches.<\/p>\n<p>Les services de la protection civile ont \u00e9galement mobilis\u00e9 de grands moyens pour le ratissage de la zone, \u00e0 l&rsquo;instar de l&rsquo;\u00e9quipe de recherche et d&rsquo;intervention en terrain accident\u00e9 et de la brigade cynotechnique.<\/p>\n<p>Le corps a \u00e9t\u00e9 retrouv\u00e9, dans une falaise menant \u00e0 la plage de Capo Rosso, par un athl\u00e8te qui conna\u00eet la r\u00e9gion. Les services de m\u00e9decine l\u00e9gale devront identifier le corps dans les prochaines heures, selon la protection civile.<\/p>\n<p class=\"c6\"><strong>APS<\/strong><\/p>\n<\/div>\n<p>Auteur:<br \/>\n<a href=\"https:\/\/www.liberte-algerie.com\/actualite\/decouverte-dun-corps-sans-vie-sapparentant-a-celui-du-jeune-homme-disparu-fekri-benchenane-354859\">Cliquez ici pour lire l&rsquo;article depuis sa source.<\/a><\/p>\n","protected":false},"excerpt":{"rendered":"<p>Les services de la Protection civile de la wilaya d&rsquo;Oran ont rep\u00each\u00e9 lundi un cadavre suppos\u00e9 \u00eatre celui du youtubeur Fekri Benchenane, activement recherch\u00e9 depuis mercredi dernier. Le responsable de la communication \u00e0 la Direction de la protection civile de la wilaya d&rsquo;Oran, le capitaine Abdelkader Bellala, a indiqu\u00e9 que le cadavre, rep\u00each\u00e9 dans une [&hellip;]<\/p>\n","protected":false},"author":1742,"featured_media":0,"comment_status":"closed","ping_status":"closed","sticky":false,"template":"","format":"standard","meta":{"fifu_image_url":"","fifu_image_alt":"","footnotes":""},"categories":[73,53],"tags":[],"class_list":["post-112238","post","type-post","status-publish","format-standard","hentry","category-actualite","category-algerie"],"_links":{"self":[{"href":"https:\/\/linitiative.ca\/International\/wp-json\/wp\/v2\/posts\/112238","targetHints":{"allow":["GET"]}}],"collection":[{"href":"https:\/\/linitiative.ca\/International\/wp-json\/wp\/v2\/posts"}],"about":[{"href":"https:\/\/linitiative.ca\/International\/wp-json\/wp\/v2\/types\/post"}],"author":[{"embeddable":true,"href":"https:\/\/linitiative.ca\/International\/wp-json\/wp\/v2\/users\/1742"}],"replies":[{"embeddable":true,"href":"https:\/\/linitiative.ca\/International\/wp-json\/wp\/v2\/comments?post=112238"}],"version-history":[{"count":0,"href":"https:\/\/linitiative.ca\/International\/wp-json\/wp\/v2\/posts\/112238\/revisions"}],"wp:attachment":[{"href":"https:\/\/linitiative.ca\/International\/wp-json\/wp\/v2\/media?parent=112238"}],"wp:term":[{"taxonomy":"category","embeddable":true,"href":"https:\/\/linitiative.ca\/International\/wp-json\/wp\/v2\/categories?post=112238"},{"taxonomy":"post_tag","embeddable":true,"href":"https:\/\/linitiative.ca\/International\/wp-json\/wp\/v2\/tags?post=112238"}],"curies":[{"name":"wp","href":"https:\/\/api.w.org\/{rel}","templated":true}]}}