{"id":112240,"date":"2021-02-28T15:53:26","date_gmt":"2021-02-28T20:53:26","guid":{"rendered":"https:\/\/linitiative.ca\/International\/la-lutte-contre-la-violence-faite-aux-femmes-requiert-un-effort-collectif\/"},"modified":"2021-02-28T15:53:26","modified_gmt":"2021-02-28T20:53:26","slug":"la-lutte-contre-la-violence-faite-aux-femmes-requiert-un-effort-collectif","status":"publish","type":"post","link":"https:\/\/linitiative.ca\/International\/la-lutte-contre-la-violence-faite-aux-femmes-requiert-un-effort-collectif\/","title":{"rendered":"La lutte contre la violence faite aux femmes requiert un effort collectif"},"content":{"rendered":"<p class=\"c4\">Les participants \u00e0 une rencontre organis\u00e9e, dimanche \u00e0 Oujda par l\u2019Association nationale de d\u00e9veloppement social (ANDS), ont soulign\u00e9 l\u2019importance de la f\u00e9d\u00e9ration des efforts des diff\u00e9rents acteurs pour renforcer les actions de lutte contre la violence faite aux femmes et aux filles.<\/p>\n<p class=\"c4\">Ce ph\u00e9nom\u00e8ne requiert un effort collectif dans le cadre d\u2019une approche globale et int\u00e9gr\u00e9e, ont-ils indiqu\u00e9, estimant que la poursuite des actions de mobilisation, de sensibilisation et de conscientisation est n\u00e9cessaire pour r\u00e9duire le taux de pr\u00e9valence de la violence \u00e0 l\u2019\u00e9gard des femmes et renforcer la lutte contre toutes les formes de discrimination fond\u00e9es sur le genre.<\/p>\n<p class=\"c4\">Marqu\u00e9e par la pr\u00e9sentation du bilan des activit\u00e9s men\u00e9es dans ce sens par l\u2019ANDS dans le cadre du projet \u00abKafa\u00bb (Stop !), financ\u00e9 par l\u2019Union europ\u00e9enne dans le cadre du programme Moucharaka Mouwatina, la rencontre a mis l\u2019accent sur les cons\u00e9quences des actes de violence sur la sant\u00e9 physique, sexuelle et mentale des femmes et des filles, et sur la loi 103-13 relative aux violences faites aux femmes.<\/p>\n<p class=\"c4\">Les effets de la violence \u00e0 l\u2019\u00e9gard des femmes, qui est l\u2019une des formes de violations des droits humains les plus r\u00e9pandues dans le monde, sont multiples et peuvent \u00eatre imm\u00e9diates ou \u00e0 long terme, ont fait remarquer des intervenants, d\u00e9plorant le fait que la pand\u00e9mie du nouveau coronavirus (Covid-19) s\u2019est accompagn\u00e9e d\u2019une hausse des cas signal\u00e9s de violences domestiques \u00e0 l\u2019\u00e9gard des femmes.<\/p>\n<p class=\"c4\">La pr\u00e9sidente de l\u2019Association nationale de d\u00e9veloppement social (ANDS), Douayri Khadija a d\u00e9voil\u00e9 \u00e0 cette occasion les r\u00e9sultats d\u2019une \u00e9tude r\u00e9alis\u00e9e en juillet dernier au niveau de la ville d\u2019Oujda avec pour objectif de d\u00e9terminer l\u2019\u00e9tendue des connaissances des femmes et des hommes sur la loi 103-13 et ses implications en mati\u00e8re de protection et de sanction.<\/p>\n<p class=\"c4\">Selon elle, les r\u00e9sultats de cette \u00e9tude men\u00e9e aupr\u00e8s d\u2019un \u00e9chantillon de 60 personnes, dont 70 pc de femmes ont r\u00e9v\u00e9l\u00e9 que 72,9 pc des femmes ont subi des actes de violence, physique en particulier (70,3pc).<\/p>\n<p class=\"c4\">L\u2019\u00e9tude a montr\u00e9 aussi que 66,7 pc des cas de violence se sont produits au foyer conjugal et que seulement 34,7 pc des femmes violent\u00e9es ont eu recours \u00e0 la justice, a ajout\u00e9 Mme Douayri tout en mettent l\u2019accent sur les r\u00e9percussions de la violence notamment sur la sant\u00e9 psychique des femmes, en plus des effets \u00e9conomiques et sociaux.<\/p>\n<p class=\"c4\">Dans une d\u00e9claration \u00e0 la Map, la pr\u00e9sidente de l\u2019ANDS et professeur universitaire a expliqu\u00e9 que le projet \u00ab\u00a0Stop !\u00a0\u00bb entend soutenir les femmes et les prot\u00e9ger de toute violence en organisant plusieurs activit\u00e9s de sensibilisation afin de mettre en lumi\u00e8re la loi 103-13 relative \u00e0 la lutte contre la violence \u00e0 l\u2019\u00e9gard des femmes.<\/p>\n<p class=\"c4\">Elle a ajout\u00e9 que l\u2019association a organis\u00e9 une s\u00e9rie d\u2019activit\u00e9s, en mode virtuel dict\u00e9 par la Covid-19 ou en pr\u00e9sentiel, afin de sensibiliser et d\u2019informer sur le contenu de la loi 103-13, citant, entre autres actions, une conf\u00e9rence en ligne encadr\u00e9e par Khaled Kharraji, procureur adjoint du Roi et chef de la Cellule locale de soutien aux femmes et enfants victimes de violence au tribunal de premi\u00e8re instance d\u2019Oujda, et une session de formation au profit de 70 hommes et femmes.<\/p>\n<p class=\"c4\">D\u2019autres rencontres initi\u00e9es par l\u2019association ont port\u00e9 sur la mise en application effective des dispositions de la loi contre les violences faites aux femmes, et sur les cons\u00e9quences de la violence et la proc\u00e9dure de recours \u00e0 la justice.<\/p>\n<p class=\"c4\">De son c\u00f4t\u00e9, Benyounes Znasni, coordonnateur r\u00e9gional du Programme Moucharaka Mouwatina a indiqu\u00e9 que cette rencontre a permis de pr\u00e9senter le bilan du projet \u00ab\u00a0Kafa\u00a0\u00bb mis en \u0153uvre par l\u2019ANDS et financ\u00e9 par l\u2019Union europ\u00e9enne dans le cadre du Programme Moucharaka Mouwatina.<\/p>\n<p class=\"c4\">Il a rappel\u00e9 que ledit Programme vise \u00e0 soutenir les initiatives de la soci\u00e9t\u00e9 civile dans les domaines de la jeunesse, de l\u2019\u00e9galit\u00e9 et de l\u2019environnement dans quatre r\u00e9gions du Royaume (l\u2019Oriental, Casablanca-Settat, Souss-Massa et Tanger-T\u00e9touan-Al Hoceima), affirmant que le projet \u00ab\u00a0Kafa\u00a0\u00bb a enregistr\u00e9 d\u2019importants r\u00e9sultats en mati\u00e8re de lutte contre toutes les formes de violence \u00e0 l\u2019\u00e9gard des femmes et des filles.<\/p>\n<p>Auteur: Soufiane ELAHMAR<br \/>\n<a href=\"http:\/\/www.mapoujda.ma\/fr\/la-lutte-contre-la-violence-faite-aux-femmes-requiert-un-effort-collectif\/\">Cliquez ici pour lire l&rsquo;article depuis sa source.<\/a><\/p>\n","protected":false},"excerpt":{"rendered":"<p>Les participants \u00e0 une rencontre organis\u00e9e, dimanche \u00e0 Oujda par l\u2019Association nationale de d\u00e9veloppement social (ANDS), ont soulign\u00e9 l\u2019importance de la f\u00e9d\u00e9ration des efforts des diff\u00e9rents acteurs pour renforcer les actions de lutte contre la violence faite aux femmes et aux filles. Ce ph\u00e9nom\u00e8ne requiert un effort collectif dans le cadre d\u2019une approche globale et [&hellip;]<\/p>\n","protected":false},"author":1788,"featured_media":0,"comment_status":"closed","ping_status":"closed","sticky":false,"template":"","format":"standard","meta":{"fifu_image_url":"","fifu_image_alt":"","footnotes":""},"categories":[54,76],"tags":[],"class_list":["post-112240","post","type-post","status-publish","format-standard","hentry","category-maroc","category-regions"],"_links":{"self":[{"href":"https:\/\/linitiative.ca\/International\/wp-json\/wp\/v2\/posts\/112240","targetHints":{"allow":["GET"]}}],"collection":[{"href":"https:\/\/linitiative.ca\/International\/wp-json\/wp\/v2\/posts"}],"about":[{"href":"https:\/\/linitiative.ca\/International\/wp-json\/wp\/v2\/types\/post"}],"author":[{"embeddable":true,"href":"https:\/\/linitiative.ca\/International\/wp-json\/wp\/v2\/users\/1788"}],"replies":[{"embeddable":true,"href":"https:\/\/linitiative.ca\/International\/wp-json\/wp\/v2\/comments?post=112240"}],"version-history":[{"count":0,"href":"https:\/\/linitiative.ca\/International\/wp-json\/wp\/v2\/posts\/112240\/revisions"}],"wp:attachment":[{"href":"https:\/\/linitiative.ca\/International\/wp-json\/wp\/v2\/media?parent=112240"}],"wp:term":[{"taxonomy":"category","embeddable":true,"href":"https:\/\/linitiative.ca\/International\/wp-json\/wp\/v2\/categories?post=112240"},{"taxonomy":"post_tag","embeddable":true,"href":"https:\/\/linitiative.ca\/International\/wp-json\/wp\/v2\/tags?post=112240"}],"curies":[{"name":"wp","href":"https:\/\/api.w.org\/{rel}","templated":true}]}}