{"id":112241,"date":"2021-03-01T04:14:47","date_gmt":"2021-03-01T09:14:47","guid":{"rendered":"https:\/\/linitiative.ca\/International\/fortes-averses-orageuses-du-lundi-au-mercredi\/"},"modified":"2021-03-01T04:14:47","modified_gmt":"2021-03-01T09:14:47","slug":"fortes-averses-orageuses-du-lundi-au-mercredi","status":"publish","type":"post","link":"https:\/\/linitiative.ca\/International\/fortes-averses-orageuses-du-lundi-au-mercredi\/","title":{"rendered":"Fortes averses orageuses du lundi au mercredi"},"content":{"rendered":"<p class=\"c4\">De fortes averses orageuses sont attendues du lundi au mercredi dans plusieurs provinces du Royaume, a annonc\u00e9 lundi la Direction g\u00e9n\u00e9rale de la m\u00e9t\u00e9orologie (DGM).<\/p>\n<p class=\"c4\">Ainsi, de fortes averses orageuses de niveau de vigilance orange (40 \u00e0 70 mm) sont pr\u00e9vues du lundi \u00e0 11H00 au mardi \u00e0 12H00 dans les provinces d\u2019Al Hoceima, Chefchaouen, Fahs-Anjra, M\u2019Diq-Fnideq et T\u00e9touan, a pr\u00e9cis\u00e9 la DGM dans un bulletin m\u00e9t\u00e9orologique sp\u00e9cial.<\/p>\n<p class=\"c4\">Le m\u00eame ph\u00e9nom\u00e8ne (25 \u00e0 40 mm) concernera, du lundi \u00e0 13H00 au mardi \u00e0 04H00 les provinces d\u2019Al Haouz, Azilal, Berkane, Boulemane, Chichaoua, Driouch, Kel\u00e2a des Sraghna, F\u00e8s, Guercif, Jerada, K\u00e9nitra, Khemisset, Larache, Marrakech, Moulay Yacoub, Nador, Ouezzane, Oujda-Angad, Rehamna, Sefrou, Sidi Kacem, Sidi Slimane, Tanger-Assilah, Taounate, Taourirt et Taza, a ajout\u00e9 la m\u00eame source.<\/p>\n<p class=\"c4\">Ces averses (30 \u00e0 40 mm) int\u00e9resseront, du mardi \u00e0 12H00 au mercredi \u00e0 07H00, les provinces d\u2019Al Hoceima, Berkane, Driouch, Guercif, Jerada, Nador, Oujda-Angad, Taourirt et Taza, poursuit le bulletin.<\/p>\n<p class=\"c4\">En outre, des averses orageuses localement mod\u00e9r\u00e9es (15 \u00e0 25 mm) sont pr\u00e9vues, du lundi \u00e0 16H00 au mardi \u00e0 04H00, dans les provinces de B\u00e9ni Mellal, El Hajeb, Figuig, Fquih Ben Saleh, Ifrane, Kh\u00e9nifra, Khouribga, Meknes, Midelt, Rabat, Sal\u00e9, Settat et Skhirat-Temara.<\/p>\n<p class=\"c4\">Selon la Direction g\u00e9n\u00e9rale de la m\u00e9t\u00e9orologie, des rafales de vent assez fortes (60 \u00e0 70 km\/h) sont attendues ce lundi sur les provinces d\u2019Al Hoceima, Fahs-Anjra, M\u2019Diq-Fnideq, Nador, Tanger-Assilah et T\u00e9touan. Elle seront accompagn\u00e9es de gr\u00eale par endroits.<\/p>\n<p>Auteur: Soufiane ELAHMAR<br \/>\n<a href=\"http:\/\/www.mapoujda.ma\/fr\/fortes-averses-orageuses-du-lundi-au-mercredi\/\">Cliquez ici pour lire l&rsquo;article depuis sa source.<\/a><\/p>\n","protected":false},"excerpt":{"rendered":"<p>De fortes averses orageuses sont attendues du lundi au mercredi dans plusieurs provinces du Royaume, a annonc\u00e9 lundi la Direction g\u00e9n\u00e9rale de la m\u00e9t\u00e9orologie (DGM). Ainsi, de fortes averses orageuses de niveau de vigilance orange (40 \u00e0 70 mm) sont pr\u00e9vues du lundi \u00e0 11H00 au mardi \u00e0 12H00 dans les provinces d\u2019Al Hoceima, Chefchaouen, [&hellip;]<\/p>\n","protected":false},"author":1788,"featured_media":0,"comment_status":"closed","ping_status":"closed","sticky":false,"template":"","format":"standard","meta":{"fifu_image_url":"","fifu_image_alt":"","footnotes":""},"categories":[54,76],"tags":[],"class_list":["post-112241","post","type-post","status-publish","format-standard","hentry","category-maroc","category-regions"],"_links":{"self":[{"href":"https:\/\/linitiative.ca\/International\/wp-json\/wp\/v2\/posts\/112241","targetHints":{"allow":["GET"]}}],"collection":[{"href":"https:\/\/linitiative.ca\/International\/wp-json\/wp\/v2\/posts"}],"about":[{"href":"https:\/\/linitiative.ca\/International\/wp-json\/wp\/v2\/types\/post"}],"author":[{"embeddable":true,"href":"https:\/\/linitiative.ca\/International\/wp-json\/wp\/v2\/users\/1788"}],"replies":[{"embeddable":true,"href":"https:\/\/linitiative.ca\/International\/wp-json\/wp\/v2\/comments?post=112241"}],"version-history":[{"count":0,"href":"https:\/\/linitiative.ca\/International\/wp-json\/wp\/v2\/posts\/112241\/revisions"}],"wp:attachment":[{"href":"https:\/\/linitiative.ca\/International\/wp-json\/wp\/v2\/media?parent=112241"}],"wp:term":[{"taxonomy":"category","embeddable":true,"href":"https:\/\/linitiative.ca\/International\/wp-json\/wp\/v2\/categories?post=112241"},{"taxonomy":"post_tag","embeddable":true,"href":"https:\/\/linitiative.ca\/International\/wp-json\/wp\/v2\/tags?post=112241"}],"curies":[{"name":"wp","href":"https:\/\/api.w.org\/{rel}","templated":true}]}}